{"id":3159,"date":"2017-09-28T10:41:18","date_gmt":"2017-09-28T06:41:18","guid":{"rendered":"http:\/\/lycee-avirons.ac-reunion.fr\/?p=3159"},"modified":"2017-09-28T11:03:41","modified_gmt":"2017-09-28T07:03:41","slug":"j-14","status":"publish","type":"post","link":"https:\/\/etab.ac-reunion.fr\/lyc-antoine-de-saint-exupery\/j-14\/","title":{"rendered":"J &#8211; 14 !"},"content":{"rendered":"<p>&nbsp;<\/p>\n<p><span style=\"font-size: 16pt\"><strong>J-14 pour les Tale DNL Esp. !<\/strong><\/span><\/p>\n<p><span style=\"font-size: 14pt\">Et voil\u00e0, \u00e7\u00e0 approche\u00a0!!<\/span><!--more--><\/p>\n<p><span style=\"font-size: 14pt\">Ceci est le 1<sup>er<\/sup> article d\u2019un blog que nous essaierons (\u00e9l\u00e8ves + adultes) d\u2019alimenter r\u00e9guli\u00e8rement durant notre s\u00e9jour en Espagne afin de vous tenir au courant de la vie du groupe et de nos diverses activit\u00e9s.<\/span><\/p>\n<p>&nbsp;<\/p>\n<p><span style=\"font-size: 14pt\">Ci-dessous, un rappel du programme de ce voyage qu\u2019on esp\u00e8re merveilleux\u00a0!<\/span><\/p>\n<table>\n<tbody>\n<tr>\n<td width=\"83\">10\/10\/17<\/td>\n<td width=\"531\">Le jour J\u00a0!<\/p>\n<p>Rdv au lyc\u00e9e \u00e0 <strong>16H<\/strong> pour un d\u00e9part en bus \u00e0 16H20, direction Rolland-Garros.<\/p>\n<p><em>Les \u00e9l\u00e8ves qui le souhaitent pourront d\u00e9poser leurs bagages le matin dans les bureaux de la Gestion.<\/em><\/td>\n<\/tr>\n<tr>\n<td width=\"83\">11\/10\/17<\/td>\n<td width=\"531\">&nbsp;<\/p>\n<p>Apr\u00e8s un transfert d\u2019a\u00e9roports \u00e0 Paris, arriv\u00e9e \u00e0 Madrid-Barajas \u00e0 14h25 heure locale. Apr\u00e8s un transfert en bus vers le centre de Madrid, repos et balade dans le parc du Buen Retiro. 17H30\u00a0: visite du <strong>mus\u00e9e du Prado<\/strong>. 19H30\u00a0: prise en charge des familles d\u2019accueil.<\/td>\n<\/tr>\n<tr>\n<td width=\"83\">12\/10\/17<\/td>\n<td width=\"531\">&nbsp;<\/p>\n<p>&nbsp;<\/p>\n<p>Rdv \u00e0 8H30 au point de rencontre pour un transfert en bus vers le centre-ville de <strong>MADRID<\/strong>. \u00ab\u00a0Visite libre\u00a0\u00bb de la ville (<em>jeu de piste<\/em>) et, si possible (f\u00eate nationale espagnole), visite du mus\u00e9e de la Reina Sofia.<\/p>\n<p>20H00\u00a0: prise en charge des familles.<\/p>\n<p>&nbsp;<\/td>\n<\/tr>\n<tr>\n<td width=\"83\">13\/10\/17<\/td>\n<td width=\"531\">&nbsp;<\/p>\n<p>Rdv \u00e0 8H30. Transfert en bus al <strong>valle de los Ca\u00eddos<\/strong>. Visite pr\u00e9vue \u00e0 10H15. Pique-nique. 15H30\u00a0: visite de <strong>San Lorenzo del Escorial<\/strong>. 20H00\u00a0: prise en charge des familles.<\/p>\n<p>&nbsp;<\/td>\n<\/tr>\n<tr>\n<td width=\"83\">14\/10\/17<\/td>\n<td width=\"531\">&nbsp;<\/p>\n<p>Rdv \u00e0 8H00. Voyage en\u00a0 bus jusqu\u2019\u00e0 <strong>Toledo<\/strong> pour une \u00ab\u00a0visite libre\u00a0\u00bb de la ville\u00a0; puis poursuite du trajet jusqu\u2019\u00e0 Cordoue. 20H00\u00a0: prise en charge des familles.<\/p>\n<p>&nbsp;<\/td>\n<\/tr>\n<tr>\n<td width=\"83\">15\/10\/17<\/td>\n<td width=\"531\">&nbsp;<\/p>\n<p>&nbsp;<\/p>\n<p>Rdv \u00e0 8H30. <strong>CORDOUE<\/strong>\u00a0: visite de la Mosqu\u00e9e-cath\u00e9drale \u00e0 9H00\u00a0; temps libre dans la vieille ville\u00a0; 14H30\u00a0: visite de la Casa Sefarad\u00a0; 16H00\u00a0: visite de la Torre de la Calahorra\u00a0; 18H00\u00a0: tapas con flamenco\u00a0; 20H00\u00a0: prise en charge des familles.<\/p>\n<p>&nbsp;<\/td>\n<\/tr>\n<tr>\n<td width=\"83\">16\/10\/17<\/td>\n<td width=\"531\">&nbsp;<\/p>\n<p>&nbsp;<\/p>\n<p>Rdv \u00e0 8H30\u00a0; excursion \u00e0 <strong>SEVILLE<\/strong>. Visite de la cath\u00e9drale-Giralda \u00e0 11H30 puis du quartier de Santa Cruz\u00a0; pique-nique\u00a0; visite de la Real Maestranza \u00e0 14H50\u00a0; temps libre dans la ville\u00a0; retour \u00e0 Cordoue et prise en charge des familles \u00e0 20H00.<\/p>\n<p>&nbsp;<\/td>\n<\/tr>\n<tr>\n<td width=\"83\">17\/10\/17<\/td>\n<td width=\"531\">&nbsp;<\/p>\n<p>Rdv \u00e0 8H30\u00a0; excursion \u00e0 <strong>GRENADE<\/strong>. Visite de la vieille ville le matin\u00a0; apr\u00e8s-midi\u00a0: visite de l\u2019Alhambra. Retour \u00e0 Cordoue et prise en charge des familles \u00e0 20H00.<\/p>\n<p>&nbsp;<\/td>\n<\/tr>\n<tr>\n<td width=\"83\">18\/10\/17<\/td>\n<td width=\"531\">&nbsp;<\/p>\n<p>Rdv \u00e0 8H30\u00a0; adieu aux familles d\u2019accueil\u00a0; 10H00\u00a0: visite d\u2019un <strong>\u00e9levage de taureaux<\/strong>\u00a0; voyage en bus jusqu\u2019\u00e0 Madrid. 20H00\u00a0: prise en charge par les familles d\u2019accueil.<\/p>\n<p>&nbsp;<\/td>\n<\/tr>\n<tr>\n<td width=\"83\">19\/10\/17<\/td>\n<td width=\"531\">&nbsp;<\/p>\n<p>D\u00e9part \u00e0 9H00 pour l\u2019a\u00e9roport de Madrid-Barajas\u00a0; d\u00e9collage \u00e0 12H05.<\/p>\n<p>Paris\u00a0: d\u00e9collage \u00e0 21H00 pour St-Denis de la R\u00e9union<\/p>\n<p>&nbsp;<\/td>\n<\/tr>\n<tr>\n<td width=\"83\">20\/10\/17<\/td>\n<td width=\"531\">Arriv\u00e9e \u00e0 9H50 \u00e0 Rolland Garros. <em>Les \u00e9l\u00e8ves sont r\u00e9cup\u00e9r\u00e9s par leurs familles \u00e0 l\u2019a\u00e9roport.<\/em><\/td>\n<\/tr>\n<\/tbody>\n<\/table>\n","protected":false},"excerpt":{"rendered":"<p>&nbsp; J-14 pour les Tale DNL Esp. ! Et voil\u00e0, \u00e7\u00e0 approche\u00a0!!<\/p>\n","protected":false},"author":16003,"featured_media":3171,"comment_status":"closed","ping_status":"closed","sticky":false,"template":"","format":"standard","meta":{"footnotes":""},"categories":[127],"tags":[],"class_list":["post-3159","post","type-post","status-publish","format-standard","has-post-thumbnail","hentry","category-blog-du-voyage-en-espagne"],"_links":{"self":[{"href":"https:\/\/etab.ac-reunion.fr\/lyc-antoine-de-saint-exupery\/wp-json\/wp\/v2\/posts\/3159","targetHints":{"allow":["GET"]}}],"collection":[{"href":"https:\/\/etab.ac-reunion.fr\/lyc-antoine-de-saint-exupery\/wp-json\/wp\/v2\/posts"}],"about":[{"href":"https:\/\/etab.ac-reunion.fr\/lyc-antoine-de-saint-exupery\/wp-json\/wp\/v2\/types\/post"}],"author":[{"embeddable":true,"href":"https:\/\/etab.ac-reunion.fr\/lyc-antoine-de-saint-exupery\/wp-json\/wp\/v2\/users\/16003"}],"replies":[{"embeddable":true,"href":"https:\/\/etab.ac-reunion.fr\/lyc-antoine-de-saint-exupery\/wp-json\/wp\/v2\/comments?post=3159"}],"version-history":[{"count":8,"href":"https:\/\/etab.ac-reunion.fr\/lyc-antoine-de-saint-exupery\/wp-json\/wp\/v2\/posts\/3159\/revisions"}],"predecessor-version":[{"id":3172,"href":"https:\/\/etab.ac-reunion.fr\/lyc-antoine-de-saint-exupery\/wp-json\/wp\/v2\/posts\/3159\/revisions\/3172"}],"wp:featuredmedia":[{"embeddable":true,"href":"https:\/\/etab.ac-reunion.fr\/lyc-antoine-de-saint-exupery\/wp-json\/wp\/v2\/media\/3171"}],"wp:attachment":[{"href":"https:\/\/etab.ac-reunion.fr\/lyc-antoine-de-saint-exupery\/wp-json\/wp\/v2\/media?parent=3159"}],"wp:term":[{"taxonomy":"category","embeddable":true,"href":"https:\/\/etab.ac-reunion.fr\/lyc-antoine-de-saint-exupery\/wp-json\/wp\/v2\/categories?post=3159"},{"taxonomy":"post_tag","embeddable":true,"href":"https:\/\/etab.ac-reunion.fr\/lyc-antoine-de-saint-exupery\/wp-json\/wp\/v2\/tags?post=3159"}],"curies":[{"name":"wp","href":"https:\/\/api.w.org\/{rel}","templated":true}]}}