{"id":3177,"date":"2017-09-28T15:40:58","date_gmt":"2017-09-28T11:40:58","guid":{"rendered":"http:\/\/lycee-avirons.ac-reunion.fr\/?p=3177"},"modified":"2017-09-28T17:20:43","modified_gmt":"2017-09-28T13:20:43","slug":"quallons-nous-visiter","status":"publish","type":"post","link":"https:\/\/etab.ac-reunion.fr\/lyc-antoine-de-saint-exupery\/quallons-nous-visiter\/","title":{"rendered":"Qu&rsquo;allons-nous visiter ?"},"content":{"rendered":"<p><strong>Le mus\u00e9e du Prado<\/strong>\u00a0: c\u2019est un peu le \u00ab\u00a0Louvre espagnol\u00a0\u00bb. A voir entre autres\u00a0: les \u0153uvres de V\u00e9lasquez, de Goya et de Le Gr\u00e9co.<\/p>\n<p><strong>Le mus\u00e9e Reina Sofia<\/strong>\u00a0: Sofia est l\u2019\u00e9pouse de Juan Carlos 1<sup>er<\/sup>, p\u00e8re du roi actuel Felipe VI, et le mus\u00e9e est consacr\u00e9 \u00e0 l\u2019art moderne et contemporain. On peut y voir, entre autres, le c\u00e9l\u00e8bre <em>Guernica<\/em>.<\/p>\n<p><strong>El valle de los<\/strong> <strong>Ca\u00eddos<\/strong>\u00a0: monument controvers\u00e9 de l\u2019\u00e9poque franquiste ; un sujet d\u2019\u00e9tude du programme de Tale en DNL.<\/p>\n<p><strong>San Lorenzo del Escorial<\/strong> : ancienne r\u00e9sidence du roi d\u2019Espagne, devenue \u00e0 la fois monast\u00e8re, mus\u00e9e, biblioth\u00e8que et palais\u00a0; ce site est inscrit au patrimoine mondial de l\u2019Unesco depuis 1984.<\/p>\n<p><strong>Toledo<\/strong>\u00a0: ville multiculturelle \u00e0 l\u2019\u00e9poque d\u2019Al Andalus, cette cit\u00e9 m\u00e9di\u00e9vale est aujourd\u2019hui la capitale de la Communaut\u00e9 autonome de Castilla-La Mancha. La cidatelle poss\u00e8de un riche patrimoine architectural et culturel.<\/p>\n<p><strong>Cordoue<\/strong>\u00a0: class\u00e9e au patrimoine mondial de l\u2019Unesco depuis 1994, cette cit\u00e9 install\u00e9e sur les bords du fleuve Guadalquivir, en Andalousie, \u00e9tait la capitale du Califat de Cordoue au Xe si\u00e8cle. C\u2019est alors une des villes les plus peupl\u00e9es d\u2019Occident. On y travaillait le cuir (\u00ab\u00a0cordonnier\u00a0\u00bb vient du nom de la ville) et on y comptait plus de 600 mosqu\u00e9es. La plus grande d\u2019entre elles, <strong>la Mezquita<\/strong>, a subi les transformations des chr\u00e9tiens apr\u00e8s la Reconquista du XIIIe si\u00e8cle\u00a0: une cath\u00e9drale a \u00e9t\u00e9 \u00e9rig\u00e9e \u00e0 l\u2019int\u00e9rieur de la mosqu\u00e9e, rendant ce b\u00e2timent unique.<\/p>\n<p><strong>La casa Sefarad de Cordoue<\/strong>\u00a0: \u00a0une maison-mus\u00e9e\u00a0 priv\u00e9e situ\u00e9e dans la ville de Cordoue, consacr\u00e9e \u00e0 l&rsquo;histoire et \u00e0 la culture des juifs s\u00e9pharades \u00e0 Cordoue et dans sa r\u00e9gion.<\/p>\n<p><strong>La Torre de la Calahorra<\/strong>\u00a0: tour de d\u00e9fense m\u00e9di\u00e9vale, elle abrite actuellement le mus\u00e9e de Al-Andalus, consacr\u00e9 \u00e0 coexistence pacifique et enrichissante qui existait \u00e0 l\u2019\u00e9poque entre les trois cultures (juive, chr\u00e9tienne et musulmane).<\/p>\n<p><strong>S\u00e9ville<\/strong>\u00a0: capitale de la Communaut\u00e9 autonome de l\u2019Andalousie, travers\u00e9e par le Guadalquivir, la cit\u00e9 poss\u00e8de elle aussi un pass\u00e9 rattach\u00e9 \u00e0 la dynastie des Omeyyades, pr\u00e9sente pendant trois si\u00e8cles.<\/p>\n<p><strong>La Giralda<\/strong> est l&rsquo;ancien minaret de la grande mosqu\u00e9e de S\u00e9ville. Apr\u00e8s la reconqu\u00eate de la ville, la mosqu\u00e9e a \u00e9t\u00e9 convertie en cath\u00e9drale et la Giralda est devenue le clocher de ladite cath\u00e9drale.<\/p>\n<p><strong>La Real Maestranza<\/strong>\u00a0: les Ar\u00e8nes de S\u00e9ville\u00a0! Elles peuvent contenir 14 000 spectateurs.<\/p>\n<p><strong>Grenade <\/strong>: inscrite au patrimoine mondial de l\u2019Unesco, elle voit passer toutes les dynasties musulmanes de la p\u00e9ninsule ib\u00e9rique. C\u2019est la derni\u00e8re cit\u00e9 reprise par les Chr\u00e9tiens, en 1492, \u00e9tant ainsi le point de conclusion de la Reconquista. Elle abrite <strong>l\u2019Alhambra<\/strong>, qui ressemble \u00e0 un alcazar (palais musulman fortifi\u00e9) avec en son int\u00e9rieur palais et jardins raffin\u00e9s.<\/p>\n","protected":false},"excerpt":{"rendered":"<p>Le mus\u00e9e du Prado\u00a0: c\u2019est un peu le \u00ab\u00a0Louvre espagnol\u00a0\u00bb. A voir entre autres\u00a0: les \u0153uvres de V\u00e9lasquez, de Goya et de Le Gr\u00e9co. Le mus\u00e9e Reina Sofia\u00a0: Sofia est l\u2019\u00e9pouse de Juan Carlos 1er, p\u00e8re du roi actuel Felipe VI, et le mus\u00e9e est consacr\u00e9 \u00e0 l\u2019art moderne et contemporain. On peut y voir, [&hellip;]<\/p>\n","protected":false},"author":16003,"featured_media":3178,"comment_status":"closed","ping_status":"closed","sticky":false,"template":"","format":"standard","meta":{"footnotes":""},"categories":[127],"tags":[],"class_list":["post-3177","post","type-post","status-publish","format-standard","has-post-thumbnail","hentry","category-blog-du-voyage-en-espagne"],"_links":{"self":[{"href":"https:\/\/etab.ac-reunion.fr\/lyc-antoine-de-saint-exupery\/wp-json\/wp\/v2\/posts\/3177","targetHints":{"allow":["GET"]}}],"collection":[{"href":"https:\/\/etab.ac-reunion.fr\/lyc-antoine-de-saint-exupery\/wp-json\/wp\/v2\/posts"}],"about":[{"href":"https:\/\/etab.ac-reunion.fr\/lyc-antoine-de-saint-exupery\/wp-json\/wp\/v2\/types\/post"}],"author":[{"embeddable":true,"href":"https:\/\/etab.ac-reunion.fr\/lyc-antoine-de-saint-exupery\/wp-json\/wp\/v2\/users\/16003"}],"replies":[{"embeddable":true,"href":"https:\/\/etab.ac-reunion.fr\/lyc-antoine-de-saint-exupery\/wp-json\/wp\/v2\/comments?post=3177"}],"version-history":[{"count":3,"href":"https:\/\/etab.ac-reunion.fr\/lyc-antoine-de-saint-exupery\/wp-json\/wp\/v2\/posts\/3177\/revisions"}],"predecessor-version":[{"id":3191,"href":"https:\/\/etab.ac-reunion.fr\/lyc-antoine-de-saint-exupery\/wp-json\/wp\/v2\/posts\/3177\/revisions\/3191"}],"wp:featuredmedia":[{"embeddable":true,"href":"https:\/\/etab.ac-reunion.fr\/lyc-antoine-de-saint-exupery\/wp-json\/wp\/v2\/media\/3178"}],"wp:attachment":[{"href":"https:\/\/etab.ac-reunion.fr\/lyc-antoine-de-saint-exupery\/wp-json\/wp\/v2\/media?parent=3177"}],"wp:term":[{"taxonomy":"category","embeddable":true,"href":"https:\/\/etab.ac-reunion.fr\/lyc-antoine-de-saint-exupery\/wp-json\/wp\/v2\/categories?post=3177"},{"taxonomy":"post_tag","embeddable":true,"href":"https:\/\/etab.ac-reunion.fr\/lyc-antoine-de-saint-exupery\/wp-json\/wp\/v2\/tags?post=3177"}],"curies":[{"name":"wp","href":"https:\/\/api.w.org\/{rel}","templated":true}]}}