{"id":3292,"date":"2017-10-15T23:59:29","date_gmt":"2017-10-15T19:59:29","guid":{"rendered":"http:\/\/lycee-avirons.ac-reunion.fr\/?p=3292"},"modified":"2017-10-15T23:59:29","modified_gmt":"2017-10-15T19:59:29","slug":"j3-madrid","status":"publish","type":"post","link":"https:\/\/etab.ac-reunion.fr\/lyc-antoine-de-saint-exupery\/j3-madrid\/","title":{"rendered":"J3 : MADRID"},"content":{"rendered":"<p>2\u00e8me journ\u00e9e \u00e0 Madrid et ses alentours. Voici la journ\u00e9e telle qu&rsquo;elle a \u00e9t\u00e9 v\u00e9cue par Beno\u00eet et Lucas :<\/p>\n<div><em>Ce matin nous sommee arrivee a 9h20 devant le musee a visiter mais il ouvrait seulement a 10h.Donc nous sommes partis dans un bar acheter un ptit dej pour faire passer le temps<\/em><\/div>\n<div><em><img \/><\/em><\/div>\n<div><em>10h11: arrivee a el valle de los ca\u00efdos<\/em><\/div>\n<div><img loading=\"lazy\" decoding=\"async\" class=\"alignnone size-medium wp-image-3296\" src=\"https:\/\/etab.ac-reunion.fr\/lyc-antoine-de-saint-exupery\/wp-content\/uploads\/sites\/59\/2017\/10\/20171013_104422-169x300.jpg\" alt=\"\" width=\"169\" height=\"300\" srcset=\"https:\/\/etab.ac-reunion.fr\/lyc-antoine-de-saint-exupery\/wp-content\/uploads\/sites\/59\/2017\/10\/20171013_104422-169x300.jpg 169w, https:\/\/etab.ac-reunion.fr\/lyc-antoine-de-saint-exupery\/wp-content\/uploads\/sites\/59\/2017\/10\/20171013_104422-576x1024.jpg 576w\" sizes=\"auto, (max-width: 169px) 100vw, 169px\" \/><\/div>\n<div><em>Nous avons visit\u00e9 la basilique avec de magnifiques d\u00e9corations religieuses.Mais nous n&rsquo;avons pas pu visiter la totalit\u00e9 de la basilique car il y avait la messe a 11h et il \u00e9tait 10h50.La gardienne ne nous a pas laiss\u00e9e voir l\u2019autel car la messe allait commencer. Certains ont quand m\u00eame pu voir la tombe de Francisco Franco, orn\u00e9e de fleurs fra\u00eeches&#8230;<\/em><\/div>\n<div><em>Puis nous sommes partis pique niquer dans un parc vers 12h15-12h30. Apres avoir mang\u00e9 nos sandwichs sur des bancs.<\/em><\/div>\n<div><em>Nous avons ensuite entam\u00e9 la visite del escorial qui est un palais royal de 13h30 a 15h30.<\/em><\/div>\n<div><img loading=\"lazy\" decoding=\"async\" class=\"alignnone size-medium wp-image-3297\" src=\"https:\/\/etab.ac-reunion.fr\/lyc-antoine-de-saint-exupery\/wp-content\/uploads\/sites\/59\/2017\/10\/20171014_121237_Pano-300x195.jpg\" alt=\"\" width=\"300\" height=\"195\" srcset=\"https:\/\/etab.ac-reunion.fr\/lyc-antoine-de-saint-exupery\/wp-content\/uploads\/sites\/59\/2017\/10\/20171014_121237_Pano-300x195.jpg 300w, https:\/\/etab.ac-reunion.fr\/lyc-antoine-de-saint-exupery\/wp-content\/uploads\/sites\/59\/2017\/10\/20171014_121237_Pano-1024x665.jpg 1024w, https:\/\/etab.ac-reunion.fr\/lyc-antoine-de-saint-exupery\/wp-content\/uploads\/sites\/59\/2017\/10\/20171014_121237_Pano-248x162.jpg 248w, https:\/\/etab.ac-reunion.fr\/lyc-antoine-de-saint-exupery\/wp-content\/uploads\/sites\/59\/2017\/10\/20171014_121237_Pano-207x136.jpg 207w, https:\/\/etab.ac-reunion.fr\/lyc-antoine-de-saint-exupery\/wp-content\/uploads\/sites\/59\/2017\/10\/20171014_121237_Pano-260x170.jpg 260w\" sizes=\"auto, (max-width: 300px) 100vw, 300px\" \/><\/div>\n<div><em>Puis nous avons repris le bus en direction de callao au centre ville ou nous avons fait apr\u00e8s midi shopping.<\/em><\/div>\n<div><em>Enfin, tout le monde est rentre chez eux retrouver leur famille.<\/em><\/div>\n<div><\/div>\n<div><em>On a aim\u00e9 la journ\u00e9e car on avait \u00e9tudi\u00e9 el valle de los caidos en cours et on l\u2019a vu en vrai ce fut vraiment impressionnant et imposant.<\/em><\/div>\n<div><em>Par contre la visite del escorial fut un peu longue mais agr\u00e9able.<\/em><\/div>\n<div><em>Mais le meilleur moment restera quand m\u00eame l\u2019apr\u00e8s midi quartier libre dans Madrid!!!<\/em><\/div>\n<p>A demain pour de nouvelles d\u00e9couvertes !<\/p>\n","protected":false},"excerpt":{"rendered":"<p>2\u00e8me journ\u00e9e \u00e0 Madrid et ses alentours. Voici la journ\u00e9e telle qu&rsquo;elle a \u00e9t\u00e9 v\u00e9cue par Beno\u00eet et Lucas : Ce matin nous sommee arrivee a 9h20 devant le musee a visiter mais il ouvrait seulement a 10h.Donc nous sommes partis dans un bar acheter un ptit dej pour faire passer le temps 10h11: arrivee [&hellip;]<\/p>\n","protected":false},"author":16003,"featured_media":3293,"comment_status":"closed","ping_status":"closed","sticky":false,"template":"","format":"standard","meta":{"footnotes":""},"categories":[127],"tags":[],"class_list":["post-3292","post","type-post","status-publish","format-standard","has-post-thumbnail","hentry","category-blog-du-voyage-en-espagne"],"_links":{"self":[{"href":"https:\/\/etab.ac-reunion.fr\/lyc-antoine-de-saint-exupery\/wp-json\/wp\/v2\/posts\/3292","targetHints":{"allow":["GET"]}}],"collection":[{"href":"https:\/\/etab.ac-reunion.fr\/lyc-antoine-de-saint-exupery\/wp-json\/wp\/v2\/posts"}],"about":[{"href":"https:\/\/etab.ac-reunion.fr\/lyc-antoine-de-saint-exupery\/wp-json\/wp\/v2\/types\/post"}],"author":[{"embeddable":true,"href":"https:\/\/etab.ac-reunion.fr\/lyc-antoine-de-saint-exupery\/wp-json\/wp\/v2\/users\/16003"}],"replies":[{"embeddable":true,"href":"https:\/\/etab.ac-reunion.fr\/lyc-antoine-de-saint-exupery\/wp-json\/wp\/v2\/comments?post=3292"}],"version-history":[{"count":2,"href":"https:\/\/etab.ac-reunion.fr\/lyc-antoine-de-saint-exupery\/wp-json\/wp\/v2\/posts\/3292\/revisions"}],"predecessor-version":[{"id":3298,"href":"https:\/\/etab.ac-reunion.fr\/lyc-antoine-de-saint-exupery\/wp-json\/wp\/v2\/posts\/3292\/revisions\/3298"}],"wp:featuredmedia":[{"embeddable":true,"href":"https:\/\/etab.ac-reunion.fr\/lyc-antoine-de-saint-exupery\/wp-json\/wp\/v2\/media\/3293"}],"wp:attachment":[{"href":"https:\/\/etab.ac-reunion.fr\/lyc-antoine-de-saint-exupery\/wp-json\/wp\/v2\/media?parent=3292"}],"wp:term":[{"taxonomy":"category","embeddable":true,"href":"https:\/\/etab.ac-reunion.fr\/lyc-antoine-de-saint-exupery\/wp-json\/wp\/v2\/categories?post=3292"},{"taxonomy":"post_tag","embeddable":true,"href":"https:\/\/etab.ac-reunion.fr\/lyc-antoine-de-saint-exupery\/wp-json\/wp\/v2\/tags?post=3292"}],"curies":[{"name":"wp","href":"https:\/\/api.w.org\/{rel}","templated":true}]}}