{"id":3317,"date":"2017-10-18T03:22:41","date_gmt":"2017-10-17T23:22:41","guid":{"rendered":"http:\/\/lycee-avirons.ac-reunion.fr\/?p=3317"},"modified":"2017-10-18T03:22:41","modified_gmt":"2017-10-17T23:22:41","slug":"j-6-seville","status":"publish","type":"post","link":"https:\/\/etab.ac-reunion.fr\/lyc-antoine-de-saint-exupery\/j-6-seville\/","title":{"rendered":"J-6 : SEVILLE"},"content":{"rendered":"<div dir=\"auto\"><em>Aujourd&rsquo;hui, nous sommes partis visiter S\u00e9ville. <\/em><\/div>\n<div dir=\"auto\"><img loading=\"lazy\" decoding=\"async\" class=\"alignnone size-medium wp-image-3322\" src=\"https:\/\/etab.ac-reunion.fr\/lyc-antoine-de-saint-exupery\/wp-content\/uploads\/sites\/59\/2017\/10\/20171016_103707_HDR-300x169.jpg\" alt=\"\" width=\"300\" height=\"169\" srcset=\"https:\/\/etab.ac-reunion.fr\/lyc-antoine-de-saint-exupery\/wp-content\/uploads\/sites\/59\/2017\/10\/20171016_103707_HDR-300x169.jpg 300w, https:\/\/etab.ac-reunion.fr\/lyc-antoine-de-saint-exupery\/wp-content\/uploads\/sites\/59\/2017\/10\/20171016_103707_HDR-1024x576.jpg 1024w, https:\/\/etab.ac-reunion.fr\/lyc-antoine-de-saint-exupery\/wp-content\/uploads\/sites\/59\/2017\/10\/20171016_103707_HDR-95x54.jpg 95w\" sizes=\"auto, (max-width: 300px) 100vw, 300px\" \/><\/div>\n<div dir=\"auto\"><em>Nous avons tout d&rsquo;abord visit\u00e9 le quartier juif qui est magnifique, compos\u00e9 de petites ruelles aux belles couleurs ocre, rouge, jaune et blanc.<\/em><\/div>\n<div dir=\"auto\"><em>Ensuite, avec un guide, nous avons visit\u00e9 la Giralda, la principale cath\u00e9drale de la ville. <\/em><\/div>\n<div dir=\"auto\"><img loading=\"lazy\" decoding=\"async\" class=\"alignnone size-medium wp-image-3320\" src=\"https:\/\/etab.ac-reunion.fr\/lyc-antoine-de-saint-exupery\/wp-content\/uploads\/sites\/59\/2017\/10\/20171016_122810-169x300.jpg\" alt=\"\" width=\"169\" height=\"300\" srcset=\"https:\/\/etab.ac-reunion.fr\/lyc-antoine-de-saint-exupery\/wp-content\/uploads\/sites\/59\/2017\/10\/20171016_122810-169x300.jpg 169w, https:\/\/etab.ac-reunion.fr\/lyc-antoine-de-saint-exupery\/wp-content\/uploads\/sites\/59\/2017\/10\/20171016_122810-576x1024.jpg 576w\" sizes=\"auto, (max-width: 169px) 100vw, 169px\" \/><\/div>\n<div dir=\"auto\"><em>Nous avons m\u00eame vu la tombe de Cristophe Colomb, qui est impressionnante. <\/em><\/div>\n<div dir=\"auto\"><img loading=\"lazy\" decoding=\"async\" class=\"alignnone size-medium wp-image-3321\" src=\"https:\/\/etab.ac-reunion.fr\/lyc-antoine-de-saint-exupery\/wp-content\/uploads\/sites\/59\/2017\/10\/colon-169x300.jpg\" alt=\"\" width=\"169\" height=\"300\" srcset=\"https:\/\/etab.ac-reunion.fr\/lyc-antoine-de-saint-exupery\/wp-content\/uploads\/sites\/59\/2017\/10\/colon-169x300.jpg 169w, https:\/\/etab.ac-reunion.fr\/lyc-antoine-de-saint-exupery\/wp-content\/uploads\/sites\/59\/2017\/10\/colon-576x1024.jpg 576w\" sizes=\"auto, (max-width: 169px) 100vw, 169px\" \/><\/div>\n<div dir=\"auto\"><em>Commence ensuite l&rsquo;ascension de la tour de la Giralda : 35 rampes \u00e0 monter dans la chaleur ! Cependant, la vue fut magnifique et impressionnante.\u00a0<\/em><\/div>\n<div dir=\"auto\"><em>Apr\u00e8s, nous avons d\u00e9jeun\u00e9 dans une petite place typique de l&rsquo;Andalousie, avec des bancs de mosa\u00efque. Nous avons m\u00eame vu un groupe de fran\u00e7ais passer.<\/em><\/div>\n<div dir=\"auto\"><em>Apr\u00e8s manger, nous avons visit\u00e9 l&rsquo;ar\u00e8ne de la Corrida, avec le mus\u00e9e en m\u00eame temps.<\/em><\/div>\n<div dir=\"auto\"><img loading=\"lazy\" decoding=\"async\" class=\"alignnone size-medium wp-image-3319\" src=\"https:\/\/etab.ac-reunion.fr\/lyc-antoine-de-saint-exupery\/wp-content\/uploads\/sites\/59\/2017\/10\/palza-de-toros-300x82.jpg\" alt=\"\" width=\"300\" height=\"82\" srcset=\"https:\/\/etab.ac-reunion.fr\/lyc-antoine-de-saint-exupery\/wp-content\/uploads\/sites\/59\/2017\/10\/palza-de-toros-300x82.jpg 300w, https:\/\/etab.ac-reunion.fr\/lyc-antoine-de-saint-exupery\/wp-content\/uploads\/sites\/59\/2017\/10\/palza-de-toros-1024x279.jpg 1024w\" sizes=\"auto, (max-width: 300px) 100vw, 300px\" \/><\/div>\n<div dir=\"auto\"><em>Nous avons ensuite eu notre temps libre ( 2 h 30 ) pour faire ce que l&rsquo;on voulait dans la ville, principalement pour faire les boutiques. Nous avons d\u00fb marcher pour aller au centre-ville, et nous \u00e9tions divis\u00e9s en petits groupes. Cependant, nous pensons que le temps accord\u00e9 fut un peu court ( il n&rsquo;y a jamais assez de temps pour faire les boutiques!), \u00e9tant donn\u00e9 que nous devions traverser une bonne partie de la ville pour aller au lieu de rendez-vous, \u00e0 savoir la Plaza de Espa\u00f1a.<\/em><\/div>\n<div dir=\"auto\"><em>Enfin, petite surprise ! Gr\u00e2ce au travail de madame Cadalbert et madame Constantin qui ont vendu des sacs, une partie de la classe ira manger des tapas \u00e0 Cordoue avec les professeurs, l&rsquo;autre moiti\u00e9 ira manger demain. Un grand merci aux professeurs au nom de toute la classe !\u00a0<\/em><\/div>\n<div dir=\"auto\"><\/div>\n<div dir=\"auto\">\u00a0 \u00a0 \u00a0 Anouck, Leeloo et Mai Anh<\/div>\n","protected":false},"excerpt":{"rendered":"<p>Aujourd&rsquo;hui, nous sommes partis visiter S\u00e9ville. Nous avons tout d&rsquo;abord visit\u00e9 le quartier juif qui est magnifique, compos\u00e9 de petites ruelles aux belles couleurs ocre, rouge, jaune et blanc. Ensuite, avec un guide, nous avons visit\u00e9 la Giralda, la principale cath\u00e9drale de la ville. Nous avons m\u00eame vu la tombe de Cristophe Colomb, qui est [&hellip;]<\/p>\n","protected":false},"author":16003,"featured_media":3318,"comment_status":"closed","ping_status":"closed","sticky":false,"template":"","format":"standard","meta":{"footnotes":""},"categories":[127],"tags":[],"class_list":["post-3317","post","type-post","status-publish","format-standard","has-post-thumbnail","hentry","category-blog-du-voyage-en-espagne"],"_links":{"self":[{"href":"https:\/\/etab.ac-reunion.fr\/lyc-antoine-de-saint-exupery\/wp-json\/wp\/v2\/posts\/3317","targetHints":{"allow":["GET"]}}],"collection":[{"href":"https:\/\/etab.ac-reunion.fr\/lyc-antoine-de-saint-exupery\/wp-json\/wp\/v2\/posts"}],"about":[{"href":"https:\/\/etab.ac-reunion.fr\/lyc-antoine-de-saint-exupery\/wp-json\/wp\/v2\/types\/post"}],"author":[{"embeddable":true,"href":"https:\/\/etab.ac-reunion.fr\/lyc-antoine-de-saint-exupery\/wp-json\/wp\/v2\/users\/16003"}],"replies":[{"embeddable":true,"href":"https:\/\/etab.ac-reunion.fr\/lyc-antoine-de-saint-exupery\/wp-json\/wp\/v2\/comments?post=3317"}],"version-history":[{"count":1,"href":"https:\/\/etab.ac-reunion.fr\/lyc-antoine-de-saint-exupery\/wp-json\/wp\/v2\/posts\/3317\/revisions"}],"predecessor-version":[{"id":3323,"href":"https:\/\/etab.ac-reunion.fr\/lyc-antoine-de-saint-exupery\/wp-json\/wp\/v2\/posts\/3317\/revisions\/3323"}],"wp:featuredmedia":[{"embeddable":true,"href":"https:\/\/etab.ac-reunion.fr\/lyc-antoine-de-saint-exupery\/wp-json\/wp\/v2\/media\/3318"}],"wp:attachment":[{"href":"https:\/\/etab.ac-reunion.fr\/lyc-antoine-de-saint-exupery\/wp-json\/wp\/v2\/media?parent=3317"}],"wp:term":[{"taxonomy":"category","embeddable":true,"href":"https:\/\/etab.ac-reunion.fr\/lyc-antoine-de-saint-exupery\/wp-json\/wp\/v2\/categories?post=3317"},{"taxonomy":"post_tag","embeddable":true,"href":"https:\/\/etab.ac-reunion.fr\/lyc-antoine-de-saint-exupery\/wp-json\/wp\/v2\/tags?post=3317"}],"curies":[{"name":"wp","href":"https:\/\/api.w.org\/{rel}","templated":true}]}}