{"id":4440,"date":"2019-10-02T11:31:41","date_gmt":"2019-10-02T07:31:41","guid":{"rendered":"http:\/\/lycee-avirons.ac-reunion.fr\/?p=4440"},"modified":"2019-10-08T08:05:17","modified_gmt":"2019-10-08T04:05:17","slug":"blog-du-voyage-en-espagne-du-06-10-2019-au-17-10-2019","status":"publish","type":"post","link":"https:\/\/etab.ac-reunion.fr\/lyc-antoine-de-saint-exupery\/blog-du-voyage-en-espagne-du-06-10-2019-au-17-10-2019\/","title":{"rendered":"Blog du voyage en Espagne du 06\/10\/2019 au 17\/10\/2019 (Valence)"},"content":{"rendered":"<p>\n<!--StartFragment--><\/p>\n\n\n<p> Cette ann\u00e9e la Section Espagnol du Lyc\u00e9e Antoine de St Exup\u00e9ry effectue un voyage en Espagne du 06\/10\/2019 au 17\/10\/2019. <\/p>\n\n\n\n<p>Ils seront accompagn\u00e9s de Mmes CONSTANTIN Marinka, CADALBERT Sylvie et de M. MARTIN RUIZ Xavier.<br \/><br \/> Suivez donc cette \u00e9pop\u00e9e sur le site du Lyc\u00e9e en suivant le blog sp\u00e9cialement pr\u00e9vu \u00e0 cet effet: <\/p>\n\n\n<p><!--EndFragment--><\/p>","protected":false},"excerpt":{"rendered":"<p>Cette ann\u00e9e la Section Espagnol du Lyc\u00e9e Antoine de St Exup\u00e9ry effectue un voyage en Espagne du 06\/10\/2019 au 17\/10\/2019. Ils seront accompagn\u00e9s de Mmes CONSTANTIN Marinka, CADALBERT Sylvie et de M. MARTIN RUIZ Xavier. Suivez donc cette \u00e9pop\u00e9e sur le site du Lyc\u00e9e en suivant le blog sp\u00e9cialement pr\u00e9vu \u00e0 cet effet:<\/p>\n","protected":false},"author":23092,"featured_media":4436,"comment_status":"closed","ping_status":"closed","sticky":false,"template":"","format":"standard","meta":{"footnotes":""},"categories":[130],"tags":[],"class_list":["post-4440","post","type-post","status-publish","format-standard","has-post-thumbnail","hentry","category-voyage-a-valence-2019"],"_links":{"self":[{"href":"https:\/\/etab.ac-reunion.fr\/lyc-antoine-de-saint-exupery\/wp-json\/wp\/v2\/posts\/4440","targetHints":{"allow":["GET"]}}],"collection":[{"href":"https:\/\/etab.ac-reunion.fr\/lyc-antoine-de-saint-exupery\/wp-json\/wp\/v2\/posts"}],"about":[{"href":"https:\/\/etab.ac-reunion.fr\/lyc-antoine-de-saint-exupery\/wp-json\/wp\/v2\/types\/post"}],"author":[{"embeddable":true,"href":"https:\/\/etab.ac-reunion.fr\/lyc-antoine-de-saint-exupery\/wp-json\/wp\/v2\/users\/23092"}],"replies":[{"embeddable":true,"href":"https:\/\/etab.ac-reunion.fr\/lyc-antoine-de-saint-exupery\/wp-json\/wp\/v2\/comments?post=4440"}],"version-history":[{"count":3,"href":"https:\/\/etab.ac-reunion.fr\/lyc-antoine-de-saint-exupery\/wp-json\/wp\/v2\/posts\/4440\/revisions"}],"predecessor-version":[{"id":4475,"href":"https:\/\/etab.ac-reunion.fr\/lyc-antoine-de-saint-exupery\/wp-json\/wp\/v2\/posts\/4440\/revisions\/4475"}],"wp:featuredmedia":[{"embeddable":true,"href":"https:\/\/etab.ac-reunion.fr\/lyc-antoine-de-saint-exupery\/wp-json\/wp\/v2\/media\/4436"}],"wp:attachment":[{"href":"https:\/\/etab.ac-reunion.fr\/lyc-antoine-de-saint-exupery\/wp-json\/wp\/v2\/media?parent=4440"}],"wp:term":[{"taxonomy":"category","embeddable":true,"href":"https:\/\/etab.ac-reunion.fr\/lyc-antoine-de-saint-exupery\/wp-json\/wp\/v2\/categories?post=4440"},{"taxonomy":"post_tag","embeddable":true,"href":"https:\/\/etab.ac-reunion.fr\/lyc-antoine-de-saint-exupery\/wp-json\/wp\/v2\/tags?post=4440"}],"curies":[{"name":"wp","href":"https:\/\/api.w.org\/{rel}","templated":true}]}}