{"id":4686,"date":"2019-11-16T19:20:13","date_gmt":"2019-11-16T15:20:13","guid":{"rendered":"http:\/\/lycee-avirons.ac-reunion.fr\/?p=4686"},"modified":"2019-11-18T07:51:29","modified_gmt":"2019-11-18T03:51:29","slug":"dernier-jour-a-melilla","status":"publish","type":"post","link":"https:\/\/etab.ac-reunion.fr\/lyc-antoine-de-saint-exupery\/dernier-jour-a-melilla\/","title":{"rendered":"Dernier jour \u00e0 Melilla"},"content":{"rendered":"\n<p>C\u2019est notre dernier jour \u00e0 melilla. Notre s\u00e9jour prend fin.<br \/> Le c\u0153ur lourd, les larmes aux yeux, et les l\u00e8vres qui tremblent. C\u2019est avec grande tristesse que nous prenons l\u2019avion demain. Le temps nous a rattrap\u00e9, et il est temps de dire au revoir \u00e0 notre famille d\u2019accueil et aux gens qui nous ont accompagn\u00e9 tout le long du voyage. <br \/> La journ\u00e9e a \u00e9t\u00e9 pleine d\u2019\u00e9motion, les sentiments s\u2019entrem\u00ealent. <br \/> All\u00e9gresse, euphorie, et gaiet\u00e9 d\u2019un c\u00f4t\u00e9, puis d\u2019un autre c\u00f4t\u00e9, la nostalgie prend place et la tristesse appara\u00eet. <br \/> Nos dipl\u00f4mes nous sont remis, les au revoir sont dit \u00e0 la plupart des personnes, et notre dernier jour prend fin.<br \/>Amandine<\/p>\n\n\n\n<figure class=\"wp-block-image size-large\"><img loading=\"lazy\" decoding=\"async\" width=\"750\" height=\"551\" src=\"https:\/\/etab.ac-reunion.fr\/lyc-antoine-de-saint-exupery\/wp-content\/uploads\/sites\/59\/2019\/11\/8C593C61-C8DA-4806-A87D-8B57C33A93E8.jpeg\" alt=\"\" class=\"wp-image-4687\" srcset=\"https:\/\/etab.ac-reunion.fr\/lyc-antoine-de-saint-exupery\/wp-content\/uploads\/sites\/59\/2019\/11\/8C593C61-C8DA-4806-A87D-8B57C33A93E8.jpeg 750w, https:\/\/etab.ac-reunion.fr\/lyc-antoine-de-saint-exupery\/wp-content\/uploads\/sites\/59\/2019\/11\/8C593C61-C8DA-4806-A87D-8B57C33A93E8-300x220.jpeg 300w\" sizes=\"auto, (max-width: 750px) 100vw, 750px\" \/><\/figure>\n","protected":false},"excerpt":{"rendered":"<p>C\u2019est notre dernier jour \u00e0 melilla. Notre s\u00e9jour prend fin. Le c\u0153ur lourd, les larmes aux yeux, et les l\u00e8vres qui tremblent. C\u2019est avec grande tristesse que nous prenons l\u2019avion demain. Le temps nous a rattrap\u00e9, et il est temps de dire au revoir \u00e0 notre famille d\u2019accueil et aux gens qui nous ont accompagn\u00e9 [&hellip;]<\/p>\n","protected":false},"author":23996,"featured_media":0,"comment_status":"closed","ping_status":"closed","sticky":false,"template":"","format":"standard","meta":{"footnotes":""},"categories":[133],"tags":[],"class_list":["post-4686","post","type-post","status-publish","format-standard","hentry","category-blog-voyage-erasmus-melilla"],"_links":{"self":[{"href":"https:\/\/etab.ac-reunion.fr\/lyc-antoine-de-saint-exupery\/wp-json\/wp\/v2\/posts\/4686","targetHints":{"allow":["GET"]}}],"collection":[{"href":"https:\/\/etab.ac-reunion.fr\/lyc-antoine-de-saint-exupery\/wp-json\/wp\/v2\/posts"}],"about":[{"href":"https:\/\/etab.ac-reunion.fr\/lyc-antoine-de-saint-exupery\/wp-json\/wp\/v2\/types\/post"}],"author":[{"embeddable":true,"href":"https:\/\/etab.ac-reunion.fr\/lyc-antoine-de-saint-exupery\/wp-json\/wp\/v2\/users\/23996"}],"replies":[{"embeddable":true,"href":"https:\/\/etab.ac-reunion.fr\/lyc-antoine-de-saint-exupery\/wp-json\/wp\/v2\/comments?post=4686"}],"version-history":[{"count":1,"href":"https:\/\/etab.ac-reunion.fr\/lyc-antoine-de-saint-exupery\/wp-json\/wp\/v2\/posts\/4686\/revisions"}],"predecessor-version":[{"id":4688,"href":"https:\/\/etab.ac-reunion.fr\/lyc-antoine-de-saint-exupery\/wp-json\/wp\/v2\/posts\/4686\/revisions\/4688"}],"wp:attachment":[{"href":"https:\/\/etab.ac-reunion.fr\/lyc-antoine-de-saint-exupery\/wp-json\/wp\/v2\/media?parent=4686"}],"wp:term":[{"taxonomy":"category","embeddable":true,"href":"https:\/\/etab.ac-reunion.fr\/lyc-antoine-de-saint-exupery\/wp-json\/wp\/v2\/categories?post=4686"},{"taxonomy":"post_tag","embeddable":true,"href":"https:\/\/etab.ac-reunion.fr\/lyc-antoine-de-saint-exupery\/wp-json\/wp\/v2\/tags?post=4686"}],"curies":[{"name":"wp","href":"https:\/\/api.w.org\/{rel}","templated":true}]}}