{"id":5559,"date":"2020-11-26T16:17:32","date_gmt":"2020-11-26T12:17:32","guid":{"rendered":"http:\/\/lycee-avirons.ac-reunion.fr\/?p=5559"},"modified":"2020-11-30T15:21:35","modified_gmt":"2020-11-30T11:21:35","slug":"unss-raid-multi-activites-et-randonnee-sportive","status":"publish","type":"post","link":"https:\/\/etab.ac-reunion.fr\/lyc-antoine-de-saint-exupery\/unss-raid-multi-activites-et-randonnee-sportive\/","title":{"rendered":"UNSS Raid multi activit\u00e9s et randonn\u00e9e sportive"},"content":{"rendered":"\n<h1 class=\"has-text-align-center wp-block-heading\"><span class=\"has-inline-color has-luminous-vivid-amber-color\">UNSS Raid multi activit\u00e9s <\/span><br \/><span class=\"has-inline-color has-luminous-vivid-amber-color\">et randonn\u00e9e sportive<\/span><\/h1>\n\n\n\n<p><\/p>\n\n\n\n<p class=\"has-drop-cap has-normal-font-size\">Du nouveau cette ann\u00e9e avec l&rsquo;ouverture du section Raid UNSS au sein du lyc\u00e9e des Avirons.  Depuis le d\u00e9but de l&rsquo;ann\u00e9e nous nous retrouvons dans la for\u00eat d\u2019\u00c9tang Sal\u00e9 le mercredi apr\u00e8s midi pour des entrainement de Trail, de VTT et de course d&rsquo;orientation. <\/p>\n\n\n\n<p class=\"has-normal-font-size\">Les anciens \u00e9l\u00e8ves de la section Raid du coll\u00e8ge Adrien Cadet ainsi qu&rsquo;un groupe assidu d&rsquo;\u00e9l\u00e8ves de terminales ont pu prendre  part \u00e0 2 journ\u00e9es de comp\u00e9tions depuis le d\u00e9but de l&rsquo;ann\u00e9e.<\/p>\n\n\n\n<p><\/p>\n\n\n\n<p class=\"has-normal-font-size\">Le 30 septembre septembre les \u00e9l\u00e8ves ont particip\u00e9 \u00e0 une apr\u00e8s de midi de course d&rsquo;orientation \u00ab\u00a0\u00e9cocitoyenne\u00a0\u00bb \u00e0 l\u2019\u00c9tang du Gol avec une action de nettoyage du site. Bravo \u00e0 Juliette, \u00c9lise, Phetmany et Benjamin<\/p>\n\n\n\n<figure class=\"wp-block-gallery columns-1 is-cropped wp-block-gallery-1 is-layout-flex wp-block-gallery-is-layout-flex\"><ul class=\"blocks-gallery-grid\"><li class=\"blocks-gallery-item\"><figure><img loading=\"lazy\" decoding=\"async\" width=\"498\" height=\"1024\" src=\"https:\/\/etab.ac-reunion.fr\/lyc-antoine-de-saint-exupery\/wp-content\/uploads\/sites\/59\/2020\/11\/eco-2-498x1024.jpg\" alt=\"\" data-id=\"5586\" data-full-url=\"https:\/\/etab.ac-reunion.fr\/lyc-antoine-de-saint-exupery\/wp-content\/uploads\/sites\/59\/2020\/11\/eco-2.jpg\" data-link=\"https:\/\/etab.ac-reunion.fr\/lyc-antoine-de-saint-exupery\/?attachment_id=5586\" class=\"wp-image-5586\" srcset=\"https:\/\/etab.ac-reunion.fr\/lyc-antoine-de-saint-exupery\/wp-content\/uploads\/sites\/59\/2020\/11\/eco-2-498x1024.jpg 498w, https:\/\/etab.ac-reunion.fr\/lyc-antoine-de-saint-exupery\/wp-content\/uploads\/sites\/59\/2020\/11\/eco-2-146x300.jpg 146w, https:\/\/etab.ac-reunion.fr\/lyc-antoine-de-saint-exupery\/wp-content\/uploads\/sites\/59\/2020\/11\/eco-2.jpg 622w\" sizes=\"auto, (max-width: 498px) 100vw, 498px\" \/><\/figure><\/li><\/ul><\/figure>\n\n\n\n<p><\/p>\n\n\n\n<p class=\"has-normal-font-size\">Le 7 octobre a eu lieu le \u00ab\u00a0Raid Anou\u00a0\u00bb r\u00e9unissant dans la for\u00eat d\u2019\u00c9tang Sal\u00e9 coll\u00e9giens et lyc\u00e9ens du district Sud. Au programme un raid d&rsquo;environ 25 kms avec du trail, de la course d&rsquo;orientation, du VTT et du Run and Bike. Bravo \u00e0 Pauline, Sarah, Sindhu, Ma\u00ebl, Nicolas et \u00c9lie. <br \/>Un classement honorable pour cette comp\u00e9tition avec une 8\u00e8me et une 12\u00e8me place sur 57 \u00e9quipes engag\u00e9es. La prochaine fois il faudra \u00eatre plus performant sur la prise de balise en VTT !!!<br \/><\/p>\n\n\n\n<figure class=\"wp-block-image size-large\"><img loading=\"lazy\" decoding=\"async\" width=\"1024\" height=\"498\" src=\"https:\/\/etab.ac-reunion.fr\/lyc-antoine-de-saint-exupery\/wp-content\/uploads\/sites\/59\/2020\/11\/pAULINE-1024x498.jpg\" alt=\"\" class=\"wp-image-5587\" srcset=\"https:\/\/etab.ac-reunion.fr\/lyc-antoine-de-saint-exupery\/wp-content\/uploads\/sites\/59\/2020\/11\/pAULINE-1024x498.jpg 1024w, https:\/\/etab.ac-reunion.fr\/lyc-antoine-de-saint-exupery\/wp-content\/uploads\/sites\/59\/2020\/11\/pAULINE-300x146.jpg 300w, https:\/\/etab.ac-reunion.fr\/lyc-antoine-de-saint-exupery\/wp-content\/uploads\/sites\/59\/2020\/11\/pAULINE-768x373.jpg 768w, https:\/\/etab.ac-reunion.fr\/lyc-antoine-de-saint-exupery\/wp-content\/uploads\/sites\/59\/2020\/11\/pAULINE.jpg 1280w\" sizes=\"auto, (max-width: 1024px) 100vw, 1024px\" \/><\/figure>\n\n\n\n<figure class=\"wp-block-gallery columns-1 is-cropped wp-block-gallery-2 is-layout-flex wp-block-gallery-is-layout-flex\"><ul class=\"blocks-gallery-grid\"><li class=\"blocks-gallery-item\"><figure><img loading=\"lazy\" decoding=\"async\" width=\"1024\" height=\"595\" src=\"https:\/\/etab.ac-reunion.fr\/lyc-antoine-de-saint-exupery\/wp-content\/uploads\/sites\/59\/2020\/11\/raid-4-1024x595.jpg\" alt=\"\" data-id=\"5588\" data-link=\"https:\/\/etab.ac-reunion.fr\/lyc-antoine-de-saint-exupery\/?attachment_id=5588\" class=\"wp-image-5588\" srcset=\"https:\/\/etab.ac-reunion.fr\/lyc-antoine-de-saint-exupery\/wp-content\/uploads\/sites\/59\/2020\/11\/raid-4-1024x595.jpg 1024w, https:\/\/etab.ac-reunion.fr\/lyc-antoine-de-saint-exupery\/wp-content\/uploads\/sites\/59\/2020\/11\/raid-4-300x174.jpg 300w, https:\/\/etab.ac-reunion.fr\/lyc-antoine-de-saint-exupery\/wp-content\/uploads\/sites\/59\/2020\/11\/raid-4-768x446.jpg 768w, https:\/\/etab.ac-reunion.fr\/lyc-antoine-de-saint-exupery\/wp-content\/uploads\/sites\/59\/2020\/11\/raid-4-95x54.jpg 95w, https:\/\/etab.ac-reunion.fr\/lyc-antoine-de-saint-exupery\/wp-content\/uploads\/sites\/59\/2020\/11\/raid-4.jpg 1280w\" sizes=\"auto, (max-width: 1024px) 100vw, 1024px\" \/><\/figure><\/li><\/ul><\/figure>\n\n\n\n<figure class=\"wp-block-gallery columns-1 is-cropped wp-block-gallery-3 is-layout-flex wp-block-gallery-is-layout-flex\"><ul class=\"blocks-gallery-grid\"><li class=\"blocks-gallery-item\"><figure><img loading=\"lazy\" decoding=\"async\" width=\"1024\" height=\"498\" src=\"https:\/\/etab.ac-reunion.fr\/lyc-antoine-de-saint-exupery\/wp-content\/uploads\/sites\/59\/2020\/11\/raid-6-1-1024x498.jpg\" alt=\"\" data-id=\"5590\" data-full-url=\"https:\/\/etab.ac-reunion.fr\/lyc-antoine-de-saint-exupery\/wp-content\/uploads\/sites\/59\/2020\/11\/raid-6-1.jpg\" data-link=\"https:\/\/etab.ac-reunion.fr\/lyc-antoine-de-saint-exupery\/?attachment_id=5590\" class=\"wp-image-5590\" srcset=\"https:\/\/etab.ac-reunion.fr\/lyc-antoine-de-saint-exupery\/wp-content\/uploads\/sites\/59\/2020\/11\/raid-6-1-1024x498.jpg 1024w, https:\/\/etab.ac-reunion.fr\/lyc-antoine-de-saint-exupery\/wp-content\/uploads\/sites\/59\/2020\/11\/raid-6-1-300x146.jpg 300w, https:\/\/etab.ac-reunion.fr\/lyc-antoine-de-saint-exupery\/wp-content\/uploads\/sites\/59\/2020\/11\/raid-6-1-768x373.jpg 768w, https:\/\/etab.ac-reunion.fr\/lyc-antoine-de-saint-exupery\/wp-content\/uploads\/sites\/59\/2020\/11\/raid-6-1.jpg 1280w\" sizes=\"auto, (max-width: 1024px) 100vw, 1024px\" \/><\/figure><\/li><\/ul><\/figure>\n\n\n\n<p class=\"has-normal-font-size\">Merci \u00e0 tous les licenci\u00e9s UNSS et rendez vous mercredi 25 novembre pour la randonn\u00e9e sportive de Grande Anse.<br \/>PS : il reste de la place alors si tu aimes l&rsquo;effort et que tu as un VTT rejoint nous vite en contactant Mr LAVAUD professeur d&rsquo;EPS<br \/><\/p>\n\n\n\n<p><\/p>\n\n\n\n<figure class=\"wp-block-gallery columns-1 is-cropped wp-block-gallery-4 is-layout-flex wp-block-gallery-is-layout-flex\"><ul class=\"blocks-gallery-grid\"><li class=\"blocks-gallery-item\"><figure><img loading=\"lazy\" decoding=\"async\" width=\"1024\" height=\"498\" src=\"https:\/\/etab.ac-reunion.fr\/lyc-antoine-de-saint-exupery\/wp-content\/uploads\/sites\/59\/2020\/11\/raid-12-1024x498.jpg\" alt=\"\" data-id=\"5585\" data-full-url=\"https:\/\/etab.ac-reunion.fr\/lyc-antoine-de-saint-exupery\/wp-content\/uploads\/sites\/59\/2020\/11\/raid-12.jpg\" data-link=\"https:\/\/etab.ac-reunion.fr\/lyc-antoine-de-saint-exupery\/?attachment_id=5585\" class=\"wp-image-5585\" srcset=\"https:\/\/etab.ac-reunion.fr\/lyc-antoine-de-saint-exupery\/wp-content\/uploads\/sites\/59\/2020\/11\/raid-12-1024x498.jpg 1024w, https:\/\/etab.ac-reunion.fr\/lyc-antoine-de-saint-exupery\/wp-content\/uploads\/sites\/59\/2020\/11\/raid-12-300x146.jpg 300w, https:\/\/etab.ac-reunion.fr\/lyc-antoine-de-saint-exupery\/wp-content\/uploads\/sites\/59\/2020\/11\/raid-12-768x373.jpg 768w, https:\/\/etab.ac-reunion.fr\/lyc-antoine-de-saint-exupery\/wp-content\/uploads\/sites\/59\/2020\/11\/raid-12.jpg 1280w\" sizes=\"auto, (max-width: 1024px) 100vw, 1024px\" \/><\/figure><\/li><\/ul><\/figure>\n\n\n\n<p class=\"has-normal-font-size\"><br \/><br \/><\/p>\n","protected":false},"excerpt":{"rendered":"<p>UNSS Raid multi activit\u00e9s et randonn\u00e9e sportive Du nouveau cette ann\u00e9e avec l&rsquo;ouverture du section Raid UNSS au sein du lyc\u00e9e des Avirons. Depuis le d\u00e9but de l&rsquo;ann\u00e9e nous nous retrouvons dans la for\u00eat d\u2019\u00c9tang Sal\u00e9 le mercredi apr\u00e8s midi pour des entrainement de Trail, de VTT et de course d&rsquo;orientation. Les anciens \u00e9l\u00e8ves de [&hellip;]<\/p>\n","protected":false},"author":8474,"featured_media":5585,"comment_status":"closed","ping_status":"closed","sticky":false,"template":"","format":"standard","meta":{"footnotes":""},"categories":[168],"tags":[],"class_list":["post-5559","post","type-post","status-publish","format-standard","has-post-thumbnail","hentry","category-unss"],"_links":{"self":[{"href":"https:\/\/etab.ac-reunion.fr\/lyc-antoine-de-saint-exupery\/wp-json\/wp\/v2\/posts\/5559","targetHints":{"allow":["GET"]}}],"collection":[{"href":"https:\/\/etab.ac-reunion.fr\/lyc-antoine-de-saint-exupery\/wp-json\/wp\/v2\/posts"}],"about":[{"href":"https:\/\/etab.ac-reunion.fr\/lyc-antoine-de-saint-exupery\/wp-json\/wp\/v2\/types\/post"}],"author":[{"embeddable":true,"href":"https:\/\/etab.ac-reunion.fr\/lyc-antoine-de-saint-exupery\/wp-json\/wp\/v2\/users\/8474"}],"replies":[{"embeddable":true,"href":"https:\/\/etab.ac-reunion.fr\/lyc-antoine-de-saint-exupery\/wp-json\/wp\/v2\/comments?post=5559"}],"version-history":[{"count":9,"href":"https:\/\/etab.ac-reunion.fr\/lyc-antoine-de-saint-exupery\/wp-json\/wp\/v2\/posts\/5559\/revisions"}],"predecessor-version":[{"id":5592,"href":"https:\/\/etab.ac-reunion.fr\/lyc-antoine-de-saint-exupery\/wp-json\/wp\/v2\/posts\/5559\/revisions\/5592"}],"wp:featuredmedia":[{"embeddable":true,"href":"https:\/\/etab.ac-reunion.fr\/lyc-antoine-de-saint-exupery\/wp-json\/wp\/v2\/media\/5585"}],"wp:attachment":[{"href":"https:\/\/etab.ac-reunion.fr\/lyc-antoine-de-saint-exupery\/wp-json\/wp\/v2\/media?parent=5559"}],"wp:term":[{"taxonomy":"category","embeddable":true,"href":"https:\/\/etab.ac-reunion.fr\/lyc-antoine-de-saint-exupery\/wp-json\/wp\/v2\/categories?post=5559"},{"taxonomy":"post_tag","embeddable":true,"href":"https:\/\/etab.ac-reunion.fr\/lyc-antoine-de-saint-exupery\/wp-json\/wp\/v2\/tags?post=5559"}],"curies":[{"name":"wp","href":"https:\/\/api.w.org\/{rel}","templated":true}]}}