{"id":6193,"date":"2021-09-21T14:31:54","date_gmt":"2021-09-21T10:31:54","guid":{"rendered":"http:\/\/lycee-avirons.ac-reunion.fr\/?p=6193"},"modified":"2021-10-06T10:13:15","modified_gmt":"2021-10-06T06:13:15","slug":"vaccination-covid-19-au-lycee-st-exupery","status":"publish","type":"post","link":"https:\/\/etab.ac-reunion.fr\/lyc-antoine-de-saint-exupery\/vaccination-covid-19-au-lycee-st-exupery\/","title":{"rendered":"Vaccination COVID 19 au lyc\u00e9e st Exup\u00e9ry"},"content":{"rendered":"\n<p>Dans un contexte \u00e9pid\u00e9mique marqu\u00e9 par les incertitudes entourant la transmissibilit\u00e9 accrue des nouveaux variants du virus de la Covid 19, la vaccination de toutes les personnes de plus de 12 ans constitue le moyen le plus efficace pour casser les cha\u00eenes de propagation du virus. Aussi, la vaccination doit-elle \u00eatre facilit\u00e9e et encourag\u00e9e.<br \/><br \/>La vaccination des adolescents pr\u00e9sente plusieurs b\u00e9n\u00e9fices :&nbsp;<\/p>\n\n\n\n<ul class=\"wp-block-list\"><li>elle prot\u00e8ge des formes graves d\u2019infection mais aussi du \u00ab\u00a0covid long\u00a0\u00bb<\/li><li>elle contribue \u00e0 maintenir un maximum d\u2019enseignement en pr\u00e9sentiel et, \u00e0 terme au retour \u00e0 un fonctionnement habituel des \u00e9coles, coll\u00e8ges et lyc\u00e9es permettant :<ul><li>d&rsquo;offrir des conditions optimales de r\u00e9ussite des \u00e9l\u00e8ves et de lutter contre le d\u00e9crochage &nbsp;<\/li><li>de favoriser le bien-\u00eatre des \u00e9l\u00e8ves gr\u00e2ce \u00e0 un retour apais\u00e9 en collectivit\u00e9<\/li><li>de limiter les risques pour les personnels, les \u00e9l\u00e8ves et leurs proches.<\/li><\/ul><\/li><li>elle constitue une mesure soci\u00e9tale de sant\u00e9 publique et de protection de l&rsquo;ensemble de la population en limitant la dynamique de transmission du virus.<\/li><\/ul>\n\n\n\n<p>Pour poursuivre le processus de vaccination, l\u2019\u00c9ducation Nationale se mobilise depuis<\/p>\n\n\n\n<p>la rentr\u00e9e.<\/p>\n\n\n\n<p>Ainsi, les lyc\u00e9ens et les \u00e9tudiants de notre \u00e9tablissement, qui n\u2019auraient pas encore re\u00e7u une premi\u00e8re injection, auront la possibilit\u00e9 d\u2019\u00eatre vaccin\u00e9s dans le cadre scolaire.<\/p>\n\n\n\n<p>Cette op\u00e9ration sera con\u00e7ue en partenariat avec les professionnels de sant\u00e9 publique et les centres de vaccination.<\/p>\n\n\n\n<p>Le centre de vaccination rattach\u00e9 \u00e0 notre lyc\u00e9e est celui de Pierrefonds. Des transports seront mis \u00e0 leur disposition pour s&rsquo;y rendre.&nbsp; Les dates retenues pour&nbsp; notre<\/p>\n\n\n\n<p>\u00e9tablissement vous seront pr\u00e9cis\u00e9es ult\u00e9rieurement. Si vous souhaitez que le lyc\u00e9e accompagne votre enfant dans cette campagne de vaccination, vous \u00eates pri\u00e9s de vous faire conna\u00eetre aupr\u00e8s de M. BRENIERE, infirmier du lyc\u00e9e. ( 02 62 38 29 76 ,adresse mail&nbsp;:Thierry.Breniere@ac-reunion.fr)<\/p>\n\n\n\n<p>Les adolescents de 12 \u00e0 15 ans auront besoin de l&rsquo;accord de l&rsquo;un des deux parents pour se faire vacciner contre la covid-19 (une autorisation parentale devra \u00eatre remplie et sign\u00e9e par l\u2019un des deux parents).&nbsp;<\/p>\n\n\n\n<p>Pour les adolescents de 16 ans et plus, l\u2019autorisation parentale n\u2019est pas n\u00e9cessaire.<\/p>\n","protected":false},"excerpt":{"rendered":"<p>Dans un contexte \u00e9pid\u00e9mique marqu\u00e9 par les incertitudes entourant la transmissibilit\u00e9 accrue des nouveaux variants du virus de la Covid 19, la vaccination de toutes les personnes de plus de 12 ans constitue le moyen le plus efficace pour casser les cha\u00eenes de propagation du virus. Aussi, la vaccination doit-elle \u00eatre facilit\u00e9e et encourag\u00e9e. La [&hellip;]<\/p>\n","protected":false},"author":23092,"featured_media":5239,"comment_status":"closed","ping_status":"closed","sticky":false,"template":"","format":"standard","meta":{"footnotes":""},"categories":[12,147],"tags":[],"class_list":["post-6193","post","type-post","status-publish","format-standard","has-post-thumbnail","hentry","category-diaporama","category-vaccination"],"_links":{"self":[{"href":"https:\/\/etab.ac-reunion.fr\/lyc-antoine-de-saint-exupery\/wp-json\/wp\/v2\/posts\/6193","targetHints":{"allow":["GET"]}}],"collection":[{"href":"https:\/\/etab.ac-reunion.fr\/lyc-antoine-de-saint-exupery\/wp-json\/wp\/v2\/posts"}],"about":[{"href":"https:\/\/etab.ac-reunion.fr\/lyc-antoine-de-saint-exupery\/wp-json\/wp\/v2\/types\/post"}],"author":[{"embeddable":true,"href":"https:\/\/etab.ac-reunion.fr\/lyc-antoine-de-saint-exupery\/wp-json\/wp\/v2\/users\/23092"}],"replies":[{"embeddable":true,"href":"https:\/\/etab.ac-reunion.fr\/lyc-antoine-de-saint-exupery\/wp-json\/wp\/v2\/comments?post=6193"}],"version-history":[{"count":4,"href":"https:\/\/etab.ac-reunion.fr\/lyc-antoine-de-saint-exupery\/wp-json\/wp\/v2\/posts\/6193\/revisions"}],"predecessor-version":[{"id":6238,"href":"https:\/\/etab.ac-reunion.fr\/lyc-antoine-de-saint-exupery\/wp-json\/wp\/v2\/posts\/6193\/revisions\/6238"}],"wp:featuredmedia":[{"embeddable":true,"href":"https:\/\/etab.ac-reunion.fr\/lyc-antoine-de-saint-exupery\/wp-json\/wp\/v2\/media\/5239"}],"wp:attachment":[{"href":"https:\/\/etab.ac-reunion.fr\/lyc-antoine-de-saint-exupery\/wp-json\/wp\/v2\/media?parent=6193"}],"wp:term":[{"taxonomy":"category","embeddable":true,"href":"https:\/\/etab.ac-reunion.fr\/lyc-antoine-de-saint-exupery\/wp-json\/wp\/v2\/categories?post=6193"},{"taxonomy":"post_tag","embeddable":true,"href":"https:\/\/etab.ac-reunion.fr\/lyc-antoine-de-saint-exupery\/wp-json\/wp\/v2\/tags?post=6193"}],"curies":[{"name":"wp","href":"https:\/\/api.w.org\/{rel}","templated":true}]}}