{"id":6239,"date":"2021-10-06T10:25:07","date_gmt":"2021-10-06T06:25:07","guid":{"rendered":"http:\/\/lycee-avirons.ac-reunion.fr\/?p=6239"},"modified":"2021-10-06T10:25:07","modified_gmt":"2021-10-06T06:25:07","slug":"campagne-de-vaccination","status":"publish","type":"post","link":"https:\/\/etab.ac-reunion.fr\/lyc-antoine-de-saint-exupery\/campagne-de-vaccination\/","title":{"rendered":"Campagne de vaccination"},"content":{"rendered":"\n<p>Madame, Monsieur,<\/p>\n\n\n\n<p><br \/>Dans le cadre de la lutte contre la pand\u00e9mie de la Covid 19, l\u2019Agence R\u00e9gionale de Sant\u00e9 organise des campagnes de<br \/>vaccination destin\u00e9es aux \u00e9l\u00e8ves de 12 ans et plus \u00e0 proximit\u00e9 des \u00e9tablissements scolaire (centre de vaccination de Pierrefond pour le lyc\u00e9e des Avirons).<br \/>Pour b\u00e9n\u00e9ficier de la vaccination, les documents suivants sont \u00e0 remettre \u00e0 l\u2019infirmerie au plus tard<\/p>\n\n\n\n<p>le vendredi 29 octobre \u00e0 12 heures 30.<br \/>&#8211; Pour les \u00e9l\u00e8ves de 12 ans \u00e0 15 ans :<br \/>\u2022Autorisation parentale sign\u00e9e d\u2019au moins un parent (obligatoire).<br \/>\u2022Le questionnaire ARS pr\u00e9alable \u00e0 la vaccination \u00ab mineurs \u00bb d\u00fbment renseign\u00e9.<\/p>\n\n\n\n<p>&#8211; Pour les \u00e9l\u00e8ves de 16 et 17 ans :<br \/>\u2022Autorisation parentale sign\u00e9e d\u2019au moins un parent (non obligatoire).<br \/>\u2022Le questionnaire ARS pr\u00e9alable \u00e0 la vaccination \u00ab mineurs\u00bb d\u00fbment renseign\u00e9.<\/p>\n\n\n\n<p><br \/>Pour les \u00e9l\u00e8ves majeurs<\/p>\n\n\n\n<p>Le questionnaire ARS pr\u00e9alable devra \u00eatre renseign\u00e9 sur place le jour m\u00eame de la vaccination.<br \/>Le jour de la vaccination<\/p>\n\n\n\n<p><br \/>L\u2019\u00e9l\u00e8ve mineur devra se pr\u00e9senter muni de la carte vitale d\u2019un des parents ou de l\u2019attestation de droits (ou \u00e9ventuellement une photo de la carte vitale sur smartphone) ainsi que sa pi\u00e8ce d\u2019identit\u00e9.<br \/>L\u2019\u00e9l\u00e8ve majeur ou l\u2019adulte devra pr\u00e9senter sa carte vitale et sa pi\u00e8ce d\u2019identit\u00e9<\/p>\n\n\n\n<p>Vous serez inform\u00e9s individuellement de la date retenue par l\u2019ARS pour l\u2019organisation de la vaccination.<br \/><br \/>Documents format pdf:<br \/><a href=\"https:\/\/etab.ac-reunion.fr\/lyc-antoine-de-saint-exupery\/wp-content\/uploads\/sites\/59\/2021\/10\/Autorisation-parentale-9-aout-21.pdf\">-Autorisation parentale<\/a><br \/><a href=\"https:\/\/etab.ac-reunion.fr\/lyc-antoine-de-saint-exupery\/wp-content\/uploads\/sites\/59\/2021\/10\/Questionnaire-Pre-vaccinal-mineurs-Covid-19-et-suivi-des-injections-Personne-m.._.pdf\">-Le questionnaire ARS pr\u00e9alable \u00e0 la vaccination \u00ab mineurs\u00bb <\/a><br \/><a href=\"https:\/\/etab.ac-reunion.fr\/lyc-antoine-de-saint-exupery\/wp-content\/uploads\/sites\/59\/2021\/10\/Questionnaire-Pre-vaccinal-majeurs-Covid-19-et-suivi-des-injections.pdf\">-Le questionnaire ARS pr\u00e9alable \u00e0 la vaccination \u00ab majeurs\u00bb <\/a><br \/><\/p>\n","protected":false},"excerpt":{"rendered":"<p>Madame, Monsieur, Dans le cadre de la lutte contre la pand\u00e9mie de la Covid 19, l\u2019Agence R\u00e9gionale de Sant\u00e9 organise des campagnes devaccination destin\u00e9es aux \u00e9l\u00e8ves de 12 ans et plus \u00e0 proximit\u00e9 des \u00e9tablissements scolaire (centre de vaccination de Pierrefond pour le lyc\u00e9e des Avirons).Pour b\u00e9n\u00e9ficier de la vaccination, les documents suivants sont \u00e0 [&hellip;]<\/p>\n","protected":false},"author":23092,"featured_media":5239,"comment_status":"closed","ping_status":"closed","sticky":false,"template":"","format":"standard","meta":{"footnotes":""},"categories":[12,147],"tags":[],"class_list":["post-6239","post","type-post","status-publish","format-standard","has-post-thumbnail","hentry","category-diaporama","category-vaccination"],"_links":{"self":[{"href":"https:\/\/etab.ac-reunion.fr\/lyc-antoine-de-saint-exupery\/wp-json\/wp\/v2\/posts\/6239","targetHints":{"allow":["GET"]}}],"collection":[{"href":"https:\/\/etab.ac-reunion.fr\/lyc-antoine-de-saint-exupery\/wp-json\/wp\/v2\/posts"}],"about":[{"href":"https:\/\/etab.ac-reunion.fr\/lyc-antoine-de-saint-exupery\/wp-json\/wp\/v2\/types\/post"}],"author":[{"embeddable":true,"href":"https:\/\/etab.ac-reunion.fr\/lyc-antoine-de-saint-exupery\/wp-json\/wp\/v2\/users\/23092"}],"replies":[{"embeddable":true,"href":"https:\/\/etab.ac-reunion.fr\/lyc-antoine-de-saint-exupery\/wp-json\/wp\/v2\/comments?post=6239"}],"version-history":[{"count":1,"href":"https:\/\/etab.ac-reunion.fr\/lyc-antoine-de-saint-exupery\/wp-json\/wp\/v2\/posts\/6239\/revisions"}],"predecessor-version":[{"id":6243,"href":"https:\/\/etab.ac-reunion.fr\/lyc-antoine-de-saint-exupery\/wp-json\/wp\/v2\/posts\/6239\/revisions\/6243"}],"wp:featuredmedia":[{"embeddable":true,"href":"https:\/\/etab.ac-reunion.fr\/lyc-antoine-de-saint-exupery\/wp-json\/wp\/v2\/media\/5239"}],"wp:attachment":[{"href":"https:\/\/etab.ac-reunion.fr\/lyc-antoine-de-saint-exupery\/wp-json\/wp\/v2\/media?parent=6239"}],"wp:term":[{"taxonomy":"category","embeddable":true,"href":"https:\/\/etab.ac-reunion.fr\/lyc-antoine-de-saint-exupery\/wp-json\/wp\/v2\/categories?post=6239"},{"taxonomy":"post_tag","embeddable":true,"href":"https:\/\/etab.ac-reunion.fr\/lyc-antoine-de-saint-exupery\/wp-json\/wp\/v2\/tags?post=6239"}],"curies":[{"name":"wp","href":"https:\/\/api.w.org\/{rel}","templated":true}]}}