{"id":6606,"date":"2022-02-11T13:35:12","date_gmt":"2022-02-11T09:35:12","guid":{"rendered":"http:\/\/lycee-avirons.ac-reunion.fr\/?p=6606"},"modified":"2022-03-03T13:39:45","modified_gmt":"2022-03-03T09:39:45","slug":"deuxieme-semaine-de-lorientation-du-14-au-19-fevrier-2022","status":"publish","type":"post","link":"https:\/\/etab.ac-reunion.fr\/lyc-antoine-de-saint-exupery\/deuxieme-semaine-de-lorientation-du-14-au-19-fevrier-2022\/","title":{"rendered":"Deuxi\u00e8me semaine de l&rsquo;orientation du 14 au 19 f\u00e9vrier 2022"},"content":{"rendered":"\n<p>La deuxi\u00e8me semaine de l&rsquo;orientation se d\u00e9roulera tout au long de la <strong>semaine prochaine du 14 au 19\/02<\/strong> et elle s&rsquo;adresse aux \u00e9l\u00e8ves de Premi\u00e8re et Terminale.<\/p>\n\n\n\n<p>A cette occasion , les services d&rsquo;orientation du rectorat et les CIO ont souhait\u00e9 proposer des rendez-vous d\u00e9di\u00e9s, sous la forme de visioconf\u00e9rences ou d&rsquo;accueil sur des temps sp\u00e9cifiques.<br \/><br \/><a href=\"https:\/\/etab.ac-reunion.fr\/lyc-antoine-de-saint-exupery\/wp-content\/uploads\/sites\/59\/2022\/02\/2022-02-07-LyceeVisio.Semaine2-V-diff.pdf\">-le calendrier des visioconf\u00e9rences propos\u00e9es ainsi que les liens <\/a><\/p>\n\n\n\n<p><br \/>Eu \u00e9gard aux horaires des visioconf\u00e9rences qui sont essentiellement programm\u00e9es sur les heures de cours, les \u00e9l\u00e8ves qui sont int\u00e9ress\u00e9s pourront b\u00e9n\u00e9ficier d&rsquo;une autorisation d&rsquo;absence afin d&rsquo;y participer.<\/p>\n\n\n\n<p>Ces derniers devront se rapprocher de la vise scolaire.<\/p>\n\n\n\n<p>A noter :<br \/>&#8211; Une visioconf\u00e9rence <strong>Parcoursup&nbsp;sp\u00e9cial parents<\/strong> est programm\u00e9e le <strong>15\/02<\/strong>&nbsp; et le <strong>17\/02<\/strong> de <strong>17h \u00e0 18h.<\/strong>&#8211; Le Forum acad\u00e9mique du samedi 19 matin sera enti\u00e8rement d\u00e9di\u00e9 \u00e0 la pr\u00e9sentation des Classes Pr\u00e9paratoires au Grandes Ecoles.<\/p>\n\n\n\n<p>Vous trouverez sur le document ci-dessous toutes les informations n\u00e9cessaires pour<br \/>y participer.<\/p>\n\n\n\n<p><a href=\"https:\/\/etab.ac-reunion.fr\/lyc-antoine-de-saint-exupery\/wp-content\/uploads\/sites\/59\/2022\/02\/Parents-V-diff.pdf\">-Deuxi\u00e8me semaine de l&rsquo;orientation sp\u00e9ciale parents<\/a><\/p>\n","protected":false},"excerpt":{"rendered":"<p>La deuxi\u00e8me semaine de l&rsquo;orientation se d\u00e9roulera tout au long de la semaine prochaine du 14 au 19\/02 et elle s&rsquo;adresse aux \u00e9l\u00e8ves de Premi\u00e8re et Terminale. A cette occasion , les services d&rsquo;orientation du rectorat et les CIO ont souhait\u00e9 proposer des rendez-vous d\u00e9di\u00e9s, sous la forme de visioconf\u00e9rences ou d&rsquo;accueil sur des temps [&hellip;]<\/p>\n","protected":false},"author":23092,"featured_media":6658,"comment_status":"closed","ping_status":"closed","sticky":false,"template":"","format":"standard","meta":{"footnotes":""},"categories":[14,151],"tags":[],"class_list":["post-6606","post","type-post","status-publish","format-standard","has-post-thumbnail","hentry","category-informations","category-visio"],"_links":{"self":[{"href":"https:\/\/etab.ac-reunion.fr\/lyc-antoine-de-saint-exupery\/wp-json\/wp\/v2\/posts\/6606","targetHints":{"allow":["GET"]}}],"collection":[{"href":"https:\/\/etab.ac-reunion.fr\/lyc-antoine-de-saint-exupery\/wp-json\/wp\/v2\/posts"}],"about":[{"href":"https:\/\/etab.ac-reunion.fr\/lyc-antoine-de-saint-exupery\/wp-json\/wp\/v2\/types\/post"}],"author":[{"embeddable":true,"href":"https:\/\/etab.ac-reunion.fr\/lyc-antoine-de-saint-exupery\/wp-json\/wp\/v2\/users\/23092"}],"replies":[{"embeddable":true,"href":"https:\/\/etab.ac-reunion.fr\/lyc-antoine-de-saint-exupery\/wp-json\/wp\/v2\/comments?post=6606"}],"version-history":[{"count":6,"href":"https:\/\/etab.ac-reunion.fr\/lyc-antoine-de-saint-exupery\/wp-json\/wp\/v2\/posts\/6606\/revisions"}],"predecessor-version":[{"id":6789,"href":"https:\/\/etab.ac-reunion.fr\/lyc-antoine-de-saint-exupery\/wp-json\/wp\/v2\/posts\/6606\/revisions\/6789"}],"wp:featuredmedia":[{"embeddable":true,"href":"https:\/\/etab.ac-reunion.fr\/lyc-antoine-de-saint-exupery\/wp-json\/wp\/v2\/media\/6658"}],"wp:attachment":[{"href":"https:\/\/etab.ac-reunion.fr\/lyc-antoine-de-saint-exupery\/wp-json\/wp\/v2\/media?parent=6606"}],"wp:term":[{"taxonomy":"category","embeddable":true,"href":"https:\/\/etab.ac-reunion.fr\/lyc-antoine-de-saint-exupery\/wp-json\/wp\/v2\/categories?post=6606"},{"taxonomy":"post_tag","embeddable":true,"href":"https:\/\/etab.ac-reunion.fr\/lyc-antoine-de-saint-exupery\/wp-json\/wp\/v2\/tags?post=6606"}],"curies":[{"name":"wp","href":"https:\/\/api.w.org\/{rel}","templated":true}]}}