{"id":6732,"date":"2022-02-23T09:30:24","date_gmt":"2022-02-23T05:30:24","guid":{"rendered":"http:\/\/lycee-avirons.ac-reunion.fr\/?p=6732"},"modified":"2022-02-23T09:31:04","modified_gmt":"2022-02-23T05:31:04","slug":"luniversite-de-la-reunion-organise-ses-journees-portes-ouvertes-du-28-fevrier-au-04-mars-2022","status":"publish","type":"post","link":"https:\/\/etab.ac-reunion.fr\/lyc-antoine-de-saint-exupery\/luniversite-de-la-reunion-organise-ses-journees-portes-ouvertes-du-28-fevrier-au-04-mars-2022\/","title":{"rendered":"l&rsquo;Universit\u00e9 de La R\u00e9union organise ses Journ\u00e9es Portes Ouvertes du 28 f\u00e9vrier au 04 mars 2022"},"content":{"rendered":"\n<p>Comme chaque ann\u00e9e l&rsquo;Universit\u00e9 de La R\u00e9union organise ses Journ\u00e9es Portes Ouvertes. Compte tenu du contexte sanitaire, cet \u00e9v\u00e8nement majeur pour l&rsquo;\u00e9tablissement se tiendra totalement en distanciel<strong> du 28 f\u00e9vrier au 04 mars 2022<\/strong>.<br \/>Comme l&rsquo;an dernier, l&rsquo;Universit\u00e9 utilisera la plate-forme Imagina, o\u00f9 vous trouverez les pr\u00e9sentations de ses formations, des conf\u00e9rences en direct, des Tchats, des vid\u00e9os&#8230;. Pour l&rsquo;instant elle ne peut pas organiser des visites de campus en pr\u00e9sentielles, elle va donc proposer une visite virtuelle des 2 campus r\u00e9alis\u00e9e par des \u00e9tudiants.<br \/>Les inscriptions seront accessibles d\u00e8s le 28 f\u00e9vrier \u00e0 9h00. Les replays et les contenus diffus\u00e9s pendant cette semaine, seront disponibles pendant 6 mois.<br \/>Vous trouverez ci-dessous le programme de ces JPO.<\/p>\n\n\n\n<figure class=\"wp-block-image size-large\"><img loading=\"lazy\" decoding=\"async\" width=\"690\" height=\"1024\" src=\"https:\/\/etab.ac-reunion.fr\/lyc-antoine-de-saint-exupery\/wp-content\/uploads\/sites\/59\/2022\/02\/image_6483441-690x1024.jpg\" alt=\"\" class=\"wp-image-6733\" srcset=\"https:\/\/etab.ac-reunion.fr\/lyc-antoine-de-saint-exupery\/wp-content\/uploads\/sites\/59\/2022\/02\/image_6483441-690x1024.jpg 690w, https:\/\/etab.ac-reunion.fr\/lyc-antoine-de-saint-exupery\/wp-content\/uploads\/sites\/59\/2022\/02\/image_6483441-202x300.jpg 202w, https:\/\/etab.ac-reunion.fr\/lyc-antoine-de-saint-exupery\/wp-content\/uploads\/sites\/59\/2022\/02\/image_6483441-768x1140.jpg 768w, https:\/\/etab.ac-reunion.fr\/lyc-antoine-de-saint-exupery\/wp-content\/uploads\/sites\/59\/2022\/02\/image_6483441-1035x1536.jpg 1035w, https:\/\/etab.ac-reunion.fr\/lyc-antoine-de-saint-exupery\/wp-content\/uploads\/sites\/59\/2022\/02\/image_6483441.jpg 1380w\" sizes=\"auto, (max-width: 690px) 100vw, 690px\" \/><\/figure>\n\n\n\n<figure class=\"wp-block-image size-large\"><img loading=\"lazy\" decoding=\"async\" width=\"704\" height=\"1024\" src=\"https:\/\/etab.ac-reunion.fr\/lyc-antoine-de-saint-exupery\/wp-content\/uploads\/sites\/59\/2022\/02\/image_6483441-2-704x1024.jpg\" alt=\"\" class=\"wp-image-6734\" srcset=\"https:\/\/etab.ac-reunion.fr\/lyc-antoine-de-saint-exupery\/wp-content\/uploads\/sites\/59\/2022\/02\/image_6483441-2-704x1024.jpg 704w, https:\/\/etab.ac-reunion.fr\/lyc-antoine-de-saint-exupery\/wp-content\/uploads\/sites\/59\/2022\/02\/image_6483441-2-206x300.jpg 206w, https:\/\/etab.ac-reunion.fr\/lyc-antoine-de-saint-exupery\/wp-content\/uploads\/sites\/59\/2022\/02\/image_6483441-2-768x1117.jpg 768w, https:\/\/etab.ac-reunion.fr\/lyc-antoine-de-saint-exupery\/wp-content\/uploads\/sites\/59\/2022\/02\/image_6483441-2-1056x1536.jpg 1056w, https:\/\/etab.ac-reunion.fr\/lyc-antoine-de-saint-exupery\/wp-content\/uploads\/sites\/59\/2022\/02\/image_6483441-2.jpg 1354w\" sizes=\"auto, (max-width: 704px) 100vw, 704px\" \/><\/figure>\n","protected":false},"excerpt":{"rendered":"<p>Comme chaque ann\u00e9e l&rsquo;Universit\u00e9 de La R\u00e9union organise ses Journ\u00e9es Portes Ouvertes. Compte tenu du contexte sanitaire, cet \u00e9v\u00e8nement majeur pour l&rsquo;\u00e9tablissement se tiendra totalement en distanciel du 28 f\u00e9vrier au 04 mars 2022.Comme l&rsquo;an dernier, l&rsquo;Universit\u00e9 utilisera la plate-forme Imagina, o\u00f9 vous trouverez les pr\u00e9sentations de ses formations, des conf\u00e9rences en direct, des Tchats, [&hellip;]<\/p>\n","protected":false},"author":23092,"featured_media":6664,"comment_status":"closed","ping_status":"closed","sticky":false,"template":"","format":"standard","meta":{"footnotes":""},"categories":[151],"tags":[],"class_list":["post-6732","post","type-post","status-publish","format-standard","has-post-thumbnail","hentry","category-visio"],"_links":{"self":[{"href":"https:\/\/etab.ac-reunion.fr\/lyc-antoine-de-saint-exupery\/wp-json\/wp\/v2\/posts\/6732","targetHints":{"allow":["GET"]}}],"collection":[{"href":"https:\/\/etab.ac-reunion.fr\/lyc-antoine-de-saint-exupery\/wp-json\/wp\/v2\/posts"}],"about":[{"href":"https:\/\/etab.ac-reunion.fr\/lyc-antoine-de-saint-exupery\/wp-json\/wp\/v2\/types\/post"}],"author":[{"embeddable":true,"href":"https:\/\/etab.ac-reunion.fr\/lyc-antoine-de-saint-exupery\/wp-json\/wp\/v2\/users\/23092"}],"replies":[{"embeddable":true,"href":"https:\/\/etab.ac-reunion.fr\/lyc-antoine-de-saint-exupery\/wp-json\/wp\/v2\/comments?post=6732"}],"version-history":[{"count":1,"href":"https:\/\/etab.ac-reunion.fr\/lyc-antoine-de-saint-exupery\/wp-json\/wp\/v2\/posts\/6732\/revisions"}],"predecessor-version":[{"id":6735,"href":"https:\/\/etab.ac-reunion.fr\/lyc-antoine-de-saint-exupery\/wp-json\/wp\/v2\/posts\/6732\/revisions\/6735"}],"wp:featuredmedia":[{"embeddable":true,"href":"https:\/\/etab.ac-reunion.fr\/lyc-antoine-de-saint-exupery\/wp-json\/wp\/v2\/media\/6664"}],"wp:attachment":[{"href":"https:\/\/etab.ac-reunion.fr\/lyc-antoine-de-saint-exupery\/wp-json\/wp\/v2\/media?parent=6732"}],"wp:term":[{"taxonomy":"category","embeddable":true,"href":"https:\/\/etab.ac-reunion.fr\/lyc-antoine-de-saint-exupery\/wp-json\/wp\/v2\/categories?post=6732"},{"taxonomy":"post_tag","embeddable":true,"href":"https:\/\/etab.ac-reunion.fr\/lyc-antoine-de-saint-exupery\/wp-json\/wp\/v2\/tags?post=6732"}],"curies":[{"name":"wp","href":"https:\/\/api.w.org\/{rel}","templated":true}]}}