{"id":7404,"date":"2022-09-15T16:13:49","date_gmt":"2022-09-15T12:13:49","guid":{"rendered":"https:\/\/etab.ac-reunion.fr\/lyc-antoine-de-saint-exupery\/?p=7404"},"modified":"2026-04-01T14:12:21","modified_gmt":"2026-04-01T10:12:21","slug":"psychologue-e-n-lettre-aux-parents","status":"publish","type":"post","link":"https:\/\/etab.ac-reunion.fr\/lyc-antoine-de-saint-exupery\/psychologue-e-n-lettre-aux-parents\/","title":{"rendered":"Psychologue E.N"},"content":{"rendered":"\n<p>Chers parents,<\/p>\n\n\n\n<p>Votre enfant est inscrit au sein du Lyc\u00e9e des Avirons, certains depuis cette ann\u00e9e d\u2019autres plus.<\/p>\n\n\n\n<p>Au sein de l\u2019\u00e9tablissement, une Psychologue de l\u2019\u00c9ducation Nationale est \u00e0 votre disposition, pour vous et votre (vos) enfant(s). Il sera n\u00e9cessaire d\u2019accompagner votre enfant tout au long de sa scolarit\u00e9 et \u00eatre une personne ressource pour l\u2019\u00e9quipe \u00e9ducative, tout particuli\u00e8rement si votre (vos) enfant(s) devra effectuer des choix d&rsquo;orientation.&nbsp;<\/p>\n\n\n\n<p><strong><u>Les Missions du Psychologue de l\u2019\u00c9ducation Nationale en \u00e9tablissement :<\/u><\/strong><\/p>\n\n\n\n<p>\u00b7 Le Psychologue E.N intervient dans les \u00e9tablissements Scolaires Publics.<\/p>\n\n\n\n<p>\u00b7 Il travaille en \u00e9troite collaboration avec le Chef d\u2019\u00c9tablissement et les \u00e9quipes \u00e9ducatives.<\/p>\n\n\n\n<p>\u00b7 Il participe en relation avec les familles, \u00e0 l\u2019\u00e9laboration ainsi qu\u2019\u00e0 la r\u00e9alisation des projets scolaires et professionnels des \u00e9l\u00e8ves.<\/p>\n\n\n\n<p>\u00b7 Il assure l\u2019information sur les formations et les m\u00e9tiers afin d\u2019aider au mieux dans le(s) choix de poursuite(s) d\u2019\u00e9tudes.<\/p>\n\n\n\n<p>\u00b7 Il contribue au suivi des \u00e9l\u00e8ves, ainsi qu\u2019\u00e0 la mise en \u0153uvre des conditions de leur r\u00e9ussite scolaire.<\/p>\n\n\n\n<p>\u00b7 <strong>Il portera une attention particuli\u00e8re aux \u00e9l\u00e8ves en difficult\u00e9, \u00e0 besoins particuliers, en situation de handicap ou donnant des signes de souffrance psychologique. Il participera \u00e9galement \u00e0 la<\/strong> <strong>pr\u00e9vention et \u00e0 la rem\u00e9diation du d\u00e9crochage scolaire<\/strong>.<\/p>\n\n\n\n<p>\u00b7 Il re\u00e7oit sur rendez-vous au lyc\u00e9e, les \u00e9l\u00e8ves et leurs parents, qui en formulent la demande.<\/p>\n\n\n\n<p><strong>La Psychologue E.N est pr\u00e9sente dans l\u2019\u00e9tablissement toute l\u2019ann\u00e9e. N\u2019h\u00e9sitez pas \u00e0 la contacter !<\/strong><\/p>\n\n\n\n<p><strong>&nbsp;<\/strong><a href=\"mailto:marine.betemps@ac-reunion.fr\"><strong>aurelie.dorilas@ac-reunion.fr<\/strong><\/a><strong> ou via Pronote<\/strong><\/p>\n\n\n\n<figure class=\"wp-block-image size-full is-resized\"><img loading=\"lazy\" decoding=\"async\" width=\"352\" height=\"245\" src=\"https:\/\/etab.ac-reunion.fr\/lyc-antoine-de-saint-exupery\/wp-content\/uploads\/sites\/59\/2022\/09\/image-43.png\" alt=\"\" class=\"wp-image-7416\" style=\"width:176px;height:123px\" srcset=\"https:\/\/etab.ac-reunion.fr\/lyc-antoine-de-saint-exupery\/wp-content\/uploads\/sites\/59\/2022\/09\/image-43.png 352w, https:\/\/etab.ac-reunion.fr\/lyc-antoine-de-saint-exupery\/wp-content\/uploads\/sites\/59\/2022\/09\/image-43-300x209.png 300w\" sizes=\"auto, (max-width: 352px) 100vw, 352px\" \/><\/figure>\n\n\n\n<p><strong>Aur\u00e9lie DORILAS<\/strong> <strong>Psychologue E.N<\/strong> <strong>pr\u00e9sente au lyc\u00e9e:<\/strong><br \/><strong>-Lundi de 13h30 \u00e0 17h00<\/strong><br \/><strong>-Mardi de 9h00 \u00e0 12h00 <\/strong><br \/><strong>-Jeudi de 9h00 \u00e0 12h00 <\/strong><br \/><strong>-Vendredi de 9h00 \u00e0 12h00<\/strong><br \/><strong>Prise de rendez-vous aupr\u00e8s de la Vie Scolaire<\/strong> <strong>0262.38.29.80<\/strong><\/p>\n\n\n\n<p><\/p>\n\n\n\n<p>Informations concernant le CIO (Centre d&rsquo;Information et d&rsquo;Orientation) de Saint-Louis :<\/p>\n\n\n\n<p><strong>CIO St-Louis<\/strong> <br \/>Adresse: 37 rue Sarda Garriga 97421 Saint-Louis<br \/>T\u00e9l : 0262 26 15 32<br \/>\ud83d\udc49 Le CIO a pour mission d\u2019accompagner les jeunes dans leurs projets d\u2019orientation scolaire et professionnelle, et de leur fournir des informations personnalis\u00e9es.<\/p>\n\n\n\n<hr class=\"wp-block-separator has-alpha-channel-opacity\" \/>\n\n\n\n<h3 class=\"wp-block-heading\">\ud83d\udd52 Horaires d\u2019ouverture<\/h3>\n\n\n\n<p><strong>Pendant l\u2019ann\u00e9e scolaire :<\/strong><\/p>\n\n\n\n<ul class=\"wp-block-list\">\n<li>Lundi : 13h00 \u2013 16h30<\/li>\n\n\n\n<li>Mardi au vendredi : 8h30 \u2013 12h00 et 13h00 \u2013 16h30<\/li>\n<\/ul>\n\n\n\n<p><strong>Pendant les vacances scolaires :<\/strong><\/p>\n\n\n\n<p>Lundi au vendredi : 9h00 \u2013 12h00 et 13h00 \u2013 16h00<\/p>\n\n\n\n<p><br \/><strong>UNIQUEMENT SUR RDV<\/strong><\/p>\n\n\n\n<p>\ud83d\udcc4 <a href=\"https:\/\/etab.ac-reunion.fr\/lyc-antoine-de-saint-exupery\/wp-content\/uploads\/sites\/59\/2026\/04\/PLAQUETTE-CIO-ST-LOUIS-2025-2026-.pdf\">Une plaquette de pr\u00e9sentation du CIO (missions, services, personnels) est disponible en pi\u00e8ce jointe.<\/a><\/p>\n\n\n\n<p><a href=\"https:\/\/etab.ac-reunion.fr\/lyc-antoine-de-saint-exupery\/wp-content\/uploads\/sites\/59\/2023\/08\/LETTRE-AUX-PARENTS.pdf\">-lettre aux parents.pdf<\/a><\/p>\n","protected":false},"excerpt":{"rendered":"<p>Chers parents, Votre enfant est inscrit au sein du Lyc\u00e9e des Avirons, certains depuis cette ann\u00e9e d\u2019autres plus. Au sein de l\u2019\u00e9tablissement, une Psychologue de l\u2019\u00c9ducation Nationale est \u00e0 votre disposition, pour vous et votre (vos) enfant(s). Il sera n\u00e9cessaire d\u2019accompagner votre enfant tout au long de sa scolarit\u00e9 et \u00eatre une personne ressource pour [&hellip;]<\/p>\n","protected":false},"author":23092,"featured_media":7414,"comment_status":"closed","ping_status":"closed","sticky":false,"template":"","format":"standard","meta":{"footnotes":""},"categories":[12],"tags":[],"class_list":["post-7404","post","type-post","status-publish","format-standard","has-post-thumbnail","hentry","category-diaporama"],"_links":{"self":[{"href":"https:\/\/etab.ac-reunion.fr\/lyc-antoine-de-saint-exupery\/wp-json\/wp\/v2\/posts\/7404","targetHints":{"allow":["GET"]}}],"collection":[{"href":"https:\/\/etab.ac-reunion.fr\/lyc-antoine-de-saint-exupery\/wp-json\/wp\/v2\/posts"}],"about":[{"href":"https:\/\/etab.ac-reunion.fr\/lyc-antoine-de-saint-exupery\/wp-json\/wp\/v2\/types\/post"}],"author":[{"embeddable":true,"href":"https:\/\/etab.ac-reunion.fr\/lyc-antoine-de-saint-exupery\/wp-json\/wp\/v2\/users\/23092"}],"replies":[{"embeddable":true,"href":"https:\/\/etab.ac-reunion.fr\/lyc-antoine-de-saint-exupery\/wp-json\/wp\/v2\/comments?post=7404"}],"version-history":[{"count":9,"href":"https:\/\/etab.ac-reunion.fr\/lyc-antoine-de-saint-exupery\/wp-json\/wp\/v2\/posts\/7404\/revisions"}],"predecessor-version":[{"id":11767,"href":"https:\/\/etab.ac-reunion.fr\/lyc-antoine-de-saint-exupery\/wp-json\/wp\/v2\/posts\/7404\/revisions\/11767"}],"wp:featuredmedia":[{"embeddable":true,"href":"https:\/\/etab.ac-reunion.fr\/lyc-antoine-de-saint-exupery\/wp-json\/wp\/v2\/media\/7414"}],"wp:attachment":[{"href":"https:\/\/etab.ac-reunion.fr\/lyc-antoine-de-saint-exupery\/wp-json\/wp\/v2\/media?parent=7404"}],"wp:term":[{"taxonomy":"category","embeddable":true,"href":"https:\/\/etab.ac-reunion.fr\/lyc-antoine-de-saint-exupery\/wp-json\/wp\/v2\/categories?post=7404"},{"taxonomy":"post_tag","embeddable":true,"href":"https:\/\/etab.ac-reunion.fr\/lyc-antoine-de-saint-exupery\/wp-json\/wp\/v2\/tags?post=7404"}],"curies":[{"name":"wp","href":"https:\/\/api.w.org\/{rel}","templated":true}]}}