{"id":7906,"date":"2023-01-30T10:38:15","date_gmt":"2023-01-30T06:38:15","guid":{"rendered":"https:\/\/etab.ac-reunion.fr\/lyc-antoine-de-saint-exupery\/?p=7906"},"modified":"2023-01-30T10:38:15","modified_gmt":"2023-01-30T06:38:15","slug":"la-prepa-des-inp","status":"publish","type":"post","link":"https:\/\/etab.ac-reunion.fr\/lyc-antoine-de-saint-exupery\/la-prepa-des-inp\/","title":{"rendered":"La Pr\u00e9pa des INP"},"content":{"rendered":"\n<p>Dans la continuit\u00e9 de l&rsquo;action de promotion et d&rsquo;information, veuillez trouver ci-dessous la plaquette de pr\u00e9sentation de la formation \u00e0 destination des <strong>\u00e9l\u00e8ves de terminales en sp\u00e9 maths<\/strong>.<br \/><br \/><a href=\"https:\/\/etab.ac-reunion.fr\/lyc-antoine-de-saint-exupery\/wp-content\/uploads\/sites\/59\/2023\/01\/Plaquette_Prepa_INP_2022_Web.pdf\">-Plaquette_Prepa_INP<\/a><\/p>\n\n\n\n<p>Des visioconf\u00e9rences de pr\u00e9sentation sont pr\u00e9vues au mois de f\u00e9vrier. Voici le lien sur lequel les \u00e9l\u00e8ves pourront s&rsquo;inscrire : <a href=\"https:\/\/cppreunion.fr\/formulaire-dinscription\/\">https:\/\/cppreunion.fr\/formulaire-dinscription\/<\/a><\/p>\n\n\n\n<p>La journ\u00e9e portes ouvertes de La Pr\u00e9pa des INP se tiendra le samedi 25 f\u00e9vrier 2023 (matin).<\/p>\n","protected":false},"excerpt":{"rendered":"<p>Dans la continuit\u00e9 de l&rsquo;action de promotion et d&rsquo;information, veuillez trouver ci-dessous la plaquette de pr\u00e9sentation de la formation \u00e0 destination des \u00e9l\u00e8ves de terminales en sp\u00e9 maths. -Plaquette_Prepa_INP Des visioconf\u00e9rences de pr\u00e9sentation sont pr\u00e9vues au mois de f\u00e9vrier. Voici le lien sur lequel les \u00e9l\u00e8ves pourront s&rsquo;inscrire : https:\/\/cppreunion.fr\/formulaire-dinscription\/ La journ\u00e9e portes ouvertes de [&hellip;]<\/p>\n","protected":false},"author":23092,"featured_media":7908,"comment_status":"closed","ping_status":"closed","sticky":false,"template":"","format":"standard","meta":{"footnotes":""},"categories":[161,152,151],"tags":[],"class_list":["post-7906","post","type-post","status-publish","format-standard","has-post-thumbnail","hentry","category-infos","category-infos-journees-portes-ouvertes","category-visio"],"_links":{"self":[{"href":"https:\/\/etab.ac-reunion.fr\/lyc-antoine-de-saint-exupery\/wp-json\/wp\/v2\/posts\/7906","targetHints":{"allow":["GET"]}}],"collection":[{"href":"https:\/\/etab.ac-reunion.fr\/lyc-antoine-de-saint-exupery\/wp-json\/wp\/v2\/posts"}],"about":[{"href":"https:\/\/etab.ac-reunion.fr\/lyc-antoine-de-saint-exupery\/wp-json\/wp\/v2\/types\/post"}],"author":[{"embeddable":true,"href":"https:\/\/etab.ac-reunion.fr\/lyc-antoine-de-saint-exupery\/wp-json\/wp\/v2\/users\/23092"}],"replies":[{"embeddable":true,"href":"https:\/\/etab.ac-reunion.fr\/lyc-antoine-de-saint-exupery\/wp-json\/wp\/v2\/comments?post=7906"}],"version-history":[{"count":1,"href":"https:\/\/etab.ac-reunion.fr\/lyc-antoine-de-saint-exupery\/wp-json\/wp\/v2\/posts\/7906\/revisions"}],"predecessor-version":[{"id":7909,"href":"https:\/\/etab.ac-reunion.fr\/lyc-antoine-de-saint-exupery\/wp-json\/wp\/v2\/posts\/7906\/revisions\/7909"}],"wp:featuredmedia":[{"embeddable":true,"href":"https:\/\/etab.ac-reunion.fr\/lyc-antoine-de-saint-exupery\/wp-json\/wp\/v2\/media\/7908"}],"wp:attachment":[{"href":"https:\/\/etab.ac-reunion.fr\/lyc-antoine-de-saint-exupery\/wp-json\/wp\/v2\/media?parent=7906"}],"wp:term":[{"taxonomy":"category","embeddable":true,"href":"https:\/\/etab.ac-reunion.fr\/lyc-antoine-de-saint-exupery\/wp-json\/wp\/v2\/categories?post=7906"},{"taxonomy":"post_tag","embeddable":true,"href":"https:\/\/etab.ac-reunion.fr\/lyc-antoine-de-saint-exupery\/wp-json\/wp\/v2\/tags?post=7906"}],"curies":[{"name":"wp","href":"https:\/\/api.w.org\/{rel}","templated":true}]}}