{"id":8050,"date":"2023-02-23T15:32:14","date_gmt":"2023-02-23T11:32:14","guid":{"rendered":"https:\/\/etab.ac-reunion.fr\/lyc-antoine-de-saint-exupery\/?p=8050"},"modified":"2023-02-23T15:32:14","modified_gmt":"2023-02-23T11:32:14","slug":"journees-portes-ouvertes-du-lycee-emile-boyer-de-la-giroday","status":"publish","type":"post","link":"https:\/\/etab.ac-reunion.fr\/lyc-antoine-de-saint-exupery\/journees-portes-ouvertes-du-lycee-emile-boyer-de-la-giroday\/","title":{"rendered":"Journ\u00e9es portes ouvertes du lyc\u00e9e Emile Boyer de la Giroday"},"content":{"rendered":"\n<p>FORMA\u2019TERRA organise une Journ\u00e9e Portes Ouvertes le samedi 04 mars de 8h00 \u00e0 12h30, sur le site de Saint-Paul. Vous pourrez rencontrer nos apprenants, les \u00e9quipes \u00e9ducatives et p\u00e9dagogiques, assister \u00e0 des ateliers de pr\u00e9sentation et\/ou de d\u00e9monstration de nos formations. Des visites du site seront \u00e9galement au programme de cette journ\u00e9e<\/p>\n\n\n\n<figure class=\"wp-block-image size-full\"><img loading=\"lazy\" decoding=\"async\" width=\"934\" height=\"862\" src=\"https:\/\/etab.ac-reunion.fr\/lyc-antoine-de-saint-exupery\/wp-content\/uploads\/sites\/59\/2023\/02\/image-29.png\" alt=\"\" class=\"wp-image-8051\" srcset=\"https:\/\/etab.ac-reunion.fr\/lyc-antoine-de-saint-exupery\/wp-content\/uploads\/sites\/59\/2023\/02\/image-29.png 934w, https:\/\/etab.ac-reunion.fr\/lyc-antoine-de-saint-exupery\/wp-content\/uploads\/sites\/59\/2023\/02\/image-29-300x277.png 300w, https:\/\/etab.ac-reunion.fr\/lyc-antoine-de-saint-exupery\/wp-content\/uploads\/sites\/59\/2023\/02\/image-29-768x709.png 768w\" sizes=\"auto, (max-width: 934px) 100vw, 934px\" \/><figcaption class=\"wp-element-caption\"><a href=\"https:\/\/etab.ac-reunion.fr\/lyc-antoine-de-saint-exupery\/wp-content\/uploads\/sites\/59\/2023\/02\/AFFICHE_JPO_FORMATERRA_mars_avril_2023.pdf\">https:\/\/etab.ac-reunion.fr\/lyc-antoine-de-saint-exupery\/wp-content\/uploads\/sites\/59\/2023\/02\/AFFICHE_JPO_FORMATERRA_mars_avril_2023.pdf<\/a><\/figcaption><\/figure>\n","protected":false},"excerpt":{"rendered":"<p>FORMA\u2019TERRA organise une Journ\u00e9e Portes Ouvertes le samedi 04 mars de 8h00 \u00e0 12h30, sur le site de Saint-Paul. Vous pourrez rencontrer nos apprenants, les \u00e9quipes \u00e9ducatives et p\u00e9dagogiques, assister \u00e0 des ateliers de pr\u00e9sentation et\/ou de d\u00e9monstration de nos formations. Des visites du site seront \u00e9galement au programme de cette journ\u00e9e<\/p>\n","protected":false},"author":23092,"featured_media":8053,"comment_status":"closed","ping_status":"closed","sticky":false,"template":"","format":"standard","meta":{"footnotes":""},"categories":[152],"tags":[],"class_list":["post-8050","post","type-post","status-publish","format-standard","has-post-thumbnail","hentry","category-infos-journees-portes-ouvertes"],"_links":{"self":[{"href":"https:\/\/etab.ac-reunion.fr\/lyc-antoine-de-saint-exupery\/wp-json\/wp\/v2\/posts\/8050","targetHints":{"allow":["GET"]}}],"collection":[{"href":"https:\/\/etab.ac-reunion.fr\/lyc-antoine-de-saint-exupery\/wp-json\/wp\/v2\/posts"}],"about":[{"href":"https:\/\/etab.ac-reunion.fr\/lyc-antoine-de-saint-exupery\/wp-json\/wp\/v2\/types\/post"}],"author":[{"embeddable":true,"href":"https:\/\/etab.ac-reunion.fr\/lyc-antoine-de-saint-exupery\/wp-json\/wp\/v2\/users\/23092"}],"replies":[{"embeddable":true,"href":"https:\/\/etab.ac-reunion.fr\/lyc-antoine-de-saint-exupery\/wp-json\/wp\/v2\/comments?post=8050"}],"version-history":[{"count":1,"href":"https:\/\/etab.ac-reunion.fr\/lyc-antoine-de-saint-exupery\/wp-json\/wp\/v2\/posts\/8050\/revisions"}],"predecessor-version":[{"id":8054,"href":"https:\/\/etab.ac-reunion.fr\/lyc-antoine-de-saint-exupery\/wp-json\/wp\/v2\/posts\/8050\/revisions\/8054"}],"wp:featuredmedia":[{"embeddable":true,"href":"https:\/\/etab.ac-reunion.fr\/lyc-antoine-de-saint-exupery\/wp-json\/wp\/v2\/media\/8053"}],"wp:attachment":[{"href":"https:\/\/etab.ac-reunion.fr\/lyc-antoine-de-saint-exupery\/wp-json\/wp\/v2\/media?parent=8050"}],"wp:term":[{"taxonomy":"category","embeddable":true,"href":"https:\/\/etab.ac-reunion.fr\/lyc-antoine-de-saint-exupery\/wp-json\/wp\/v2\/categories?post=8050"},{"taxonomy":"post_tag","embeddable":true,"href":"https:\/\/etab.ac-reunion.fr\/lyc-antoine-de-saint-exupery\/wp-json\/wp\/v2\/tags?post=8050"}],"curies":[{"name":"wp","href":"https:\/\/api.w.org\/{rel}","templated":true}]}}