{"id":8069,"date":"2023-02-28T10:16:27","date_gmt":"2023-02-28T06:16:27","guid":{"rendered":"https:\/\/etab.ac-reunion.fr\/lyc-antoine-de-saint-exupery\/?p=8069"},"modified":"2023-02-28T10:16:27","modified_gmt":"2023-02-28T06:16:27","slug":"iloi-journee-portes-ouvertes","status":"publish","type":"post","link":"https:\/\/etab.ac-reunion.fr\/lyc-antoine-de-saint-exupery\/iloi-journee-portes-ouvertes\/","title":{"rendered":"ILOI &#8211; Journ\u00e9e portes ouvertes"},"content":{"rendered":"\n<p>L&rsquo;institut de l&rsquo;Image de l&rsquo;Oc\u00e9an Indien (L&rsquo;ILOI) ouvre ses portes.<\/p>\n\n\n\n<p>Cette \u00e9cole de cr\u00e9ation de l&rsquo;image ne cesse d&rsquo;\u00e9voluer et devient \u00ab\u00a03 Ecoles en une\u00a0\u00bb.<br \/>Certifi\u00e9e Qualiopi, elle propose un cursus complet de la&nbsp;<strong>Licence au Master&nbsp;<\/strong>avec la particularit\u00e9 d&rsquo;offrir une double validation universitaire et professionnelle.<\/p>\n\n\n\n<p>Des professionnels et \u00e9tudiants seront l\u00e0 pour vous parler \u00ab\u00a0m\u00e9tiers\u00a0\u00bbdans les domaines de la Cr\u00e9ation Digitale, du Cin\u00e9ma et de la T\u00e9l\u00e9vision, de l&rsquo;animation 2D\/3D et du Jeu vid\u00e9o. Travaux et projets r\u00e9alis\u00e9s en formation vous seront pr\u00e9sent\u00e9s.<\/p>\n\n\n\n<p>L&rsquo;ILOI vous accueille\u00a0ce<strong>\u00a0<u>MERCREDI 1er MARS de 9h \u00e0 15h30 dans notre \u00e9tablissement.<\/u><\/strong><\/p>\n\n\n\n<figure class=\"wp-block-image size-large\"><img loading=\"lazy\" decoding=\"async\" width=\"1024\" height=\"576\" src=\"https:\/\/etab.ac-reunion.fr\/lyc-antoine-de-saint-exupery\/wp-content\/uploads\/sites\/59\/2023\/02\/image-31-1024x576.png\" alt=\"\" class=\"wp-image-8070\" srcset=\"https:\/\/etab.ac-reunion.fr\/lyc-antoine-de-saint-exupery\/wp-content\/uploads\/sites\/59\/2023\/02\/image-31-1024x576.png 1024w, https:\/\/etab.ac-reunion.fr\/lyc-antoine-de-saint-exupery\/wp-content\/uploads\/sites\/59\/2023\/02\/image-31-300x169.png 300w, https:\/\/etab.ac-reunion.fr\/lyc-antoine-de-saint-exupery\/wp-content\/uploads\/sites\/59\/2023\/02\/image-31-768x432.png 768w, https:\/\/etab.ac-reunion.fr\/lyc-antoine-de-saint-exupery\/wp-content\/uploads\/sites\/59\/2023\/02\/image-31-1536x864.png 1536w, https:\/\/etab.ac-reunion.fr\/lyc-antoine-de-saint-exupery\/wp-content\/uploads\/sites\/59\/2023\/02\/image-31-95x54.png 95w, https:\/\/etab.ac-reunion.fr\/lyc-antoine-de-saint-exupery\/wp-content\/uploads\/sites\/59\/2023\/02\/image-31.png 1920w\" sizes=\"auto, (max-width: 1024px) 100vw, 1024px\" \/><\/figure>\n\n\n\n<p><a href=\"https:\/\/etab.ac-reunion.fr\/lyc-antoine-de-saint-exupery\/wp-content\/uploads\/sites\/59\/2023\/02\/AFFICHE.pdf\">-affiche<\/a><\/p>\n","protected":false},"excerpt":{"rendered":"<p>L&rsquo;institut de l&rsquo;Image de l&rsquo;Oc\u00e9an Indien (L&rsquo;ILOI) ouvre ses portes. Cette \u00e9cole de cr\u00e9ation de l&rsquo;image ne cesse d&rsquo;\u00e9voluer et devient \u00ab\u00a03 Ecoles en une\u00a0\u00bb.Certifi\u00e9e Qualiopi, elle propose un cursus complet de la&nbsp;Licence au Master&nbsp;avec la particularit\u00e9 d&rsquo;offrir une double validation universitaire et professionnelle. Des professionnels et \u00e9tudiants seront l\u00e0 pour vous parler \u00ab\u00a0m\u00e9tiers\u00a0\u00bbdans les [&hellip;]<\/p>\n","protected":false},"author":23092,"featured_media":8070,"comment_status":"closed","ping_status":"closed","sticky":false,"template":"","format":"standard","meta":{"footnotes":""},"categories":[152],"tags":[],"class_list":["post-8069","post","type-post","status-publish","format-standard","has-post-thumbnail","hentry","category-infos-journees-portes-ouvertes"],"_links":{"self":[{"href":"https:\/\/etab.ac-reunion.fr\/lyc-antoine-de-saint-exupery\/wp-json\/wp\/v2\/posts\/8069","targetHints":{"allow":["GET"]}}],"collection":[{"href":"https:\/\/etab.ac-reunion.fr\/lyc-antoine-de-saint-exupery\/wp-json\/wp\/v2\/posts"}],"about":[{"href":"https:\/\/etab.ac-reunion.fr\/lyc-antoine-de-saint-exupery\/wp-json\/wp\/v2\/types\/post"}],"author":[{"embeddable":true,"href":"https:\/\/etab.ac-reunion.fr\/lyc-antoine-de-saint-exupery\/wp-json\/wp\/v2\/users\/23092"}],"replies":[{"embeddable":true,"href":"https:\/\/etab.ac-reunion.fr\/lyc-antoine-de-saint-exupery\/wp-json\/wp\/v2\/comments?post=8069"}],"version-history":[{"count":1,"href":"https:\/\/etab.ac-reunion.fr\/lyc-antoine-de-saint-exupery\/wp-json\/wp\/v2\/posts\/8069\/revisions"}],"predecessor-version":[{"id":8072,"href":"https:\/\/etab.ac-reunion.fr\/lyc-antoine-de-saint-exupery\/wp-json\/wp\/v2\/posts\/8069\/revisions\/8072"}],"wp:featuredmedia":[{"embeddable":true,"href":"https:\/\/etab.ac-reunion.fr\/lyc-antoine-de-saint-exupery\/wp-json\/wp\/v2\/media\/8070"}],"wp:attachment":[{"href":"https:\/\/etab.ac-reunion.fr\/lyc-antoine-de-saint-exupery\/wp-json\/wp\/v2\/media?parent=8069"}],"wp:term":[{"taxonomy":"category","embeddable":true,"href":"https:\/\/etab.ac-reunion.fr\/lyc-antoine-de-saint-exupery\/wp-json\/wp\/v2\/categories?post=8069"},{"taxonomy":"post_tag","embeddable":true,"href":"https:\/\/etab.ac-reunion.fr\/lyc-antoine-de-saint-exupery\/wp-json\/wp\/v2\/tags?post=8069"}],"curies":[{"name":"wp","href":"https:\/\/api.w.org\/{rel}","templated":true}]}}