{"id":8092,"date":"2023-03-03T09:05:27","date_gmt":"2023-03-03T05:05:27","guid":{"rendered":"https:\/\/etab.ac-reunion.fr\/lyc-antoine-de-saint-exupery\/?p=8092"},"modified":"2023-03-03T09:05:27","modified_gmt":"2023-03-03T05:05:27","slug":"journees-portes-ouvertes-aftral-st-paul-samedi-11-03-9h00-13h00","status":"publish","type":"post","link":"https:\/\/etab.ac-reunion.fr\/lyc-antoine-de-saint-exupery\/journees-portes-ouvertes-aftral-st-paul-samedi-11-03-9h00-13h00\/","title":{"rendered":"Journ\u00e9es portes ouvertes &#8211; AFTRAL ST PAUL SAMEDI 11\/03 &#8211; 9h00 &#8211; 13h00"},"content":{"rendered":"\n<p><strong>AFTRAL de St PAUL<\/strong> organise une\u00a0<strong>Journ\u00e9e Portes Ouvertes<\/strong>\u00a0le\u00a0<strong>Samedi 11 MARS\u00a0de 9h \u00e0 13h<\/strong>:<\/p>\n\n\n\n<p><strong>\ud83d\udea9&nbsp;AFTRAL de St PAUL \u00e0 Cambaie &#8211;&nbsp;<\/strong>89 Rue Henri Cornu 97460 Saint-Paul<\/p>\n\n\n\n<p>De&nbsp;<strong>nombreux postes en alternance sont \u00e0 pourvoir&nbsp;<\/strong>pour <strong>la rentr\u00e9e de septembre 2023<\/strong> sur toute l&rsquo;\u00eele&nbsp;en apprentissage sur divers m\u00e9tiers pour acqu\u00e9rir un Titre professionnel :&nbsp;<\/p>\n\n\n\n<ul class=\"wp-block-list\">\n<li><strong>Conducteur routier de marchandises &#8211; permis C<\/strong>&nbsp;(sortie niveau CAP)<\/li>\n\n\n\n<li><strong>Conducteur de transport en commun voyageur&nbsp;<\/strong><strong>&#8211; permis D<\/strong>&nbsp;(sortie niveau CAP)<br \/><\/li>\n\n\n\n<li><strong>Agent Magasinier <\/strong>&#8211;&nbsp;<strong>Caces 1A -3 -5<\/strong>&nbsp;(sortie niveau CAP)<\/li>\n\n\n\n<li><strong>Technicien en logistique d&rsquo;entreposage<\/strong>&nbsp;&#8211;&nbsp;<strong>Caces 1A -3 -5<\/strong>&nbsp;(sortie niveau BAC)<\/li>\n\n\n\n<li><strong>Technicien sup\u00e9rieur en m\u00e9thode et exploitation logistique<\/strong>&nbsp;&#8211;&nbsp;<strong>Caces&nbsp; 3 -5<\/strong>&nbsp;(sortie niveau BAC+2)<\/li>\n\n\n\n<li><strong>Responsable en logistique<\/strong>&nbsp;(sortie niveau BAC+3)<br \/><\/li>\n\n\n\n<li><strong>Organisateur de transport de marchandises a\u00e9rien et maritime<\/strong>&nbsp;(sortie niveau BAC+2)<\/li>\n\n\n\n<li><strong>Responsable d&rsquo;une unit\u00e9 de transport logistique<\/strong>&nbsp;(sortie niveau BAC+2)<br \/><\/li>\n\n\n\n<li><strong>D\u00e9clarant en Douane et conseil<\/strong>\u00a0(sortie niveau BAC+3)<\/li>\n<\/ul>\n\n\n\n<figure class=\"wp-block-image size-full\"><img loading=\"lazy\" decoding=\"async\" width=\"540\" height=\"758\" src=\"https:\/\/etab.ac-reunion.fr\/lyc-antoine-de-saint-exupery\/wp-content\/uploads\/sites\/59\/2023\/03\/image-1.png\" alt=\"\" class=\"wp-image-8093\" srcset=\"https:\/\/etab.ac-reunion.fr\/lyc-antoine-de-saint-exupery\/wp-content\/uploads\/sites\/59\/2023\/03\/image-1.png 540w, https:\/\/etab.ac-reunion.fr\/lyc-antoine-de-saint-exupery\/wp-content\/uploads\/sites\/59\/2023\/03\/image-1-214x300.png 214w\" sizes=\"auto, (max-width: 540px) 100vw, 540px\" \/><\/figure>\n\n\n\n<figure class=\"wp-block-image size-full\"><img loading=\"lazy\" decoding=\"async\" width=\"548\" height=\"751\" src=\"https:\/\/etab.ac-reunion.fr\/lyc-antoine-de-saint-exupery\/wp-content\/uploads\/sites\/59\/2023\/03\/image-2.png\" alt=\"\" class=\"wp-image-8096\" srcset=\"https:\/\/etab.ac-reunion.fr\/lyc-antoine-de-saint-exupery\/wp-content\/uploads\/sites\/59\/2023\/03\/image-2.png 548w, https:\/\/etab.ac-reunion.fr\/lyc-antoine-de-saint-exupery\/wp-content\/uploads\/sites\/59\/2023\/03\/image-2-219x300.png 219w\" sizes=\"auto, (max-width: 548px) 100vw, 548px\" \/><\/figure>\n\n\n\n<p><a href=\"https:\/\/etab.ac-reunion.fr\/lyc-antoine-de-saint-exupery\/wp-content\/uploads\/sites\/59\/2023\/03\/AFTRAL-CFA-REUNION.pdf\">-AFTRAL CFA REUNION<\/a><br \/><a href=\"https:\/\/etab.ac-reunion.fr\/lyc-antoine-de-saint-exupery\/wp-content\/uploads\/sites\/59\/2023\/03\/FLYER-JPO-AFTRAL.pdf\">-FLYER JPO AFTRAL<\/a><\/p>\n","protected":false},"excerpt":{"rendered":"<p>AFTRAL de St PAUL organise une\u00a0Journ\u00e9e Portes Ouvertes\u00a0le\u00a0Samedi 11 MARS\u00a0de 9h \u00e0 13h: \ud83d\udea9&nbsp;AFTRAL de St PAUL \u00e0 Cambaie &#8211;&nbsp;89 Rue Henri Cornu 97460 Saint-Paul De&nbsp;nombreux postes en alternance sont \u00e0 pourvoir&nbsp;pour la rentr\u00e9e de septembre 2023 sur toute l&rsquo;\u00eele&nbsp;en apprentissage sur divers m\u00e9tiers pour acqu\u00e9rir un Titre professionnel :&nbsp; -AFTRAL CFA REUNION-FLYER JPO AFTRAL<\/p>\n","protected":false},"author":23092,"featured_media":8093,"comment_status":"closed","ping_status":"closed","sticky":false,"template":"","format":"standard","meta":{"footnotes":""},"categories":[152],"tags":[],"class_list":["post-8092","post","type-post","status-publish","format-standard","has-post-thumbnail","hentry","category-infos-journees-portes-ouvertes"],"_links":{"self":[{"href":"https:\/\/etab.ac-reunion.fr\/lyc-antoine-de-saint-exupery\/wp-json\/wp\/v2\/posts\/8092","targetHints":{"allow":["GET"]}}],"collection":[{"href":"https:\/\/etab.ac-reunion.fr\/lyc-antoine-de-saint-exupery\/wp-json\/wp\/v2\/posts"}],"about":[{"href":"https:\/\/etab.ac-reunion.fr\/lyc-antoine-de-saint-exupery\/wp-json\/wp\/v2\/types\/post"}],"author":[{"embeddable":true,"href":"https:\/\/etab.ac-reunion.fr\/lyc-antoine-de-saint-exupery\/wp-json\/wp\/v2\/users\/23092"}],"replies":[{"embeddable":true,"href":"https:\/\/etab.ac-reunion.fr\/lyc-antoine-de-saint-exupery\/wp-json\/wp\/v2\/comments?post=8092"}],"version-history":[{"count":1,"href":"https:\/\/etab.ac-reunion.fr\/lyc-antoine-de-saint-exupery\/wp-json\/wp\/v2\/posts\/8092\/revisions"}],"predecessor-version":[{"id":8097,"href":"https:\/\/etab.ac-reunion.fr\/lyc-antoine-de-saint-exupery\/wp-json\/wp\/v2\/posts\/8092\/revisions\/8097"}],"wp:featuredmedia":[{"embeddable":true,"href":"https:\/\/etab.ac-reunion.fr\/lyc-antoine-de-saint-exupery\/wp-json\/wp\/v2\/media\/8093"}],"wp:attachment":[{"href":"https:\/\/etab.ac-reunion.fr\/lyc-antoine-de-saint-exupery\/wp-json\/wp\/v2\/media?parent=8092"}],"wp:term":[{"taxonomy":"category","embeddable":true,"href":"https:\/\/etab.ac-reunion.fr\/lyc-antoine-de-saint-exupery\/wp-json\/wp\/v2\/categories?post=8092"},{"taxonomy":"post_tag","embeddable":true,"href":"https:\/\/etab.ac-reunion.fr\/lyc-antoine-de-saint-exupery\/wp-json\/wp\/v2\/tags?post=8092"}],"curies":[{"name":"wp","href":"https:\/\/api.w.org\/{rel}","templated":true}]}}