{"id":8296,"date":"2023-05-11T09:12:47","date_gmt":"2023-05-11T05:12:47","guid":{"rendered":"https:\/\/etab.ac-reunion.fr\/lyc-antoine-de-saint-exupery\/?p=8296"},"modified":"2023-05-11T13:23:35","modified_gmt":"2023-05-11T09:23:35","slug":"erasmus-autriche-2023","status":"publish","type":"post","link":"https:\/\/etab.ac-reunion.fr\/lyc-antoine-de-saint-exupery\/erasmus-autriche-2023\/","title":{"rendered":"Erasmus Autriche 2023"},"content":{"rendered":"\n<p><\/p>\n\n\n\n<figure class=\"wp-block-image size-large\"><img loading=\"lazy\" decoding=\"async\" width=\"1024\" height=\"461\" src=\"https:\/\/etab.ac-reunion.fr\/lyc-antoine-de-saint-exupery\/wp-content\/uploads\/sites\/59\/2023\/05\/Photo-1-1024x461.jpg\" alt=\"\" class=\"wp-image-8297\" srcset=\"https:\/\/etab.ac-reunion.fr\/lyc-antoine-de-saint-exupery\/wp-content\/uploads\/sites\/59\/2023\/05\/Photo-1-1024x461.jpg 1024w, https:\/\/etab.ac-reunion.fr\/lyc-antoine-de-saint-exupery\/wp-content\/uploads\/sites\/59\/2023\/05\/Photo-1-300x135.jpg 300w, https:\/\/etab.ac-reunion.fr\/lyc-antoine-de-saint-exupery\/wp-content\/uploads\/sites\/59\/2023\/05\/Photo-1-768x345.jpg 768w, https:\/\/etab.ac-reunion.fr\/lyc-antoine-de-saint-exupery\/wp-content\/uploads\/sites\/59\/2023\/05\/Photo-1-1536x691.jpg 1536w, https:\/\/etab.ac-reunion.fr\/lyc-antoine-de-saint-exupery\/wp-content\/uploads\/sites\/59\/2023\/05\/Photo-1-2048x921.jpg 2048w\" sizes=\"auto, (max-width: 1024px) 100vw, 1024px\" \/><\/figure>\n\n\n\n<p><strong>Le trajet<\/strong><\/p>\n\n\n\n<p>Pour ce voyage, nous nous sommes retrouv\u00e9s devant le lyc\u00e9e des Avirons \u00e0 4H30. Nous avons ensuite mis les valises dans le bus. Le d\u00e9part se fait \u00e0 5h, dans le bus il y avait une tr\u00e8s bonne ambiance et des \u00e9l\u00e8ves ont chant\u00e9. Le trajet a dur\u00e9 environ 1h30.<\/p>\n\n\n\n<p>Nous arrivons \u00e0 l\u2019a\u00e9roport \u00e0 6h30. Nous faisons la queue pour l\u2019enregistrement des bagages en soute, juste apr\u00e8s, nous passons la douane. Apr\u00e8s la douane, nous passons au dutyfree et attendons l\u2019embarquement. Pendant l\u2019attente, nous restons entre amis et faisons passer le temps.<\/p>\n\n\n\n<p>Il est bient\u00f4t 9h et nous entendons l\u2019annonce tant attendue du d\u00e9but de l\u2019embarquement. Avec la classe et les accompagnateurs, nous nous empressons de rejoindre la porte d\u2019embarquement. Sur le billet de certains est inscrit zone 5 signifiant qu\u2019ils doivent encore attendre avant de pouvoir entrer dans l\u2019avion. Heureusement mes amis et moi sommes en zone 4 et n\u2019avons pas \u00e0 attendre plus longtemps. Deux groupes viennent alors de se former, mais nous savons que nous les retrouverons. D\u00e8s lors que ceux en zone 4 ont fini d\u2019embarquer, c\u2019est au tour de ceux en zone 5. Apr\u00e8s un petit moment, tout le monde est l\u00e0.<\/p>\n\n\n\n<p>\u00c0 ce moment-l\u00e0, nous ne sommes pas \u00e0 c\u00f4t\u00e9 de nos amis les plus proches, nous nous arrangeons donc entre nous pour changer de place. L\u2019avion s\u2019appr\u00eate \u00e0 partir, nous bouclons nos ceintures. On d\u00e9colle enfin ! \u00c0 bient\u00f4t, ch\u00e8re R\u00e9union. Le vol se passe bien, toute la classe a trouv\u00e9 des activit\u00e9s pour faire passer le temps. Certains regardent des films, d\u2019autres discutent, dorment, quelques-uns phosphorent sur ce qu\u2019ils feront en Autriche.<\/p>\n\n\n\n<p>Malencontreusement, mon \u00e9cran a un probl\u00e8me et je ne peux pas regarder de films tant pis je parlerai donc avec mes camarades. Le vol commence \u00e0 \u00eatre long, mais nous tenons bon, nous savons ce qui nous attend et d\u00e9cidons de prendre notre mal en&nbsp; patience. Mais l\u2019id\u00e9e d\u2019un second trajet de 12h en bus nous glace d\u00e9j\u00e0 le sang. Apr\u00e8s plus de 11h d\u2019avion, on atterrit enfin \u00e0 l\u2019a\u00e9roport Roissy Charles de Gaulle.<\/p>\n\n\n\n<p>Nous montons dans le bus \u00e0 19h apr\u00e8s avoir pris une photo de groupe (<em>ins\u00e9rer la photo 2)<\/em>.\u00a0<\/p>\n\n\n\n<figure class=\"wp-block-image size-large\"><img loading=\"lazy\" decoding=\"async\" width=\"1024\" height=\"461\" src=\"https:\/\/etab.ac-reunion.fr\/lyc-antoine-de-saint-exupery\/wp-content\/uploads\/sites\/59\/2023\/05\/Photo-2-1024x461.jpg\" alt=\"\" class=\"wp-image-8298\" srcset=\"https:\/\/etab.ac-reunion.fr\/lyc-antoine-de-saint-exupery\/wp-content\/uploads\/sites\/59\/2023\/05\/Photo-2-1024x461.jpg 1024w, https:\/\/etab.ac-reunion.fr\/lyc-antoine-de-saint-exupery\/wp-content\/uploads\/sites\/59\/2023\/05\/Photo-2-300x135.jpg 300w, https:\/\/etab.ac-reunion.fr\/lyc-antoine-de-saint-exupery\/wp-content\/uploads\/sites\/59\/2023\/05\/Photo-2-768x345.jpg 768w, https:\/\/etab.ac-reunion.fr\/lyc-antoine-de-saint-exupery\/wp-content\/uploads\/sites\/59\/2023\/05\/Photo-2-1536x691.jpg 1536w, https:\/\/etab.ac-reunion.fr\/lyc-antoine-de-saint-exupery\/wp-content\/uploads\/sites\/59\/2023\/05\/Photo-2-2048x921.jpg 2048w\" sizes=\"auto, (max-width: 1024px) 100vw, 1024px\" \/><\/figure>\n\n\n\n<p>Le chauffeur pr\u00e9nomm\u00e9 Helmut est Autrichien, nous avons donc d\u00fb parler en anglais avec lui. Le soleil se couche, c\u2019\u00e9tait magnifique. Toutes les trois heures, nous devons faire une pause et c\u2019est \u00e0 22h que nous nous arr\u00eatons en Alsace sur une aire d\u2019autoroute pour manger. Nous avons dormi confortablement dans nos si\u00e8ges et quand nous nous sommes r\u00e9veill\u00e9s, nous \u00e9tions en Suisse ; nous l\u2019avons reconnu par ses splendides montagnes.<\/p>\n\n\n\n<p><em>Nicolas, Eliott, Ilan, Fernand<\/em>&nbsp;<\/p>\n\n\n\n<p><strong>Le premier week-end<\/strong><\/p>\n\n\n\n<p>Le samedi de notre arriv\u00e9e, nous sommes all\u00e9s faire du shopping avec nos correspondantes \u00e0 Dornbirn. Le centre commercial \u00e9tait tr\u00e8s grand, il y avait beaucoup de restaurants et de boutiques.&nbsp;<\/p>\n\n\n\n<p>Nous avons mang\u00e9 des sushis tous ensemble. L\u2019apr\u00e8s-midi nous sommes all\u00e9s \u00e0 Rankweil et fait un pique-nique devant un lac avec tous les correspondants.<\/p>\n\n\n\n<p>Le soir, nous avons f\u00eat\u00e9 tous ensemble l\u2019anniversaire de Val\u00e9rie et Svenja avec leurs parents et leurs amis, on devait tous s\u2019habiller en rose. La f\u00eate d\u2019anniversaire \u00e9tait tr\u00e8s bien, il y avait une bonne ambiance, on a fait beaucoup de photos Polaro\u00efd. Les parents autrichiens \u00e9taient tr\u00e8s accueillants.&nbsp;<\/p>\n\n\n\n<p>Dimanche matin, chacun \u00e9tait avec sa correspondante dans sa famille. L\u2019\u2019apr\u00e8s-midi, Luce et moi ainsi que d&rsquo;autres correspondantes sommes all\u00e9es \u00e0 Bergenz faire du p\u00e9dalo sur le lac de Constance et manger une glace. <\/p>\n\n\n\n<figure class=\"wp-block-image size-large\"><img loading=\"lazy\" decoding=\"async\" width=\"1024\" height=\"461\" src=\"https:\/\/etab.ac-reunion.fr\/lyc-antoine-de-saint-exupery\/wp-content\/uploads\/sites\/59\/2023\/05\/Bregenz_10-mai-1024x461.jpg\" alt=\"\" class=\"wp-image-8304\" srcset=\"https:\/\/etab.ac-reunion.fr\/lyc-antoine-de-saint-exupery\/wp-content\/uploads\/sites\/59\/2023\/05\/Bregenz_10-mai-1024x461.jpg 1024w, https:\/\/etab.ac-reunion.fr\/lyc-antoine-de-saint-exupery\/wp-content\/uploads\/sites\/59\/2023\/05\/Bregenz_10-mai-300x135.jpg 300w, https:\/\/etab.ac-reunion.fr\/lyc-antoine-de-saint-exupery\/wp-content\/uploads\/sites\/59\/2023\/05\/Bregenz_10-mai-768x345.jpg 768w, https:\/\/etab.ac-reunion.fr\/lyc-antoine-de-saint-exupery\/wp-content\/uploads\/sites\/59\/2023\/05\/Bregenz_10-mai-1536x691.jpg 1536w, https:\/\/etab.ac-reunion.fr\/lyc-antoine-de-saint-exupery\/wp-content\/uploads\/sites\/59\/2023\/05\/Bregenz_10-mai-2048x921.jpg 2048w\" sizes=\"auto, (max-width: 1024px) 100vw, 1024px\" \/><\/figure>\n\n\n\n<p>Ishwaria et Emma sont, elles, all\u00e9es visiter le Liechtenstein. Ce pays, qui est le plus petit pays du monde, est tr\u00e8s agr\u00e9able, on peut y voir un ch\u00e2teau et le Landesmuseum.\u00a0<\/p>\n\n\n\n<p>Ce premier week-end avec les familles et les correspondants s&rsquo;est tr\u00e8s bien pass\u00e9, malgr\u00e9 notre stress pour nous faire comprendre et la fatigue du voyage. Notre premi\u00e8re impression sur l\u2019Autriche : c\u2019est un tr\u00e8s beau pays.<\/p>\n\n\n\n<p><em>Elsa, Emma, Ishwaria, Luce<\/em><\/p>\n\n\n\n<p><\/p>\n\n\n\n<figure class=\"wp-block-image size-large\"><img loading=\"lazy\" decoding=\"async\" width=\"1024\" height=\"768\" src=\"https:\/\/etab.ac-reunion.fr\/lyc-antoine-de-saint-exupery\/wp-content\/uploads\/sites\/59\/2023\/05\/photo5-1024x768.jpg\" alt=\"\" class=\"wp-image-8299\" srcset=\"https:\/\/etab.ac-reunion.fr\/lyc-antoine-de-saint-exupery\/wp-content\/uploads\/sites\/59\/2023\/05\/photo5-1024x768.jpg 1024w, https:\/\/etab.ac-reunion.fr\/lyc-antoine-de-saint-exupery\/wp-content\/uploads\/sites\/59\/2023\/05\/photo5-300x225.jpg 300w, https:\/\/etab.ac-reunion.fr\/lyc-antoine-de-saint-exupery\/wp-content\/uploads\/sites\/59\/2023\/05\/photo5-768x576.jpg 768w, https:\/\/etab.ac-reunion.fr\/lyc-antoine-de-saint-exupery\/wp-content\/uploads\/sites\/59\/2023\/05\/photo5.jpg 1280w\" sizes=\"auto, (max-width: 1024px) 100vw, 1024px\" \/><\/figure>\n\n\n\n<p><strong>Diff\u00e9rences entre l&rsquo;Autriche et la R\u00e9union<\/strong><\/p>\n\n\n\n<p>Nous sommes en Autriche depuis quelques jours et voici les diff\u00e9rences qu&rsquo;on a pu remarquer.<\/p>\n\n\n\n<p>Lorsqu&rsquo;on rentre dans une maison, on enl\u00e8ve nos chaussures alors qu&rsquo;\u00e0 la R\u00e9union on les garde. Sur la route, il y a un panneau pour les pi\u00e9tons donc les voitures ont l&rsquo;obligation de s&rsquo;arr\u00eater pour les laisser passer et les pi\u00e9tons ne disent pas merci de les laisser passer.&nbsp;<\/p>\n\n\n\n<p><em>In school they have a classroom for themself so they don&rsquo;t change class, they have a distributor for coffee, tea and more they also take off their shoes and they can stay in socks they also have a lot of choice in the cantine.<\/em> Il n&rsquo;y a pas de bus scolaire, ils doivent prendre le bus avec d&rsquo;autres personnes qui ne sont pas forc\u00e9ment des \u00e9l\u00e8ves. <em>And for eating, they eat depending on if their hungry, they eat either really late or really early there is no real time to eat.<\/em><\/p>\n\n\n\n<p><em>Cl\u00e9mence, Lilona, M\u00e9lina, Anne-Ga\u00eblle<\/em><\/p>\n\n\n\n<p>Il y a beaucoup de diff\u00e9rences entre le lyc\u00e9e de la R\u00e9union et le lyc\u00e9e d&rsquo;Autriche. Par exemple, ils n&rsquo;ont pas de sonnerie et ils savent \u00e0 quelle heure sortir pour manger. \u00c0 la R\u00e9union, nous portons des baskets ou des chaussures alors qu&rsquo;en Autriche, quand ils arrivent au lyc\u00e9e ils changent leurs baskets avec des claquettes ou des chaussons et ils rangent leurs baskets dans leurs casiers. Ensuite, \u00e0 la R\u00e9union, nous devons changer de classe toutes les heures, tandis que les Autrichiens ont une classe pour eux, ils la d\u00e9corent tous ensemble et ce sont les professeurs qui changent de classe. Dans cette classe, ils peuvent laisser toutes leurs affaires et s&rsquo;asseoir o\u00f9 ils veulent et comme ils veulent (ex : ils peuvent mettre leurs pieds sur leur chaise, enlever leurs claquettes pour rester en chaussette&#8230;). Dans chaque classe, il y a un \u00e9vier et il y a juste 20, 25 \u00e9l\u00e8ves maximum dans chaque classe or, nous sommes 30, 35 dans presque toutes les classes. Dans les couloirs du lyc\u00e9e en Autriche il y a beaucoup d&rsquo;expositions et beaucoup d&rsquo;\u0153uvres d&rsquo;art des \u00e9l\u00e8ves qui sont expos\u00e9s dans les couloirs et dans le hall d&rsquo;entr\u00e9e. De plus, leurs cours ne durent que 50 minutes, ils peuvent manger \u00e0 la cantine ou en ville (il n&rsquo;y a pas le syst\u00e8me DP\/EXT). Leurs cantines proposent des plats avec diff\u00e9rentes portions, et ils doivent payer les repas \u00e0 chaque fois. Dans l&rsquo;\u00e9cole, on trouve des distributeurs de boissons et de repas froids. Les coll\u00e9giens et lyc\u00e9ens sont regroup\u00e9s. Ils finissent \u00e0 12h et commencent \u00e0 8h. En dehors de l&rsquo;\u00e9cole, nous constatons d&rsquo;autres diff\u00e9rences comme les produits alimentaires, les transports (trains, t\u00e9l\u00e9ph\u00e9riques) et leurs villes sont plut\u00f4t m\u00e9di\u00e9vales.<\/p>\n\n\n\n<p><strong>Gabrielle, Briana, Mattie, Ludivine et Rapha\u00eblle<\/strong><\/p>\n\n\n\n<p><strong>La premi\u00e8re journ\u00e9e<\/strong><\/p>\n\n\n\n<p>Bilan de Lundi<\/p>\n\n\n\n<figure class=\"wp-block-image size-large\"><img loading=\"lazy\" decoding=\"async\" width=\"1024\" height=\"461\" src=\"https:\/\/etab.ac-reunion.fr\/lyc-antoine-de-saint-exupery\/wp-content\/uploads\/sites\/59\/2023\/05\/photo-3-1024x461.jpg\" alt=\"\" class=\"wp-image-8300\" srcset=\"https:\/\/etab.ac-reunion.fr\/lyc-antoine-de-saint-exupery\/wp-content\/uploads\/sites\/59\/2023\/05\/photo-3-1024x461.jpg 1024w, https:\/\/etab.ac-reunion.fr\/lyc-antoine-de-saint-exupery\/wp-content\/uploads\/sites\/59\/2023\/05\/photo-3-300x135.jpg 300w, https:\/\/etab.ac-reunion.fr\/lyc-antoine-de-saint-exupery\/wp-content\/uploads\/sites\/59\/2023\/05\/photo-3-768x345.jpg 768w, https:\/\/etab.ac-reunion.fr\/lyc-antoine-de-saint-exupery\/wp-content\/uploads\/sites\/59\/2023\/05\/photo-3-1536x691.jpg 1536w, https:\/\/etab.ac-reunion.fr\/lyc-antoine-de-saint-exupery\/wp-content\/uploads\/sites\/59\/2023\/05\/photo-3-2048x921.jpg 2048w\" sizes=\"auto, (max-width: 1024px) 100vw, 1024px\" \/><\/figure>\n\n\n\n<p><\/p>\n\n\n\n<p>Nous avons pris le bus \u00e0 7h30 pour venir au coll\u00e8ge\/lyc\u00e9e \u00e0 8h. Nous nous sommes retrouv\u00e9s en groupes avec nos responsables pour faire un point sur notre week-end. Nous sommes rest\u00e9s jusqu&rsquo;\u00e0 8h50, puis nous sommes tous all\u00e9s par petits groupes de 3 dans une classe pour faire nos pr\u00e9sentations et parler de nous, de notre \u00eele et de notre lyc\u00e9e et nous avons fini en assistant aux cours et la matin\u00e9e s&rsquo;est achev\u00e9e \u00e0 11h40. Nous sommes all\u00e9s \u00e0 la cantine, nous avions au choix un menu v\u00e9g\u00e9tarien (lasagnes de l\u00e9gumes) ou des frites avec des saucisses ; c&rsquo;\u00e9tait particuli\u00e8rement d\u00e9licieux ! De retour en&nbsp; classe \u00e0 13h, nous avons consacr\u00e9 notre apr\u00e8s-midi \u00e0 une activit\u00e9 sur l&rsquo;avenir du tourisme et de son impact sur l\u2019environnement. Apr\u00e8s une pause \u00e0 14h30, nous avons fait les bilans des diff\u00e9rences entre l&rsquo;Autriche et la R\u00e9union, du voyage ou encore du week-end.<\/p>\n\n\n\n<p>Nous sommes pass\u00e9s \u00e0 une seconde activit\u00e9. Elle \u00e9tait int\u00e9ressante et enrichissante. Le but \u00e9tait de se projeter dans le futur et de penser \u00e0 l&rsquo;avenir du tourisme pour qu&rsquo;il soit plus durable. Elle a fait \u00e9voluer notre opinion, car nous avons pu r\u00e9fl\u00e9chir \u00e0 des situations auxquelles nous n&rsquo;aurions pas pens\u00e9, comme le voyage virtuel.<\/p>\n\n\n\n<p>Les pr\u00e9sentations se sont bien pass\u00e9es pour certains groupes et pour d&rsquo;autres un peu moins, mais dans l&rsquo;ensemble \u00e7a allait. Nous avons assist\u00e9 \u00e0 un cours d&rsquo;arts plastiques et nous avons observ\u00e9 attentivement les activit\u00e9s. Les \u00e9l\u00e8ves sont vraiment dou\u00e9s, ils sont tr\u00e8s peu nombreux dans une classe et&nbsp; ils ont la possibilit\u00e9 de dessiner sur iPad.<\/p>\n\n\n\n<p><\/p>\n\n\n\n<figure class=\"wp-block-image size-large\"><img loading=\"lazy\" decoding=\"async\" width=\"1024\" height=\"461\" src=\"https:\/\/etab.ac-reunion.fr\/lyc-antoine-de-saint-exupery\/wp-content\/uploads\/sites\/59\/2023\/05\/Photo4-1024x461.jpg\" alt=\"\" class=\"wp-image-8301\" srcset=\"https:\/\/etab.ac-reunion.fr\/lyc-antoine-de-saint-exupery\/wp-content\/uploads\/sites\/59\/2023\/05\/Photo4-1024x461.jpg 1024w, https:\/\/etab.ac-reunion.fr\/lyc-antoine-de-saint-exupery\/wp-content\/uploads\/sites\/59\/2023\/05\/Photo4-300x135.jpg 300w, https:\/\/etab.ac-reunion.fr\/lyc-antoine-de-saint-exupery\/wp-content\/uploads\/sites\/59\/2023\/05\/Photo4-768x345.jpg 768w, https:\/\/etab.ac-reunion.fr\/lyc-antoine-de-saint-exupery\/wp-content\/uploads\/sites\/59\/2023\/05\/Photo4-1536x691.jpg 1536w, https:\/\/etab.ac-reunion.fr\/lyc-antoine-de-saint-exupery\/wp-content\/uploads\/sites\/59\/2023\/05\/Photo4-2048x921.jpg 2048w\" sizes=\"auto, (max-width: 1024px) 100vw, 1024px\" \/><\/figure>\n","protected":false},"excerpt":{"rendered":"<p>Le trajet Pour ce voyage, nous nous sommes retrouv\u00e9s devant le lyc\u00e9e des Avirons \u00e0 4H30. Nous avons ensuite mis les valises dans le bus. Le d\u00e9part se fait \u00e0 5h, dans le bus il y avait une tr\u00e8s bonne ambiance et des \u00e9l\u00e8ves ont chant\u00e9. Le trajet a dur\u00e9 environ 1h30. Nous arrivons \u00e0 [&hellip;]<\/p>\n","protected":false},"author":23092,"featured_media":8302,"comment_status":"closed","ping_status":"closed","sticky":false,"template":"","format":"standard","meta":{"footnotes":""},"categories":[86,128,30],"tags":[],"class_list":["post-8296","post","type-post","status-publish","format-standard","has-post-thumbnail","hentry","category-erasmus","category-europe-et-internationnal","category-vie-du-lycee"],"_links":{"self":[{"href":"https:\/\/etab.ac-reunion.fr\/lyc-antoine-de-saint-exupery\/wp-json\/wp\/v2\/posts\/8296","targetHints":{"allow":["GET"]}}],"collection":[{"href":"https:\/\/etab.ac-reunion.fr\/lyc-antoine-de-saint-exupery\/wp-json\/wp\/v2\/posts"}],"about":[{"href":"https:\/\/etab.ac-reunion.fr\/lyc-antoine-de-saint-exupery\/wp-json\/wp\/v2\/types\/post"}],"author":[{"embeddable":true,"href":"https:\/\/etab.ac-reunion.fr\/lyc-antoine-de-saint-exupery\/wp-json\/wp\/v2\/users\/23092"}],"replies":[{"embeddable":true,"href":"https:\/\/etab.ac-reunion.fr\/lyc-antoine-de-saint-exupery\/wp-json\/wp\/v2\/comments?post=8296"}],"version-history":[{"count":2,"href":"https:\/\/etab.ac-reunion.fr\/lyc-antoine-de-saint-exupery\/wp-json\/wp\/v2\/posts\/8296\/revisions"}],"predecessor-version":[{"id":8306,"href":"https:\/\/etab.ac-reunion.fr\/lyc-antoine-de-saint-exupery\/wp-json\/wp\/v2\/posts\/8296\/revisions\/8306"}],"wp:featuredmedia":[{"embeddable":true,"href":"https:\/\/etab.ac-reunion.fr\/lyc-antoine-de-saint-exupery\/wp-json\/wp\/v2\/media\/8302"}],"wp:attachment":[{"href":"https:\/\/etab.ac-reunion.fr\/lyc-antoine-de-saint-exupery\/wp-json\/wp\/v2\/media?parent=8296"}],"wp:term":[{"taxonomy":"category","embeddable":true,"href":"https:\/\/etab.ac-reunion.fr\/lyc-antoine-de-saint-exupery\/wp-json\/wp\/v2\/categories?post=8296"},{"taxonomy":"post_tag","embeddable":true,"href":"https:\/\/etab.ac-reunion.fr\/lyc-antoine-de-saint-exupery\/wp-json\/wp\/v2\/tags?post=8296"}],"curies":[{"name":"wp","href":"https:\/\/api.w.org\/{rel}","templated":true}]}}