{"id":8949,"date":"2024-01-31T11:01:47","date_gmt":"2024-01-31T07:01:47","guid":{"rendered":"https:\/\/etab.ac-reunion.fr\/lyc-antoine-de-saint-exupery\/?p=8949"},"modified":"2024-01-31T11:18:02","modified_gmt":"2024-01-31T07:18:02","slug":"journee-portes-ouvertes-du-mercredi-14-fevrier-2024-de-13h30-a-17h00-a-lecole-darchitecture-du-port","status":"publish","type":"post","link":"https:\/\/etab.ac-reunion.fr\/lyc-antoine-de-saint-exupery\/journee-portes-ouvertes-du-mercredi-14-fevrier-2024-de-13h30-a-17h00-a-lecole-darchitecture-du-port\/","title":{"rendered":"Journ\u00e9e Portes ouvertes du mercredi 14 f\u00e9vrier 2024 de 13h30 \u00e0 17h00 \u00e0 l&rsquo;\u00e9cole d\u2019architecture du Port"},"content":{"rendered":"\n<p>L&rsquo;\u00e9cole d\u2019architecture situ\u00e9e au Port ouvrira ses portes au public \u00e0 l&rsquo;occasion de sa journ\u00e9e Portes ouvertes qui aura lieu le : <strong><u>Le\u00a0mercredi 14 f\u00e9vrier 2024 de 13h30 \u00e0 17h00<\/u><\/strong><\/p>\n\n\n\n<figure class=\"wp-block-image size-full\"><img loading=\"lazy\" decoding=\"async\" width=\"623\" height=\"828\" src=\"https:\/\/etab.ac-reunion.fr\/lyc-antoine-de-saint-exupery\/wp-content\/uploads\/sites\/59\/2024\/01\/image-20.png\" alt=\"\" class=\"wp-image-8950\" srcset=\"https:\/\/etab.ac-reunion.fr\/lyc-antoine-de-saint-exupery\/wp-content\/uploads\/sites\/59\/2024\/01\/image-20.png 623w, https:\/\/etab.ac-reunion.fr\/lyc-antoine-de-saint-exupery\/wp-content\/uploads\/sites\/59\/2024\/01\/image-20-226x300.png 226w\" sizes=\"auto, (max-width: 623px) 100vw, 623px\" \/><\/figure>\n","protected":false},"excerpt":{"rendered":"<p>L&rsquo;\u00e9cole d\u2019architecture situ\u00e9e au Port ouvrira ses portes au public \u00e0 l&rsquo;occasion de sa journ\u00e9e Portes ouvertes qui aura lieu le : Le\u00a0mercredi 14 f\u00e9vrier 2024 de 13h30 \u00e0 17h00<\/p>\n","protected":false},"author":23092,"featured_media":8951,"comment_status":"closed","ping_status":"closed","sticky":false,"template":"","format":"standard","meta":{"footnotes":""},"categories":[169,152,170],"tags":[],"class_list":["post-8949","post","type-post","status-publish","format-standard","has-post-thumbnail","hentry","category-informations-journee-portes-ouvertes-exterieure","category-infos-journees-portes-ouvertes","category-orientation-2023-2024"],"_links":{"self":[{"href":"https:\/\/etab.ac-reunion.fr\/lyc-antoine-de-saint-exupery\/wp-json\/wp\/v2\/posts\/8949","targetHints":{"allow":["GET"]}}],"collection":[{"href":"https:\/\/etab.ac-reunion.fr\/lyc-antoine-de-saint-exupery\/wp-json\/wp\/v2\/posts"}],"about":[{"href":"https:\/\/etab.ac-reunion.fr\/lyc-antoine-de-saint-exupery\/wp-json\/wp\/v2\/types\/post"}],"author":[{"embeddable":true,"href":"https:\/\/etab.ac-reunion.fr\/lyc-antoine-de-saint-exupery\/wp-json\/wp\/v2\/users\/23092"}],"replies":[{"embeddable":true,"href":"https:\/\/etab.ac-reunion.fr\/lyc-antoine-de-saint-exupery\/wp-json\/wp\/v2\/comments?post=8949"}],"version-history":[{"count":1,"href":"https:\/\/etab.ac-reunion.fr\/lyc-antoine-de-saint-exupery\/wp-json\/wp\/v2\/posts\/8949\/revisions"}],"predecessor-version":[{"id":8952,"href":"https:\/\/etab.ac-reunion.fr\/lyc-antoine-de-saint-exupery\/wp-json\/wp\/v2\/posts\/8949\/revisions\/8952"}],"wp:featuredmedia":[{"embeddable":true,"href":"https:\/\/etab.ac-reunion.fr\/lyc-antoine-de-saint-exupery\/wp-json\/wp\/v2\/media\/8951"}],"wp:attachment":[{"href":"https:\/\/etab.ac-reunion.fr\/lyc-antoine-de-saint-exupery\/wp-json\/wp\/v2\/media?parent=8949"}],"wp:term":[{"taxonomy":"category","embeddable":true,"href":"https:\/\/etab.ac-reunion.fr\/lyc-antoine-de-saint-exupery\/wp-json\/wp\/v2\/categories?post=8949"},{"taxonomy":"post_tag","embeddable":true,"href":"https:\/\/etab.ac-reunion.fr\/lyc-antoine-de-saint-exupery\/wp-json\/wp\/v2\/tags?post=8949"}],"curies":[{"name":"wp","href":"https:\/\/api.w.org\/{rel}","templated":true}]}}