{"id":9532,"date":"2024-03-18T11:06:58","date_gmt":"2024-03-18T07:06:58","guid":{"rendered":"https:\/\/etab.ac-reunion.fr\/lyc-antoine-de-saint-exupery\/?p=9532"},"modified":"2024-03-18T11:06:59","modified_gmt":"2024-03-18T07:06:59","slug":"invitation-a-la-presentation-du-lycee-professionnel-dentreprise-airbus-de-toulouse","status":"publish","type":"post","link":"https:\/\/etab.ac-reunion.fr\/lyc-antoine-de-saint-exupery\/invitation-a-la-presentation-du-lycee-professionnel-dentreprise-airbus-de-toulouse\/","title":{"rendered":"Invitation \u00e0 la pr\u00e9sentation du lyc\u00e9e professionnel d&rsquo;entreprise Airbus de Toulouse"},"content":{"rendered":"\n<p>Le lyc\u00e9e professionnel d&rsquo;entreprise Airbus de Toulouse invite les \u00e9l\u00e8ves int\u00e9ress\u00e9s \u00e0 assister \u00e0 une pr\u00e9sentation de ses dipl\u00f4mes\u00a0 le <strong>vendredi 22 mars 14h30<\/strong> heure R\u00e9union.<\/p>\n\n\n\n<p><strong>Le lien de connexion sera le suivant <\/strong>:<\/p>\n\n\n\n<p><a href=\"https:\/\/visio-agents.education.fr\/meeting\/signin\/310531\/creator\/33413\/hash\/3b961b04f384cd408274771375fbf7c6bac45025\">https:\/\/visio-agents.education.fr\/meeting\/signin\/310531\/creator\/33413\/hash\/3b961b04f384cd408274771375fbf7c6bac45025<\/a><\/p>\n\n\n\n<figure class=\"wp-block-image size-large\"><a href=\"https:\/\/etab.ac-reunion.fr\/lyc-antoine-de-saint-exupery\/wp-content\/uploads\/sites\/59\/2024\/03\/PLAQUETTE-Lycee-Airbus.pdf\"><img loading=\"lazy\" decoding=\"async\" width=\"1024\" height=\"651\" src=\"https:\/\/etab.ac-reunion.fr\/lyc-antoine-de-saint-exupery\/wp-content\/uploads\/sites\/59\/2024\/03\/image-9-1024x651.png\" alt=\"\" class=\"wp-image-9533\" srcset=\"https:\/\/etab.ac-reunion.fr\/lyc-antoine-de-saint-exupery\/wp-content\/uploads\/sites\/59\/2024\/03\/image-9-1024x651.png 1024w, https:\/\/etab.ac-reunion.fr\/lyc-antoine-de-saint-exupery\/wp-content\/uploads\/sites\/59\/2024\/03\/image-9-300x191.png 300w, https:\/\/etab.ac-reunion.fr\/lyc-antoine-de-saint-exupery\/wp-content\/uploads\/sites\/59\/2024\/03\/image-9-768x489.png 768w, https:\/\/etab.ac-reunion.fr\/lyc-antoine-de-saint-exupery\/wp-content\/uploads\/sites\/59\/2024\/03\/image-9.png 1278w\" sizes=\"auto, (max-width: 1024px) 100vw, 1024px\" \/><\/a><\/figure>\n\n\n\n<figure class=\"wp-block-image size-large\"><a href=\"https:\/\/etab.ac-reunion.fr\/lyc-antoine-de-saint-exupery\/wp-content\/uploads\/sites\/59\/2024\/03\/PLAQUETTE-Lycee-Airbus.pdf\"><img loading=\"lazy\" decoding=\"async\" width=\"1024\" height=\"649\" src=\"https:\/\/etab.ac-reunion.fr\/lyc-antoine-de-saint-exupery\/wp-content\/uploads\/sites\/59\/2024\/03\/image-10-1024x649.png\" alt=\"\" class=\"wp-image-9534\" srcset=\"https:\/\/etab.ac-reunion.fr\/lyc-antoine-de-saint-exupery\/wp-content\/uploads\/sites\/59\/2024\/03\/image-10-1024x649.png 1024w, https:\/\/etab.ac-reunion.fr\/lyc-antoine-de-saint-exupery\/wp-content\/uploads\/sites\/59\/2024\/03\/image-10-300x190.png 300w, https:\/\/etab.ac-reunion.fr\/lyc-antoine-de-saint-exupery\/wp-content\/uploads\/sites\/59\/2024\/03\/image-10-768x487.png 768w, https:\/\/etab.ac-reunion.fr\/lyc-antoine-de-saint-exupery\/wp-content\/uploads\/sites\/59\/2024\/03\/image-10.png 1277w\" sizes=\"auto, (max-width: 1024px) 100vw, 1024px\" \/><\/a><\/figure>\n\n\n\n<p><\/p>\n","protected":false},"excerpt":{"rendered":"<p>Le lyc\u00e9e professionnel d&rsquo;entreprise Airbus de Toulouse invite les \u00e9l\u00e8ves int\u00e9ress\u00e9s \u00e0 assister \u00e0 une pr\u00e9sentation de ses dipl\u00f4mes\u00a0 le vendredi 22 mars 14h30 heure R\u00e9union. Le lien de connexion sera le suivant : https:\/\/visio-agents.education.fr\/meeting\/signin\/310531\/creator\/33413\/hash\/3b961b04f384cd408274771375fbf7c6bac45025<\/p>\n","protected":false},"author":23092,"featured_media":9536,"comment_status":"closed","ping_status":"closed","sticky":false,"template":"","format":"standard","meta":{"footnotes":""},"categories":[152,170],"tags":[],"class_list":["post-9532","post","type-post","status-publish","format-standard","has-post-thumbnail","hentry","category-infos-journees-portes-ouvertes","category-orientation-2023-2024"],"_links":{"self":[{"href":"https:\/\/etab.ac-reunion.fr\/lyc-antoine-de-saint-exupery\/wp-json\/wp\/v2\/posts\/9532","targetHints":{"allow":["GET"]}}],"collection":[{"href":"https:\/\/etab.ac-reunion.fr\/lyc-antoine-de-saint-exupery\/wp-json\/wp\/v2\/posts"}],"about":[{"href":"https:\/\/etab.ac-reunion.fr\/lyc-antoine-de-saint-exupery\/wp-json\/wp\/v2\/types\/post"}],"author":[{"embeddable":true,"href":"https:\/\/etab.ac-reunion.fr\/lyc-antoine-de-saint-exupery\/wp-json\/wp\/v2\/users\/23092"}],"replies":[{"embeddable":true,"href":"https:\/\/etab.ac-reunion.fr\/lyc-antoine-de-saint-exupery\/wp-json\/wp\/v2\/comments?post=9532"}],"version-history":[{"count":1,"href":"https:\/\/etab.ac-reunion.fr\/lyc-antoine-de-saint-exupery\/wp-json\/wp\/v2\/posts\/9532\/revisions"}],"predecessor-version":[{"id":9537,"href":"https:\/\/etab.ac-reunion.fr\/lyc-antoine-de-saint-exupery\/wp-json\/wp\/v2\/posts\/9532\/revisions\/9537"}],"wp:featuredmedia":[{"embeddable":true,"href":"https:\/\/etab.ac-reunion.fr\/lyc-antoine-de-saint-exupery\/wp-json\/wp\/v2\/media\/9536"}],"wp:attachment":[{"href":"https:\/\/etab.ac-reunion.fr\/lyc-antoine-de-saint-exupery\/wp-json\/wp\/v2\/media?parent=9532"}],"wp:term":[{"taxonomy":"category","embeddable":true,"href":"https:\/\/etab.ac-reunion.fr\/lyc-antoine-de-saint-exupery\/wp-json\/wp\/v2\/categories?post=9532"},{"taxonomy":"post_tag","embeddable":true,"href":"https:\/\/etab.ac-reunion.fr\/lyc-antoine-de-saint-exupery\/wp-json\/wp\/v2\/tags?post=9532"}],"curies":[{"name":"wp","href":"https:\/\/api.w.org\/{rel}","templated":true}]}}