{"id":10484,"date":"2024-03-25T05:53:47","date_gmt":"2024-03-25T01:53:47","guid":{"rendered":"https:\/\/etab.ac-reunion.fr\/lyc-antoine-roussin\/?p=10484"},"modified":"2025-01-17T08:46:19","modified_gmt":"2025-01-17T04:46:19","slug":"creation-dun-graffiti-dans-le-cadre-de-lecole-ouverte-du-4-au-8-mars-2024","status":"publish","type":"post","link":"https:\/\/etab.ac-reunion.fr\/lyc-antoine-roussin\/creation-dun-graffiti-dans-le-cadre-de-lecole-ouverte-du-4-au-8-mars-2024\/","title":{"rendered":"Cr\u00e9ation d&rsquo;un graffiti dans le cadre de l&rsquo;\u00e9cole ouverte (du 4 au 8 mars 2024)"},"content":{"rendered":"\n<figure class=\"wp-block-image size-large\"><img loading=\"lazy\" decoding=\"async\" width=\"1024\" height=\"1024\" src=\"https:\/\/etab.ac-reunion.fr\/lyc-antoine-roussin\/wp-content\/uploads\/sites\/92\/2024\/03\/photo3-1-1024x1024.jpg\" alt=\"\" class=\"wp-image-10490\" srcset=\"https:\/\/etab.ac-reunion.fr\/lyc-antoine-roussin\/wp-content\/uploads\/sites\/92\/2024\/03\/photo3-1-1024x1024.jpg 1024w, https:\/\/etab.ac-reunion.fr\/lyc-antoine-roussin\/wp-content\/uploads\/sites\/92\/2024\/03\/photo3-1-300x300.jpg 300w, https:\/\/etab.ac-reunion.fr\/lyc-antoine-roussin\/wp-content\/uploads\/sites\/92\/2024\/03\/photo3-1-150x150.jpg 150w, https:\/\/etab.ac-reunion.fr\/lyc-antoine-roussin\/wp-content\/uploads\/sites\/92\/2024\/03\/photo3-1-768x768.jpg 768w, https:\/\/etab.ac-reunion.fr\/lyc-antoine-roussin\/wp-content\/uploads\/sites\/92\/2024\/03\/photo3-1-1536x1536.jpg 1536w, https:\/\/etab.ac-reunion.fr\/lyc-antoine-roussin\/wp-content\/uploads\/sites\/92\/2024\/03\/photo3-1-2048x2048.jpg 2048w\" sizes=\"auto, (max-width: 1024px) 100vw, 1024px\" \/><\/figure>\n\n\n\n<p><strong><em>Du 4 au 8 mars, le lyc\u00e9e a accueilli l\u2019artiste graffeur Repy qui a aid\u00e9 les \u00e9l\u00e8ves du lyc\u00e9e \u00e0 cr\u00e9er et \u00e0 r\u00e9aliser une fresque color\u00e9e et riche en symboles sur un mur ext\u00e9rieur du lyc\u00e9e.<\/em><\/strong><\/p>\n\n\n\n<p><strong><em>L\u2019avez-vous remarqu\u00e9&nbsp;? Qu\u2019en pensez-vous&nbsp;?<\/em><\/strong><\/p>\n\n\n\n<p><strong>Jour 1<\/strong><\/p>\n\n\n\n<p>Apr\u00e8s une pr\u00e9sentation rapide de son art et de son exp\u00e9rience picturale, R\u00e9py propose aux \u00e9l\u00e8ves de s\u2019initier aux diff\u00e9rentes techniques du graffiti avec le flop, le bubble ou le wild style. Le groupe\u00a0se met ensuite \u00e0 r\u00e9fl\u00e9chir sur les diff\u00e9rents \u00e9l\u00e9ments qu\u2019ils souhaitent int\u00e9grer dans l\u2019univers fantastique de leur fresque.<\/p>\n\n\n\n<figure class=\"wp-block-image size-large\"><img loading=\"lazy\" decoding=\"async\" width=\"1024\" height=\"1024\" src=\"https:\/\/etab.ac-reunion.fr\/lyc-antoine-roussin\/wp-content\/uploads\/sites\/92\/2024\/03\/photo1-1024x1024.jpg\" alt=\"\" class=\"wp-image-10486\" srcset=\"https:\/\/etab.ac-reunion.fr\/lyc-antoine-roussin\/wp-content\/uploads\/sites\/92\/2024\/03\/photo1-1024x1024.jpg 1024w, https:\/\/etab.ac-reunion.fr\/lyc-antoine-roussin\/wp-content\/uploads\/sites\/92\/2024\/03\/photo1-300x300.jpg 300w, https:\/\/etab.ac-reunion.fr\/lyc-antoine-roussin\/wp-content\/uploads\/sites\/92\/2024\/03\/photo1-150x150.jpg 150w, https:\/\/etab.ac-reunion.fr\/lyc-antoine-roussin\/wp-content\/uploads\/sites\/92\/2024\/03\/photo1-768x768.jpg 768w, https:\/\/etab.ac-reunion.fr\/lyc-antoine-roussin\/wp-content\/uploads\/sites\/92\/2024\/03\/photo1-1536x1536.jpg 1536w, https:\/\/etab.ac-reunion.fr\/lyc-antoine-roussin\/wp-content\/uploads\/sites\/92\/2024\/03\/photo1-2048x2048.jpg 2048w\" sizes=\"auto, (max-width: 1024px) 100vw, 1024px\" \/><\/figure>\n\n\n\n<p><strong>Jour 2<\/strong><\/p>\n\n\n\n<p>Alors que certains pr\u00e9parent le support mural qui accueillera la fresque en 3 dimensions, les autres peignent des bombes de peinture vides afin de les customiser \u00e0 l\u2019aide de feutres Posca et de ramener un petit souvenir \u00e0 la kaz.<\/p>\n\n\n\n<p><strong>Jour 3<\/strong><\/p>\n\n\n\n<p>Pendant que les nouveaux membres du groupe se familiarisent avec les diff\u00e9rentes techniques de graffiti, les plus exp\u00e9riment\u00e9s ajoutent les diff\u00e9rents \u00e9l\u00e9ments de la composition avec de plus en plus d\u2019assurance et de dext\u00e9rit\u00e9.<\/p>\n\n\n\n<figure class=\"wp-block-image size-large\"><img loading=\"lazy\" decoding=\"async\" width=\"1024\" height=\"1024\" src=\"https:\/\/etab.ac-reunion.fr\/lyc-antoine-roussin\/wp-content\/uploads\/sites\/92\/2024\/03\/photo2-1-1024x1024.jpg\" alt=\"\" class=\"wp-image-10489\" srcset=\"https:\/\/etab.ac-reunion.fr\/lyc-antoine-roussin\/wp-content\/uploads\/sites\/92\/2024\/03\/photo2-1-1024x1024.jpg 1024w, https:\/\/etab.ac-reunion.fr\/lyc-antoine-roussin\/wp-content\/uploads\/sites\/92\/2024\/03\/photo2-1-300x300.jpg 300w, https:\/\/etab.ac-reunion.fr\/lyc-antoine-roussin\/wp-content\/uploads\/sites\/92\/2024\/03\/photo2-1-150x150.jpg 150w, https:\/\/etab.ac-reunion.fr\/lyc-antoine-roussin\/wp-content\/uploads\/sites\/92\/2024\/03\/photo2-1-768x768.jpg 768w, https:\/\/etab.ac-reunion.fr\/lyc-antoine-roussin\/wp-content\/uploads\/sites\/92\/2024\/03\/photo2-1-1536x1536.jpg 1536w, https:\/\/etab.ac-reunion.fr\/lyc-antoine-roussin\/wp-content\/uploads\/sites\/92\/2024\/03\/photo2-1-2048x2048.jpg 2048w\" sizes=\"auto, (max-width: 1024px) 100vw, 1024px\" \/><\/figure>\n\n\n\n<p><strong>Jour 4<\/strong><\/p>\n\n\n\n<p>Le groupe est plus retreint aujourd\u2019hui mais pas moins efficace. La fresque s\u2019enrichit de la m\u00e9duse, de la fus\u00e9e, du papillon et de la barre de navigation\u00a0; certains s\u2019essaient \u00e0 la technique plus d\u00e9licate du d\u00e9grad\u00e9.<\/p>\n\n\n\n<p><\/p>\n\n\n\n<p><strong>Jour 5<\/strong><\/p>\n\n\n\n<p>Dernier jour pour finaliser la fresque. Les lignes s\u2019affirment et les couleurs explosent. Sur les temps de s\u00e9chage, les \u00e9l\u00e8ves en profitent pour customiser des bombes de peinture vides ou personnaliser une paire de baskets. Pas de r\u00e9pit pour R\u00e9py qui est amen\u00e9 \u00e0 finaliser les d\u00e9tails&nbsp; plus techniques sans les \u00e9l\u00e8ves.<\/p>\n\n\n\n<p><strong><em>Bravo \u00e0 tous pour votre investissement et merci \u00e0 R\u00e9py pour son expertise et ses pr\u00e9cieux conseils !&nbsp;<\/em><\/strong><\/p>\n\n\n\n<p><strong>; ]<\/strong><\/p>\n\n\n\n<p>Sylvie ANDRZEJCZAK<\/p>\n\n\n\n<figure class=\"wp-block-image size-large\"><img loading=\"lazy\" decoding=\"async\" width=\"1024\" height=\"1024\" src=\"https:\/\/etab.ac-reunion.fr\/lyc-antoine-roussin\/wp-content\/uploads\/sites\/92\/2024\/03\/photo-4-1024x1024.jpg\" alt=\"\" class=\"wp-image-10487\" srcset=\"https:\/\/etab.ac-reunion.fr\/lyc-antoine-roussin\/wp-content\/uploads\/sites\/92\/2024\/03\/photo-4-1024x1024.jpg 1024w, https:\/\/etab.ac-reunion.fr\/lyc-antoine-roussin\/wp-content\/uploads\/sites\/92\/2024\/03\/photo-4-300x300.jpg 300w, https:\/\/etab.ac-reunion.fr\/lyc-antoine-roussin\/wp-content\/uploads\/sites\/92\/2024\/03\/photo-4-150x150.jpg 150w, https:\/\/etab.ac-reunion.fr\/lyc-antoine-roussin\/wp-content\/uploads\/sites\/92\/2024\/03\/photo-4-768x768.jpg 768w, https:\/\/etab.ac-reunion.fr\/lyc-antoine-roussin\/wp-content\/uploads\/sites\/92\/2024\/03\/photo-4-1536x1536.jpg 1536w, https:\/\/etab.ac-reunion.fr\/lyc-antoine-roussin\/wp-content\/uploads\/sites\/92\/2024\/03\/photo-4-2048x2048.jpg 2048w\" sizes=\"auto, (max-width: 1024px) 100vw, 1024px\" \/><\/figure>\n","protected":false},"excerpt":{"rendered":"<p>Du 4 au 8 mars, le lyc\u00e9e a accueilli l\u2019artiste graffeur Repy qui a aid\u00e9 les \u00e9l\u00e8ves du lyc\u00e9e \u00e0 cr\u00e9er et \u00e0 r\u00e9aliser une fresque color\u00e9e et riche en symboles sur un mur ext\u00e9rieur du lyc\u00e9e. L\u2019avez-vous remarqu\u00e9&nbsp;? Qu\u2019en pensez-vous&nbsp;? Jour 1 Apr\u00e8s une pr\u00e9sentation rapide de son art&#8230;<\/p>\n<p class=\"continue-reading-button\"> <a class=\"continue-reading-link\" href=\"https:\/\/etab.ac-reunion.fr\/lyc-antoine-roussin\/creation-dun-graffiti-dans-le-cadre-de-lecole-ouverte-du-4-au-8-mars-2024\/\">Lire la suite<i class=\"crycon-right-dir\"><\/i><\/a><\/p>\n","protected":false},"author":19389,"featured_media":0,"comment_status":"closed","ping_status":"closed","sticky":false,"template":"","format":"standard","meta":{"footnotes":""},"categories":[99,122],"tags":[],"class_list":["post-10484","post","type-post","status-publish","format-standard","hentry","category-2023-2024","category-les-actions-articles"],"_links":{"self":[{"href":"https:\/\/etab.ac-reunion.fr\/lyc-antoine-roussin\/wp-json\/wp\/v2\/posts\/10484","targetHints":{"allow":["GET"]}}],"collection":[{"href":"https:\/\/etab.ac-reunion.fr\/lyc-antoine-roussin\/wp-json\/wp\/v2\/posts"}],"about":[{"href":"https:\/\/etab.ac-reunion.fr\/lyc-antoine-roussin\/wp-json\/wp\/v2\/types\/post"}],"author":[{"embeddable":true,"href":"https:\/\/etab.ac-reunion.fr\/lyc-antoine-roussin\/wp-json\/wp\/v2\/users\/19389"}],"replies":[{"embeddable":true,"href":"https:\/\/etab.ac-reunion.fr\/lyc-antoine-roussin\/wp-json\/wp\/v2\/comments?post=10484"}],"version-history":[{"count":1,"href":"https:\/\/etab.ac-reunion.fr\/lyc-antoine-roussin\/wp-json\/wp\/v2\/posts\/10484\/revisions"}],"predecessor-version":[{"id":10491,"href":"https:\/\/etab.ac-reunion.fr\/lyc-antoine-roussin\/wp-json\/wp\/v2\/posts\/10484\/revisions\/10491"}],"wp:attachment":[{"href":"https:\/\/etab.ac-reunion.fr\/lyc-antoine-roussin\/wp-json\/wp\/v2\/media?parent=10484"}],"wp:term":[{"taxonomy":"category","embeddable":true,"href":"https:\/\/etab.ac-reunion.fr\/lyc-antoine-roussin\/wp-json\/wp\/v2\/categories?post=10484"},{"taxonomy":"post_tag","embeddable":true,"href":"https:\/\/etab.ac-reunion.fr\/lyc-antoine-roussin\/wp-json\/wp\/v2\/tags?post=10484"}],"curies":[{"name":"wp","href":"https:\/\/api.w.org\/{rel}","templated":true}]}}