{"id":11721,"date":"2024-10-03T23:36:39","date_gmt":"2024-10-03T19:36:39","guid":{"rendered":"https:\/\/etab.ac-reunion.fr\/lyc-antoine-roussin\/?p=11721"},"modified":"2024-10-09T20:59:54","modified_gmt":"2024-10-09T16:59:54","slug":"filiere-de-lexpertise-comptable-rencontre-avec-des-professionnels","status":"publish","type":"post","link":"https:\/\/etab.ac-reunion.fr\/lyc-antoine-roussin\/filiere-de-lexpertise-comptable-rencontre-avec-des-professionnels\/","title":{"rendered":"Fili\u00e8re de l&rsquo;expertise-comptable : rencontre avec des professionnels"},"content":{"rendered":"\n<p>Jeudi 3 octobre 2024<\/p>\n\n\n\n<figure class=\"wp-block-image size-large\"><img loading=\"lazy\" decoding=\"async\" width=\"1024\" height=\"768\" src=\"https:\/\/etab.ac-reunion.fr\/lyc-antoine-roussin\/wp-content\/uploads\/sites\/92\/2024\/10\/image-9-1024x768.png\" alt=\"\" class=\"wp-image-11722\" srcset=\"https:\/\/etab.ac-reunion.fr\/lyc-antoine-roussin\/wp-content\/uploads\/sites\/92\/2024\/10\/image-9-1024x768.png 1024w, https:\/\/etab.ac-reunion.fr\/lyc-antoine-roussin\/wp-content\/uploads\/sites\/92\/2024\/10\/image-9-300x225.png 300w, https:\/\/etab.ac-reunion.fr\/lyc-antoine-roussin\/wp-content\/uploads\/sites\/92\/2024\/10\/image-9-768x576.png 768w, https:\/\/etab.ac-reunion.fr\/lyc-antoine-roussin\/wp-content\/uploads\/sites\/92\/2024\/10\/image-9-150x113.png 150w, https:\/\/etab.ac-reunion.fr\/lyc-antoine-roussin\/wp-content\/uploads\/sites\/92\/2024\/10\/image-9.png 1080w\" sizes=\"auto, (max-width: 1024px) 100vw, 1024px\" \/><\/figure>\n\n\n\n<p><\/p>\n\n\n\n<p>R\u00e9my Amato, expert-comptable, Tom Amato (collaborateur chez Euraudit), Fabien Boyer (\u00e9tudiant pr\u00e9parant le DSCG avec contrat d\u2019alternance chez JHP Walter France) sont venus \u00e0 la rencontre des \u00e9l\u00e8ves du lyc\u00e9e Antoine Roussin, du lyc\u00e9e Antoine de Saint-Exup\u00e9ry  et des \u00e9tudiants du DCG de Saint-Louis pour parler avec passion de leur m\u00e9tier et de leur parcours.<\/p>\n\n\n\n<figure class=\"wp-block-image size-large\"><img loading=\"lazy\" decoding=\"async\" width=\"1024\" height=\"768\" src=\"https:\/\/etab.ac-reunion.fr\/lyc-antoine-roussin\/wp-content\/uploads\/sites\/92\/2024\/10\/image-10-1024x768.png\" alt=\"\" class=\"wp-image-11723\" srcset=\"https:\/\/etab.ac-reunion.fr\/lyc-antoine-roussin\/wp-content\/uploads\/sites\/92\/2024\/10\/image-10-1024x768.png 1024w, https:\/\/etab.ac-reunion.fr\/lyc-antoine-roussin\/wp-content\/uploads\/sites\/92\/2024\/10\/image-10-300x225.png 300w, https:\/\/etab.ac-reunion.fr\/lyc-antoine-roussin\/wp-content\/uploads\/sites\/92\/2024\/10\/image-10-768x576.png 768w, https:\/\/etab.ac-reunion.fr\/lyc-antoine-roussin\/wp-content\/uploads\/sites\/92\/2024\/10\/image-10-150x113.png 150w, https:\/\/etab.ac-reunion.fr\/lyc-antoine-roussin\/wp-content\/uploads\/sites\/92\/2024\/10\/image-10.png 1080w\" sizes=\"auto, (max-width: 1024px) 100vw, 1024px\" \/><\/figure>\n\n\n\n<p><\/p>\n\n\n\n<p>Le m\u00e9tier d\u2019expert-comptable est en pleine \u00e9volution gr\u00e2ce aux nouvelles technologies, notamment l\u2019intelligence artificielle. L\u2019ancienne image de l\u2019expert-comptable doit plus que jamais \u00eatre cass\u00e9e a expliqu\u00e9 R\u00e9my Amato. De nouvelles missions \u00e9mergent, de nouveaux profils int\u00e9ressent les professionnels&nbsp;: des sp\u00e9cialistes de la RSE pour les reportings extra financiers, des sp\u00e9cialistes des syst\u00e8mes d\u2019informations\u2026<\/p>\n\n\n\n<div class=\"wp-block-buttons is-layout-flex wp-block-buttons-is-layout-flex\">\n<div class=\"wp-block-button\"><a class=\"wp-block-button__link has-white-color has-vivid-purple-background-color has-text-color has-background has-link-color wp-element-button\" href=\"https:\/\/www.sage.com\/fr-fr\/blog\/experts-comptables-de-nouvelles-missions-pour-la-profession\/\"><strong>Nouvelles missions pour les experts-comptables<\/strong><\/a><\/div>\n<\/div>\n\n\n\n<p><\/p>\n\n\n\n<p>Les missions des cabinets d\u2019expertise-comptable sont aujourd\u2019hui riches et vari\u00e9es. Chacun pourra donc s\u2019\u00e9panouir dans un domaine Fini les t\u00e2ches chronophages. Le contact, la communication avec le client sont devenus essentiels<\/p>\n\n\n\n<p>Le parcours pour arriver au DEC (Bac+8) demande un certain go\u00fbt de l\u2019effort mais arriver au sommet est possible ont pr\u00e9cis\u00e9 les intervenants. Il faut avoir confiance en soi et franchir les \u00e9tapes \u00e0 son rythme. Le DCG, tout comme le DSCG sont organis\u00e9s en unit\u00e9s d\u2019enseignements. Toute unit\u00e9 valid\u00e9e est conserv\u00e9e pendant 8 ans.&nbsp; En suivant une pr\u00e9paration aux \u00e9preuves, les \u00e9tudiants valident en g\u00e9n\u00e9ral le DCG en 3 (dipl\u00f4me de grade licence) ou 4 ans.<\/p>\n\n\n\n<ul class=\"wp-block-list has-white-color has-vivid-cyan-blue-background-color has-text-color has-background has-link-color wp-elements-e2253d414179566e512d3d262bab1d72\">\n<li><strong><u>Programme du DCG<\/u><\/strong><\/li>\n<\/ul>\n\n\n\n<ul class=\"wp-block-list has-white-color has-vivid-cyan-blue-background-color has-text-color has-background has-link-color wp-elements-46035aae345f640e1f1078e02de1458c\">\n<li><strong>UE1<\/strong> \u00ab Fondamentaux du droit \u00bb ;<\/li>\n\n\n\n<li><strong>UE2 <\/strong>\u00ab Droits des soci\u00e9t\u00e9s et des groupements d&rsquo;affaire \u00bb ;<\/li>\n\n\n\n<li><strong>UE3<\/strong> \u00ab Droit social \u00bb ;<\/li>\n\n\n\n<li>UE4 \u00ab Droit fiscal \u00bb ;<\/li>\n\n\n\n<li><strong>UE5<\/strong> \u00ab \u00c9conomie contemporaine \u00bb ;<\/li>\n\n\n\n<li><strong>UE6 <\/strong>\u00ab Finance d&rsquo;entreprise \u00bb ;<\/li>\n\n\n\n<li><strong>UE7 <\/strong>\u00ab Management \u00bb ;<\/li>\n\n\n\n<li><strong>UE8 <\/strong>\u00ab Syst\u00e8mes d&rsquo;information et de gestion \u00bb ;<\/li>\n\n\n\n<li><strong>UE9 <\/strong>\u00ab Comptabilit\u00e9 \u00bb ;<\/li>\n\n\n\n<li><strong>UE10 <\/strong>\u00ab Comptabilit\u00e9 approfondie \u00bb ;<\/li>\n\n\n\n<li><strong>UE11<\/strong> \u00ab Contr\u00f4le de gestion \u00bb ;<\/li>\n\n\n\n<li><strong>UE12 <\/strong>\u00ab Anglais des affaires \u00bb ;<\/li>\n\n\n\n<li><strong>UE13<\/strong> \u00ab Communication professionnelle \u00bb ;<\/li>\n\n\n\n<li>UE14 \u00ab Langue vivante \u00e9trang\u00e8re \u00bb.<\/li>\n<\/ul>\n\n\n\n<ul class=\"wp-block-list has-white-color has-vivid-cyan-blue-background-color has-text-color has-background has-link-color wp-elements-aaf1e8e304f113e301d0dcd7ab553686\">\n<li><strong><u>Programme du DSCG<\/u><\/strong><\/li>\n<\/ul>\n\n\n\n<ul class=\"wp-block-list has-white-color has-vivid-cyan-blue-background-color has-text-color has-background has-link-color wp-elements-6f2cae5930f33ed4521e1af252d3dc4c\">\n<li><strong>UE<\/strong>&nbsp;1 : \u00ab&nbsp;Gestion juridique, fiscale et sociale&nbsp;\u00bb<\/li>\n\n\n\n<li><strong>UE<\/strong>&nbsp;2 : \u00ab&nbsp;Finance&nbsp;\u00bb<\/li>\n\n\n\n<li><strong>UE<\/strong>&nbsp;3 : \u00ab&nbsp;Management et contr\u00f4le de gestion&nbsp;\u00bb<\/li>\n\n\n\n<li><strong>UE<\/strong>&nbsp;4 : \u00ab&nbsp;Comptabilit\u00e9 et audit&nbsp;\u00bb<\/li>\n\n\n\n<li><strong>UE<\/strong>&nbsp;5 : \u00ab&nbsp;Management des syst\u00e8mes d&rsquo;information&nbsp;\u00bb<\/li>\n\n\n\n<li><strong>UE<\/strong>&nbsp;6 : \u00ab&nbsp;Anglais des affaires&nbsp;\u00bb<\/li>\n\n\n\n<li><strong>UE<\/strong>&nbsp;7 : \u00ab&nbsp;M\u00e9moire&nbsp;\u00bb<\/li>\n<\/ul>\n\n\n\n<figure class=\"wp-block-image size-large\"><img loading=\"lazy\" decoding=\"async\" width=\"1024\" height=\"768\" src=\"https:\/\/etab.ac-reunion.fr\/lyc-antoine-roussin\/wp-content\/uploads\/sites\/92\/2024\/10\/image-11-1024x768.png\" alt=\"\" class=\"wp-image-11724\" srcset=\"https:\/\/etab.ac-reunion.fr\/lyc-antoine-roussin\/wp-content\/uploads\/sites\/92\/2024\/10\/image-11-1024x768.png 1024w, https:\/\/etab.ac-reunion.fr\/lyc-antoine-roussin\/wp-content\/uploads\/sites\/92\/2024\/10\/image-11-300x225.png 300w, https:\/\/etab.ac-reunion.fr\/lyc-antoine-roussin\/wp-content\/uploads\/sites\/92\/2024\/10\/image-11-768x576.png 768w, https:\/\/etab.ac-reunion.fr\/lyc-antoine-roussin\/wp-content\/uploads\/sites\/92\/2024\/10\/image-11-150x113.png 150w, https:\/\/etab.ac-reunion.fr\/lyc-antoine-roussin\/wp-content\/uploads\/sites\/92\/2024\/10\/image-11.png 1080w\" sizes=\"auto, (max-width: 1024px) 100vw, 1024px\" \/><\/figure>\n\n\n\n<p><\/p>\n\n\n\n<p>Int\u00e9grer le DCG, c\u2019est se pr\u00e9parer \u00e0 des m\u00e9tiers d&rsquo;avenir et avoir la garantie de trouver un emploi. <\/p>\n\n\n\n<figure class=\"wp-block-image size-large\"><img loading=\"lazy\" decoding=\"async\" width=\"1024\" height=\"768\" src=\"https:\/\/etab.ac-reunion.fr\/lyc-antoine-roussin\/wp-content\/uploads\/sites\/92\/2024\/10\/image-12-1024x768.png\" alt=\"\" class=\"wp-image-11725\" srcset=\"https:\/\/etab.ac-reunion.fr\/lyc-antoine-roussin\/wp-content\/uploads\/sites\/92\/2024\/10\/image-12-1024x768.png 1024w, https:\/\/etab.ac-reunion.fr\/lyc-antoine-roussin\/wp-content\/uploads\/sites\/92\/2024\/10\/image-12-300x225.png 300w, https:\/\/etab.ac-reunion.fr\/lyc-antoine-roussin\/wp-content\/uploads\/sites\/92\/2024\/10\/image-12-768x576.png 768w, https:\/\/etab.ac-reunion.fr\/lyc-antoine-roussin\/wp-content\/uploads\/sites\/92\/2024\/10\/image-12-150x113.png 150w, https:\/\/etab.ac-reunion.fr\/lyc-antoine-roussin\/wp-content\/uploads\/sites\/92\/2024\/10\/image-12.png 1080w\" sizes=\"auto, (max-width: 1024px) 100vw, 1024px\" \/><\/figure>\n","protected":false},"excerpt":{"rendered":"<p>Jeudi 3 octobre 2024 R\u00e9my Amato, expert-comptable, Tom Amato (collaborateur chez Euraudit), Fabien Boyer (\u00e9tudiant pr\u00e9parant le DSCG avec contrat d\u2019alternance chez JHP Walter France) sont venus \u00e0 la rencontre des \u00e9l\u00e8ves du lyc\u00e9e Antoine Roussin, du lyc\u00e9e Antoine de Saint-Exup\u00e9ry et des \u00e9tudiants du DCG de Saint-Louis pour parler&#8230;<\/p>\n<p class=\"continue-reading-button\"> <a class=\"continue-reading-link\" href=\"https:\/\/etab.ac-reunion.fr\/lyc-antoine-roussin\/filiere-de-lexpertise-comptable-rencontre-avec-des-professionnels\/\">Lire la suite<i class=\"crycon-right-dir\"><\/i><\/a><\/p>\n","protected":false},"author":19389,"featured_media":0,"comment_status":"closed","ping_status":"closed","sticky":false,"template":"","format":"standard","meta":{"footnotes":""},"categories":[114,37,31],"tags":[],"class_list":["post-11721","post","type-post","status-publish","format-standard","hentry","category-2024-2025","category-dcg","category-post-bac"],"_links":{"self":[{"href":"https:\/\/etab.ac-reunion.fr\/lyc-antoine-roussin\/wp-json\/wp\/v2\/posts\/11721","targetHints":{"allow":["GET"]}}],"collection":[{"href":"https:\/\/etab.ac-reunion.fr\/lyc-antoine-roussin\/wp-json\/wp\/v2\/posts"}],"about":[{"href":"https:\/\/etab.ac-reunion.fr\/lyc-antoine-roussin\/wp-json\/wp\/v2\/types\/post"}],"author":[{"embeddable":true,"href":"https:\/\/etab.ac-reunion.fr\/lyc-antoine-roussin\/wp-json\/wp\/v2\/users\/19389"}],"replies":[{"embeddable":true,"href":"https:\/\/etab.ac-reunion.fr\/lyc-antoine-roussin\/wp-json\/wp\/v2\/comments?post=11721"}],"version-history":[{"count":3,"href":"https:\/\/etab.ac-reunion.fr\/lyc-antoine-roussin\/wp-json\/wp\/v2\/posts\/11721\/revisions"}],"predecessor-version":[{"id":11826,"href":"https:\/\/etab.ac-reunion.fr\/lyc-antoine-roussin\/wp-json\/wp\/v2\/posts\/11721\/revisions\/11826"}],"wp:attachment":[{"href":"https:\/\/etab.ac-reunion.fr\/lyc-antoine-roussin\/wp-json\/wp\/v2\/media?parent=11721"}],"wp:term":[{"taxonomy":"category","embeddable":true,"href":"https:\/\/etab.ac-reunion.fr\/lyc-antoine-roussin\/wp-json\/wp\/v2\/categories?post=11721"},{"taxonomy":"post_tag","embeddable":true,"href":"https:\/\/etab.ac-reunion.fr\/lyc-antoine-roussin\/wp-json\/wp\/v2\/tags?post=11721"}],"curies":[{"name":"wp","href":"https:\/\/api.w.org\/{rel}","templated":true}]}}