{"id":12441,"date":"2024-12-17T20:55:54","date_gmt":"2024-12-17T16:55:54","guid":{"rendered":"https:\/\/etab.ac-reunion.fr\/lyc-antoine-roussin\/?p=12441"},"modified":"2024-12-17T21:05:08","modified_gmt":"2024-12-17T17:05:08","slug":"participation-active-de-nos-eleves-encordes-a-la-semaine-de-lindustrie-2024","status":"publish","type":"post","link":"https:\/\/etab.ac-reunion.fr\/lyc-antoine-roussin\/participation-active-de-nos-eleves-encordes-a-la-semaine-de-lindustrie-2024\/","title":{"rendered":"Participation active de nos \u00e9l\u00e8ves encord\u00e9s \u00e0 la Semaine de l&rsquo;Industrie 2024"},"content":{"rendered":"\n<figure class=\"wp-block-image size-large\"><img loading=\"lazy\" decoding=\"async\" width=\"1024\" height=\"768\" src=\"https:\/\/etab.ac-reunion.fr\/lyc-antoine-roussin\/wp-content\/uploads\/sites\/92\/2024\/12\/photos-semaine-de-lindustrie-1024x768.jpg\" alt=\"\" class=\"wp-image-12442\" srcset=\"https:\/\/etab.ac-reunion.fr\/lyc-antoine-roussin\/wp-content\/uploads\/sites\/92\/2024\/12\/photos-semaine-de-lindustrie-1024x768.jpg 1024w, https:\/\/etab.ac-reunion.fr\/lyc-antoine-roussin\/wp-content\/uploads\/sites\/92\/2024\/12\/photos-semaine-de-lindustrie-300x225.jpg 300w, https:\/\/etab.ac-reunion.fr\/lyc-antoine-roussin\/wp-content\/uploads\/sites\/92\/2024\/12\/photos-semaine-de-lindustrie-768x576.jpg 768w, https:\/\/etab.ac-reunion.fr\/lyc-antoine-roussin\/wp-content\/uploads\/sites\/92\/2024\/12\/photos-semaine-de-lindustrie-1536x1152.jpg 1536w, https:\/\/etab.ac-reunion.fr\/lyc-antoine-roussin\/wp-content\/uploads\/sites\/92\/2024\/12\/photos-semaine-de-lindustrie-150x113.jpg 150w, https:\/\/etab.ac-reunion.fr\/lyc-antoine-roussin\/wp-content\/uploads\/sites\/92\/2024\/12\/photos-semaine-de-lindustrie.jpg 1600w\" sizes=\"auto, (max-width: 1024px) 100vw, 1024px\" \/><\/figure>\n\n\n\n<p><\/p>\n\n\n\n<p class=\"has-light-green-cyan-background-color has-background\"><em><strong>Mardi 19 novembre 2024 \u2013 CIRFIM Le Port de 8h30 \u00e0 12h00&nbsp;: D\u00e9couverte des M\u00e9tiers de l\u2019INDUSTRIE et de l\u2019ELECTRICITE<\/strong><\/em><\/p>\n\n\n\n<ul class=\"wp-block-list has-white-background-color has-background\">\n<li><strong>Pr\u00e9sentation des m\u00e9tiers de l&rsquo;industrie<\/strong><\/li>\n<\/ul>\n\n\n\n<ul class=\"wp-block-list has-white-background-color has-background\">\n<li><strong>Pr\u00e9sentation des r\u00e9seaux de distribution \u00e9lectrique Ouvrages et Installations<\/strong><\/li>\n<\/ul>\n\n\n\n<ul class=\"wp-block-list has-white-background-color has-background\">\n<li><strong>Pr\u00e9sentation de la m\u00e9trologie (Animations CRITT)<\/strong><\/li>\n<\/ul>\n\n\n\n<ul class=\"wp-block-list has-white-background-color has-background\">\n<li><strong>Visite d\u2019un atelier de production avec casque en r\u00e9alit\u00e9 virtuelle<\/strong><\/li>\n<\/ul>\n\n\n\n<ul class=\"wp-block-list has-white-background-color has-background\">\n<li><strong>Pr\u00e9vention des risques \u00e9lectriques<\/strong><\/li>\n<\/ul>\n\n\n\n<ul class=\"wp-block-list has-white-background-color has-background\">\n<li><strong>Initiation \u00e0 la conduite d\u2019une nacelle sur simulateur (travaux en hauteur)<\/strong><\/li>\n<\/ul>\n\n\n\n<ul class=\"wp-block-list has-white-background-color has-background\">\n<li><strong>Initiation \u00e0 la soudure sur simulateur<\/strong><\/li>\n<\/ul>\n\n\n\n<ul class=\"wp-block-list has-white-background-color has-background\">\n<li><strong>Informations orientation formations techniques<\/strong><\/li>\n<\/ul>\n\n\n\n<p>Les \u00e9l\u00e8ves encord\u00e9s de seconde, premi\u00e8re et terminale ont particip\u00e9 \u00e0 cette matin\u00e9e d\u00e9couverte et activement particip\u00e9 aux activit\u00e9s propos\u00e9es.<\/p>\n\n\n\n<p class=\"has-light-green-cyan-background-color has-background\"><em><strong>Mercredi 20 novembre et Vendredi 22 novembre\u00a0:<\/strong><\/em><strong><em> visites d&rsquo;entreprise<\/em><\/strong>s<\/p>\n\n\n\n<p>Les \u00e9l\u00e8ves de Secondes encord\u00e9s et des \u00e9l\u00e8ves volontaires encord\u00e9s de Premi\u00e8re ont particip\u00e9 activement \u00e0 la Semaine de l\u2019Industrie en visitant des entreprises et des associations au Port et \u00e0 Saint Paul (Pet Food Run, Interlinge, Titang Recup).<\/p>\n\n\n\n<p>Une pr\u00e9paration en amont avait \u00e9t\u00e9 effectu\u00e9e en classe (questionnaire) et un prolongement a eu lieu avec une pr\u00e9sentation du monde de l\u2019entreprise en lien avec les visites effectu\u00e9es lors des heures d\u2019orientation en Seconde.<\/p>\n\n\n\n<p><strong><em>Emmanuel Bugeon<\/em><\/strong><\/p>\n\n\n\n<figure class=\"wp-block-gallery has-nested-images columns-default is-cropped wp-block-gallery-1 is-layout-flex wp-block-gallery-is-layout-flex\">\n<figure class=\"wp-block-image size-large\"><img loading=\"lazy\" decoding=\"async\" width=\"768\" height=\"1024\" data-id=\"12444\" src=\"https:\/\/etab.ac-reunion.fr\/lyc-antoine-roussin\/wp-content\/uploads\/sites\/92\/2024\/12\/semaine-industrie-photos-2-768x1024.jpg\" alt=\"\" class=\"wp-image-12444\" srcset=\"https:\/\/etab.ac-reunion.fr\/lyc-antoine-roussin\/wp-content\/uploads\/sites\/92\/2024\/12\/semaine-industrie-photos-2-768x1024.jpg 768w, https:\/\/etab.ac-reunion.fr\/lyc-antoine-roussin\/wp-content\/uploads\/sites\/92\/2024\/12\/semaine-industrie-photos-2-225x300.jpg 225w, https:\/\/etab.ac-reunion.fr\/lyc-antoine-roussin\/wp-content\/uploads\/sites\/92\/2024\/12\/semaine-industrie-photos-2-1152x1536.jpg 1152w, https:\/\/etab.ac-reunion.fr\/lyc-antoine-roussin\/wp-content\/uploads\/sites\/92\/2024\/12\/semaine-industrie-photos-2-1536x2048.jpg 1536w, https:\/\/etab.ac-reunion.fr\/lyc-antoine-roussin\/wp-content\/uploads\/sites\/92\/2024\/12\/semaine-industrie-photos-2-113x150.jpg 113w, https:\/\/etab.ac-reunion.fr\/lyc-antoine-roussin\/wp-content\/uploads\/sites\/92\/2024\/12\/semaine-industrie-photos-2-scaled.jpg 1920w\" sizes=\"auto, (max-width: 768px) 100vw, 768px\" \/><\/figure>\n\n\n\n<figure class=\"wp-block-image size-large\"><img loading=\"lazy\" decoding=\"async\" width=\"768\" height=\"1024\" data-id=\"12443\" src=\"https:\/\/etab.ac-reunion.fr\/lyc-antoine-roussin\/wp-content\/uploads\/sites\/92\/2024\/12\/semeine-de-lindustrie-photo-768x1024.jpg\" alt=\"\" class=\"wp-image-12443\" srcset=\"https:\/\/etab.ac-reunion.fr\/lyc-antoine-roussin\/wp-content\/uploads\/sites\/92\/2024\/12\/semeine-de-lindustrie-photo-768x1024.jpg 768w, https:\/\/etab.ac-reunion.fr\/lyc-antoine-roussin\/wp-content\/uploads\/sites\/92\/2024\/12\/semeine-de-lindustrie-photo-225x300.jpg 225w, https:\/\/etab.ac-reunion.fr\/lyc-antoine-roussin\/wp-content\/uploads\/sites\/92\/2024\/12\/semeine-de-lindustrie-photo-1152x1536.jpg 1152w, https:\/\/etab.ac-reunion.fr\/lyc-antoine-roussin\/wp-content\/uploads\/sites\/92\/2024\/12\/semeine-de-lindustrie-photo-1536x2048.jpg 1536w, https:\/\/etab.ac-reunion.fr\/lyc-antoine-roussin\/wp-content\/uploads\/sites\/92\/2024\/12\/semeine-de-lindustrie-photo-113x150.jpg 113w, https:\/\/etab.ac-reunion.fr\/lyc-antoine-roussin\/wp-content\/uploads\/sites\/92\/2024\/12\/semeine-de-lindustrie-photo-scaled.jpg 1920w\" sizes=\"auto, (max-width: 768px) 100vw, 768px\" \/><\/figure>\n<\/figure>\n","protected":false},"excerpt":{"rendered":"<p>Mardi 19 novembre 2024 \u2013 CIRFIM Le Port de 8h30 \u00e0 12h00&nbsp;: D\u00e9couverte des M\u00e9tiers de l\u2019INDUSTRIE et de l\u2019ELECTRICITE Les \u00e9l\u00e8ves encord\u00e9s de seconde, premi\u00e8re et terminale ont particip\u00e9 \u00e0 cette matin\u00e9e d\u00e9couverte et activement particip\u00e9 aux activit\u00e9s propos\u00e9es. Mercredi 20 novembre et Vendredi 22 novembre\u00a0: visites d&rsquo;entreprises Les&#8230;<\/p>\n<p class=\"continue-reading-button\"> <a class=\"continue-reading-link\" href=\"https:\/\/etab.ac-reunion.fr\/lyc-antoine-roussin\/participation-active-de-nos-eleves-encordes-a-la-semaine-de-lindustrie-2024\/\">Lire la suite<i class=\"crycon-right-dir\"><\/i><\/a><\/p>\n","protected":false},"author":19389,"featured_media":0,"comment_status":"closed","ping_status":"closed","sticky":false,"template":"","format":"standard","meta":{"footnotes":""},"categories":[114,98],"tags":[],"class_list":["post-12441","post","type-post","status-publish","format-standard","hentry","category-2024-2025","category-les-cordees-de-la-reussite"],"_links":{"self":[{"href":"https:\/\/etab.ac-reunion.fr\/lyc-antoine-roussin\/wp-json\/wp\/v2\/posts\/12441","targetHints":{"allow":["GET"]}}],"collection":[{"href":"https:\/\/etab.ac-reunion.fr\/lyc-antoine-roussin\/wp-json\/wp\/v2\/posts"}],"about":[{"href":"https:\/\/etab.ac-reunion.fr\/lyc-antoine-roussin\/wp-json\/wp\/v2\/types\/post"}],"author":[{"embeddable":true,"href":"https:\/\/etab.ac-reunion.fr\/lyc-antoine-roussin\/wp-json\/wp\/v2\/users\/19389"}],"replies":[{"embeddable":true,"href":"https:\/\/etab.ac-reunion.fr\/lyc-antoine-roussin\/wp-json\/wp\/v2\/comments?post=12441"}],"version-history":[{"count":6,"href":"https:\/\/etab.ac-reunion.fr\/lyc-antoine-roussin\/wp-json\/wp\/v2\/posts\/12441\/revisions"}],"predecessor-version":[{"id":12451,"href":"https:\/\/etab.ac-reunion.fr\/lyc-antoine-roussin\/wp-json\/wp\/v2\/posts\/12441\/revisions\/12451"}],"wp:attachment":[{"href":"https:\/\/etab.ac-reunion.fr\/lyc-antoine-roussin\/wp-json\/wp\/v2\/media?parent=12441"}],"wp:term":[{"taxonomy":"category","embeddable":true,"href":"https:\/\/etab.ac-reunion.fr\/lyc-antoine-roussin\/wp-json\/wp\/v2\/categories?post=12441"},{"taxonomy":"post_tag","embeddable":true,"href":"https:\/\/etab.ac-reunion.fr\/lyc-antoine-roussin\/wp-json\/wp\/v2\/tags?post=12441"}],"curies":[{"name":"wp","href":"https:\/\/api.w.org\/{rel}","templated":true}]}}