{"id":12452,"date":"2024-12-17T21:08:41","date_gmt":"2024-12-17T17:08:41","guid":{"rendered":"https:\/\/etab.ac-reunion.fr\/lyc-antoine-roussin\/?p=12452"},"modified":"2024-12-18T21:18:54","modified_gmt":"2024-12-18T17:18:54","slug":"preparation-et-participation-a-la-journee-des-valeurs-de-la-republique-et-de-la-laicite-le-lundi-9-decembre","status":"publish","type":"post","link":"https:\/\/etab.ac-reunion.fr\/lyc-antoine-roussin\/preparation-et-participation-a-la-journee-des-valeurs-de-la-republique-et-de-la-laicite-le-lundi-9-decembre\/","title":{"rendered":"Pr\u00e9paration et participation \u00e0 la journ\u00e9e des Valeurs de la R\u00e9publique et de la la\u00efcit\u00e9 le\u00a0lundi 9 d\u00e9cembre\u00a0"},"content":{"rendered":"<div class=\"wp-block-image\">\n<figure class=\"aligncenter size-large\"><img loading=\"lazy\" decoding=\"async\" width=\"768\" height=\"1024\" src=\"https:\/\/etab.ac-reunion.fr\/lyc-antoine-roussin\/wp-content\/uploads\/sites\/92\/2024\/12\/dec-2024-768x1024.jpg\" alt=\"\" class=\"wp-image-12453\" srcset=\"https:\/\/etab.ac-reunion.fr\/lyc-antoine-roussin\/wp-content\/uploads\/sites\/92\/2024\/12\/dec-2024-768x1024.jpg 768w, https:\/\/etab.ac-reunion.fr\/lyc-antoine-roussin\/wp-content\/uploads\/sites\/92\/2024\/12\/dec-2024-225x300.jpg 225w, https:\/\/etab.ac-reunion.fr\/lyc-antoine-roussin\/wp-content\/uploads\/sites\/92\/2024\/12\/dec-2024-1152x1536.jpg 1152w, https:\/\/etab.ac-reunion.fr\/lyc-antoine-roussin\/wp-content\/uploads\/sites\/92\/2024\/12\/dec-2024-1536x2048.jpg 1536w, https:\/\/etab.ac-reunion.fr\/lyc-antoine-roussin\/wp-content\/uploads\/sites\/92\/2024\/12\/dec-2024-113x150.jpg 113w, https:\/\/etab.ac-reunion.fr\/lyc-antoine-roussin\/wp-content\/uploads\/sites\/92\/2024\/12\/dec-2024-scaled.jpg 1920w\" sizes=\"auto, (max-width: 768px) 100vw, 768px\" \/><\/figure>\n<\/div>\n\n\n<p>Pour la journ\u00e9e de la la\u00efcit\u00e9 qui s\u2019est tenue au lyc\u00e9e lundi 9 d\u00e9cembre, les \u00e9l\u00e8ves de l\u2019Atelier<\/p>\n\n\n\n<p>Sciences Po ont men\u00e9 une r\u00e9flexion autour d\u2019un hommage \u00e0 Samuel Paty et Dominique Bernard.<\/p>\n\n\n\n<p>Les modalit\u00e9s de cet hommage&nbsp;ont \u00e9t\u00e9 les suivantes :<\/p>\n\n\n\n<p>Le code vestimentaire attendu des \u00e9l\u00e8ves&nbsp;\u00e9tait :<\/p>\n\n\n\n<p class=\"has-vivid-cyan-blue-background-color has-background\">&#8211; Bleu pour les \u00e9l\u00e8ves de Seconde<\/p>\n\n\n\n<p class=\"has-white-background-color has-background\">&#8211; Blanc pour les \u00e9l\u00e8ves de Premi\u00e8re,<\/p>\n\n\n\n<p class=\"has-vivid-red-background-color has-background\">&#8211; Rouge pour les \u00e9l\u00e8ves de Terminale.<\/p>\n\n\n\n<p>Des \u00e9l\u00e8ves de l\u2019Atelier Sciences Po&nbsp;\u00e9taient pr\u00e9sents au portail \u00e0 partir de 7h pour effectuer un marquage avec un petit stick bleu\/blanc\/rouge sur la main des \u00e9l\u00e8ves volontaires lors de l&rsquo;entr\u00e9e dans l&rsquo;\u00e9tablissement<\/p>\n\n\n\n<p>&#8211; Des interviews d\u2019\u00e9l\u00e8ves et d\u2019adultes de l\u2019\u00e9tablissement&nbsp;ont \u00e9t\u00e9 diffus\u00e9es.<\/p>\n\n\n\n<p>&#8211; Intervention de M. Le Proviseur et d&rsquo;un repr\u00e9sentant de la municipalit\u00e9 de Saint Louis.<\/p>\n\n\n\n<p>&#8211; Tout le groupe de l\u2019Atelier Sciences Po Premi\u00e8res&nbsp;a prononc\u00e9 depuis la terrasse du premier \u00e9tage un discours devant les \u00e9l\u00e8ves rassembl\u00e9s dans la cour d&rsquo;entr\u00e9e lors de la pause du matin.<\/p>\n\n\n\n<p>&#8211; Le groupe de l\u2019Atelier&nbsp;s\u2019est ensuite rendu&nbsp;\u00e0 l\u2019Amphith\u00e9\u00e2tre pour inaugurer une plaque en hommage \u00e0 Samuel Paty et Dominique Bernard, avec un d\u00e9p\u00f4t de gerbe.<\/p>\n\n\n\n<p><em><strong>Emmanuel Bugeon<\/strong><\/em><\/p>\n\n\n\n<figure class=\"wp-block-gallery has-nested-images columns-default is-cropped wp-block-gallery-1 is-layout-flex wp-block-gallery-is-layout-flex\">\n<figure class=\"wp-block-image size-large\"><img loading=\"lazy\" decoding=\"async\" width=\"1024\" height=\"768\" data-id=\"12479\" src=\"https:\/\/etab.ac-reunion.fr\/lyc-antoine-roussin\/wp-content\/uploads\/sites\/92\/2024\/12\/1734428013213-1024x768.jpg\" alt=\"\" class=\"wp-image-12479\" srcset=\"https:\/\/etab.ac-reunion.fr\/lyc-antoine-roussin\/wp-content\/uploads\/sites\/92\/2024\/12\/1734428013213-1024x768.jpg 1024w, https:\/\/etab.ac-reunion.fr\/lyc-antoine-roussin\/wp-content\/uploads\/sites\/92\/2024\/12\/1734428013213-300x225.jpg 300w, https:\/\/etab.ac-reunion.fr\/lyc-antoine-roussin\/wp-content\/uploads\/sites\/92\/2024\/12\/1734428013213-768x576.jpg 768w, https:\/\/etab.ac-reunion.fr\/lyc-antoine-roussin\/wp-content\/uploads\/sites\/92\/2024\/12\/1734428013213-1536x1152.jpg 1536w, https:\/\/etab.ac-reunion.fr\/lyc-antoine-roussin\/wp-content\/uploads\/sites\/92\/2024\/12\/1734428013213-2048x1536.jpg 2048w, https:\/\/etab.ac-reunion.fr\/lyc-antoine-roussin\/wp-content\/uploads\/sites\/92\/2024\/12\/1734428013213-150x113.jpg 150w\" sizes=\"auto, (max-width: 1024px) 100vw, 1024px\" \/><\/figure>\n<\/figure>\n\n\n\n<p><\/p>\n\n\n<div class=\"wp-block-image\">\n<figure class=\"aligncenter size-large\"><img loading=\"lazy\" decoding=\"async\" width=\"768\" height=\"1024\" src=\"https:\/\/etab.ac-reunion.fr\/lyc-antoine-roussin\/wp-content\/uploads\/sites\/92\/2024\/12\/1734428013255-768x1024.jpg\" alt=\"\" class=\"wp-image-12480\" srcset=\"https:\/\/etab.ac-reunion.fr\/lyc-antoine-roussin\/wp-content\/uploads\/sites\/92\/2024\/12\/1734428013255-768x1024.jpg 768w, https:\/\/etab.ac-reunion.fr\/lyc-antoine-roussin\/wp-content\/uploads\/sites\/92\/2024\/12\/1734428013255-225x300.jpg 225w, https:\/\/etab.ac-reunion.fr\/lyc-antoine-roussin\/wp-content\/uploads\/sites\/92\/2024\/12\/1734428013255-1152x1536.jpg 1152w, https:\/\/etab.ac-reunion.fr\/lyc-antoine-roussin\/wp-content\/uploads\/sites\/92\/2024\/12\/1734428013255-1536x2048.jpg 1536w, https:\/\/etab.ac-reunion.fr\/lyc-antoine-roussin\/wp-content\/uploads\/sites\/92\/2024\/12\/1734428013255-113x150.jpg 113w, https:\/\/etab.ac-reunion.fr\/lyc-antoine-roussin\/wp-content\/uploads\/sites\/92\/2024\/12\/1734428013255-scaled.jpg 1920w\" sizes=\"auto, (max-width: 768px) 100vw, 768px\" \/><\/figure>\n<\/div>","protected":false},"excerpt":{"rendered":"<p>Pour la journ\u00e9e de la la\u00efcit\u00e9 qui s\u2019est tenue au lyc\u00e9e lundi 9 d\u00e9cembre, les \u00e9l\u00e8ves de l\u2019Atelier Sciences Po ont men\u00e9 une r\u00e9flexion autour d\u2019un hommage \u00e0 Samuel Paty et Dominique Bernard. Les modalit\u00e9s de cet hommage&nbsp;ont \u00e9t\u00e9 les suivantes : Le code vestimentaire attendu des \u00e9l\u00e8ves&nbsp;\u00e9tait : &#8211;&#8230;<\/p>\n<p class=\"continue-reading-button\"> <a class=\"continue-reading-link\" href=\"https:\/\/etab.ac-reunion.fr\/lyc-antoine-roussin\/preparation-et-participation-a-la-journee-des-valeurs-de-la-republique-et-de-la-laicite-le-lundi-9-decembre\/\">Lire la suite<i class=\"crycon-right-dir\"><\/i><\/a><\/p>\n","protected":false},"author":19389,"featured_media":0,"comment_status":"closed","ping_status":"closed","sticky":false,"template":"","format":"standard","meta":{"footnotes":""},"categories":[114,123],"tags":[],"class_list":["post-12452","post","type-post","status-publish","format-standard","hentry","category-2024-2025","category-sciences-po-evenements"],"_links":{"self":[{"href":"https:\/\/etab.ac-reunion.fr\/lyc-antoine-roussin\/wp-json\/wp\/v2\/posts\/12452","targetHints":{"allow":["GET"]}}],"collection":[{"href":"https:\/\/etab.ac-reunion.fr\/lyc-antoine-roussin\/wp-json\/wp\/v2\/posts"}],"about":[{"href":"https:\/\/etab.ac-reunion.fr\/lyc-antoine-roussin\/wp-json\/wp\/v2\/types\/post"}],"author":[{"embeddable":true,"href":"https:\/\/etab.ac-reunion.fr\/lyc-antoine-roussin\/wp-json\/wp\/v2\/users\/19389"}],"replies":[{"embeddable":true,"href":"https:\/\/etab.ac-reunion.fr\/lyc-antoine-roussin\/wp-json\/wp\/v2\/comments?post=12452"}],"version-history":[{"count":6,"href":"https:\/\/etab.ac-reunion.fr\/lyc-antoine-roussin\/wp-json\/wp\/v2\/posts\/12452\/revisions"}],"predecessor-version":[{"id":12482,"href":"https:\/\/etab.ac-reunion.fr\/lyc-antoine-roussin\/wp-json\/wp\/v2\/posts\/12452\/revisions\/12482"}],"wp:attachment":[{"href":"https:\/\/etab.ac-reunion.fr\/lyc-antoine-roussin\/wp-json\/wp\/v2\/media?parent=12452"}],"wp:term":[{"taxonomy":"category","embeddable":true,"href":"https:\/\/etab.ac-reunion.fr\/lyc-antoine-roussin\/wp-json\/wp\/v2\/categories?post=12452"},{"taxonomy":"post_tag","embeddable":true,"href":"https:\/\/etab.ac-reunion.fr\/lyc-antoine-roussin\/wp-json\/wp\/v2\/tags?post=12452"}],"curies":[{"name":"wp","href":"https:\/\/api.w.org\/{rel}","templated":true}]}}