{"id":13708,"date":"2025-11-03T13:32:27","date_gmt":"2025-11-03T09:32:27","guid":{"rendered":"https:\/\/etab.ac-reunion.fr\/lyc-antoine-roussin\/?p=13708"},"modified":"2025-11-03T13:32:27","modified_gmt":"2025-11-03T09:32:27","slug":"m-sarda-conciliateur-de-justice-a-la-rencontre-des-etudiants","status":"publish","type":"post","link":"https:\/\/etab.ac-reunion.fr\/lyc-antoine-roussin\/m-sarda-conciliateur-de-justice-a-la-rencontre-des-etudiants\/","title":{"rendered":"M. Sarda, conciliateur de justice, \u00e0 la rencontre des \u00e9tudiants"},"content":{"rendered":"\n<figure class=\"wp-block-image size-large\"><img loading=\"lazy\" decoding=\"async\" width=\"1024\" height=\"1024\" src=\"https:\/\/etab.ac-reunion.fr\/lyc-antoine-roussin\/wp-content\/uploads\/sites\/92\/2025\/11\/image-1024x1024.png\" alt=\"\" class=\"wp-image-13709\" srcset=\"https:\/\/etab.ac-reunion.fr\/lyc-antoine-roussin\/wp-content\/uploads\/sites\/92\/2025\/11\/image-1024x1024.png 1024w, https:\/\/etab.ac-reunion.fr\/lyc-antoine-roussin\/wp-content\/uploads\/sites\/92\/2025\/11\/image-300x300.png 300w, https:\/\/etab.ac-reunion.fr\/lyc-antoine-roussin\/wp-content\/uploads\/sites\/92\/2025\/11\/image-150x150.png 150w, https:\/\/etab.ac-reunion.fr\/lyc-antoine-roussin\/wp-content\/uploads\/sites\/92\/2025\/11\/image-768x768.png 768w, https:\/\/etab.ac-reunion.fr\/lyc-antoine-roussin\/wp-content\/uploads\/sites\/92\/2025\/11\/image.png 1080w\" sizes=\"auto, (max-width: 1024px) 100vw, 1024px\" \/><\/figure>\n\n\n\n<p><em>Mercredi 29 octobre<\/em><\/p>\n\n\n\n<p>Comme chaque ann\u00e9e depuis trois ans, M. Sarda, conciliateur de justice \u00e0 Saint-Pierre est venu \u00e9changer avec nos \u00e9tudiants. Une rencontre attendue et toujours enrichissante !<\/p>\n\n\n\n<p>Le r\u00f4le d\u2019un conciliateur de justice ? Aider les gens \u00e0 r\u00e9soudre leurs conflits&nbsp;sans passer par la justice, que ce soit des probl\u00e8mes de voisinage, de consommation ou des diff\u00e9rends familiaux. Les modes de r\u00e9solution des diff\u00e9rends passent par diff\u00e9rents moyens tels que, la m\u00e9diation, la conciliation, l&rsquo;arbitrage et la convention de proc\u00e9dure participative.<\/p>\n\n\n\n<p>En favorisant le dialogue et la compr\u00e9hension, M. Sarda permet de trouver des solutions rapides et souvent plus simples que des proc\u00e9dures judiciaires longues et compliqu\u00e9es.<\/p>\n\n\n\n<p>Pendant la visite, les \u00e9tudiants ont pos\u00e9 de nombreuses questions, d\u00e9couvert comment se passe une conciliation et compris l\u2019importance du r\u00f4le du conciliateur dans la vie quotidienne. Les \u00e9changes ont \u00e9t\u00e9 anim\u00e9s, interactifs et tr\u00e8s instructifs, donnant un aper\u00e7u concret d\u2019un m\u00e9tier au c\u0153ur du dialogue et de la justice.<\/p>\n\n\n\n<p>Ces rencontres annuelles sont l\u2019occasion pour nos jeunes de mieux comprendre le monde juridique tout en d\u00e9couvrant un m\u00e9tier tourn\u00e9 vers l\u2019\u00e9coute et la r\u00e9solution pacifique des conflits.<\/p>\n\n\n\n<p><em>Omar Amahal<\/em><\/p>\n\n\n<div class=\"wp-block-image\">\n<figure class=\"aligncenter size-large\"><img loading=\"lazy\" decoding=\"async\" width=\"1024\" height=\"1024\" src=\"https:\/\/etab.ac-reunion.fr\/lyc-antoine-roussin\/wp-content\/uploads\/sites\/92\/2025\/11\/image-1-1024x1024.png\" alt=\"\" class=\"wp-image-13710\" srcset=\"https:\/\/etab.ac-reunion.fr\/lyc-antoine-roussin\/wp-content\/uploads\/sites\/92\/2025\/11\/image-1-1024x1024.png 1024w, https:\/\/etab.ac-reunion.fr\/lyc-antoine-roussin\/wp-content\/uploads\/sites\/92\/2025\/11\/image-1-300x300.png 300w, https:\/\/etab.ac-reunion.fr\/lyc-antoine-roussin\/wp-content\/uploads\/sites\/92\/2025\/11\/image-1-150x150.png 150w, https:\/\/etab.ac-reunion.fr\/lyc-antoine-roussin\/wp-content\/uploads\/sites\/92\/2025\/11\/image-1-768x768.png 768w, https:\/\/etab.ac-reunion.fr\/lyc-antoine-roussin\/wp-content\/uploads\/sites\/92\/2025\/11\/image-1.png 1080w\" sizes=\"auto, (max-width: 1024px) 100vw, 1024px\" \/><\/figure>\n<\/div>","protected":false},"excerpt":{"rendered":"<p>Mercredi 29 octobre Comme chaque ann\u00e9e depuis trois ans, M. Sarda, conciliateur de justice \u00e0 Saint-Pierre est venu \u00e9changer avec nos \u00e9tudiants. Une rencontre attendue et toujours enrichissante ! Le r\u00f4le d\u2019un conciliateur de justice ? Aider les gens \u00e0 r\u00e9soudre leurs conflits&nbsp;sans passer par la justice, que ce soit&#8230;<\/p>\n<p class=\"continue-reading-button\"> <a class=\"continue-reading-link\" href=\"https:\/\/etab.ac-reunion.fr\/lyc-antoine-roussin\/m-sarda-conciliateur-de-justice-a-la-rencontre-des-etudiants\/\">Lire la suite<i class=\"crycon-right-dir\"><\/i><\/a><\/p>\n","protected":false},"author":19389,"featured_media":0,"comment_status":"closed","ping_status":"closed","sticky":false,"template":"","format":"standard","meta":{"footnotes":""},"categories":[37],"tags":[],"class_list":["post-13708","post","type-post","status-publish","format-standard","hentry","category-dcg"],"_links":{"self":[{"href":"https:\/\/etab.ac-reunion.fr\/lyc-antoine-roussin\/wp-json\/wp\/v2\/posts\/13708","targetHints":{"allow":["GET"]}}],"collection":[{"href":"https:\/\/etab.ac-reunion.fr\/lyc-antoine-roussin\/wp-json\/wp\/v2\/posts"}],"about":[{"href":"https:\/\/etab.ac-reunion.fr\/lyc-antoine-roussin\/wp-json\/wp\/v2\/types\/post"}],"author":[{"embeddable":true,"href":"https:\/\/etab.ac-reunion.fr\/lyc-antoine-roussin\/wp-json\/wp\/v2\/users\/19389"}],"replies":[{"embeddable":true,"href":"https:\/\/etab.ac-reunion.fr\/lyc-antoine-roussin\/wp-json\/wp\/v2\/comments?post=13708"}],"version-history":[{"count":1,"href":"https:\/\/etab.ac-reunion.fr\/lyc-antoine-roussin\/wp-json\/wp\/v2\/posts\/13708\/revisions"}],"predecessor-version":[{"id":13711,"href":"https:\/\/etab.ac-reunion.fr\/lyc-antoine-roussin\/wp-json\/wp\/v2\/posts\/13708\/revisions\/13711"}],"wp:attachment":[{"href":"https:\/\/etab.ac-reunion.fr\/lyc-antoine-roussin\/wp-json\/wp\/v2\/media?parent=13708"}],"wp:term":[{"taxonomy":"category","embeddable":true,"href":"https:\/\/etab.ac-reunion.fr\/lyc-antoine-roussin\/wp-json\/wp\/v2\/categories?post=13708"},{"taxonomy":"post_tag","embeddable":true,"href":"https:\/\/etab.ac-reunion.fr\/lyc-antoine-roussin\/wp-json\/wp\/v2\/tags?post=13708"}],"curies":[{"name":"wp","href":"https:\/\/api.w.org\/{rel}","templated":true}]}}