{"id":14290,"date":"2026-04-26T14:09:03","date_gmt":"2026-04-26T10:09:03","guid":{"rendered":"https:\/\/etab.ac-reunion.fr\/lyc-antoine-roussin\/?p=14290"},"modified":"2026-04-27T07:39:49","modified_gmt":"2026-04-27T03:39:49","slug":"le-pole-dexcellence-en-actions","status":"publish","type":"post","link":"https:\/\/etab.ac-reunion.fr\/lyc-antoine-roussin\/le-pole-dexcellence-en-actions\/","title":{"rendered":"Le P\u00f4le d&rsquo;excellence en actions"},"content":{"rendered":"<div class=\"wp-block-image\">\n<figure class=\"aligncenter size-full is-resized\"><img loading=\"lazy\" decoding=\"async\" width=\"400\" height=\"300\" src=\"https:\/\/etab.ac-reunion.fr\/lyc-antoine-roussin\/wp-content\/uploads\/sites\/92\/2026\/04\/image-20.png\" alt=\"\" class=\"wp-image-14291\" style=\"width:691px;height:auto\" srcset=\"https:\/\/etab.ac-reunion.fr\/lyc-antoine-roussin\/wp-content\/uploads\/sites\/92\/2026\/04\/image-20.png 400w, https:\/\/etab.ac-reunion.fr\/lyc-antoine-roussin\/wp-content\/uploads\/sites\/92\/2026\/04\/image-20-300x225.png 300w, https:\/\/etab.ac-reunion.fr\/lyc-antoine-roussin\/wp-content\/uploads\/sites\/92\/2026\/04\/image-20-150x113.png 150w\" sizes=\"auto, (max-width: 400px) 100vw, 400px\" \/><\/figure>\n<\/div>\n\n\n<p><\/p>\n\n\n\n<p>Apr\u00e8s les premi\u00e8res s\u00e9ances d\u00e9di\u00e9es \u00e0 la prise de confiance en soi et aux sciences jusqu&rsquo;en f\u00e9vrier, le P\u00f4le d&rsquo;excellence du lyc\u00e9e Antoine Roussin continue son action chaque mois par une rencontre entre les coll\u00e9giens encord\u00e9s avec notre \u00e9tablissement et nos lyc\u00e9ens volontaires, participant eux-m\u00eames aux Cord\u00e9es de la R\u00e9ussite.\u00a0<\/p>\n\n\n\n<p>Le mois de mars a \u00e9t\u00e9 consacr\u00e9 \u00e0 une r\u00e9flexion puis une consolidation du projet d&rsquo;orientation de chacun, avec l&rsquo;appui des psychologues de l\u2019\u00c9ducation Nationale de chacun des \u00e9tablissements participant au dispositif. <\/p>\n\n\n\n<p>Le mois d&rsquo;avril a ouvert un nouveau cycle d&rsquo;actions autour d&rsquo;un projet d&rsquo;\u00e9criture aboutissant \u00e0 une restitution th\u00e9\u00e2trale lors de la derni\u00e8re s\u00e9ance du 27 mai, \u00e0 laquelle les familles des coll\u00e9giens ayant particip\u00e9 au P\u00f4le d&rsquo;excellence sont convi\u00e9es. En effet, cette s\u00e9ance de cl\u00f4ture s\u2019ach\u00e8vera par une remise de dipl\u00f4mes et des r\u00e9compenses pour f\u00e9liciter l&rsquo;engagement des \u00e9l\u00e8ves volontaires dans ce parcours d&rsquo;excellence.&nbsp;<\/p>\n\n\n\n<p><\/p>\n\n\n\n<p><em>Emmanuel Bugeon<\/em><\/p>\n\n\n\n<figure class=\"wp-block-gallery has-nested-images columns-default is-cropped wp-block-gallery-1 is-layout-flex wp-block-gallery-is-layout-flex\">\n<figure class=\"wp-block-image size-large\"><img loading=\"lazy\" decoding=\"async\" width=\"400\" height=\"300\" data-id=\"14295\" src=\"https:\/\/etab.ac-reunion.fr\/lyc-antoine-roussin\/wp-content\/uploads\/sites\/92\/2026\/04\/image-24.png\" alt=\"\" class=\"wp-image-14295\" srcset=\"https:\/\/etab.ac-reunion.fr\/lyc-antoine-roussin\/wp-content\/uploads\/sites\/92\/2026\/04\/image-24.png 400w, https:\/\/etab.ac-reunion.fr\/lyc-antoine-roussin\/wp-content\/uploads\/sites\/92\/2026\/04\/image-24-300x225.png 300w, https:\/\/etab.ac-reunion.fr\/lyc-antoine-roussin\/wp-content\/uploads\/sites\/92\/2026\/04\/image-24-150x113.png 150w\" sizes=\"auto, (max-width: 400px) 100vw, 400px\" \/><\/figure>\n\n\n\n<figure class=\"wp-block-image size-large\"><img loading=\"lazy\" decoding=\"async\" width=\"400\" height=\"300\" data-id=\"14293\" src=\"https:\/\/etab.ac-reunion.fr\/lyc-antoine-roussin\/wp-content\/uploads\/sites\/92\/2026\/04\/image-22.png\" alt=\"\" class=\"wp-image-14293\" srcset=\"https:\/\/etab.ac-reunion.fr\/lyc-antoine-roussin\/wp-content\/uploads\/sites\/92\/2026\/04\/image-22.png 400w, https:\/\/etab.ac-reunion.fr\/lyc-antoine-roussin\/wp-content\/uploads\/sites\/92\/2026\/04\/image-22-300x225.png 300w, https:\/\/etab.ac-reunion.fr\/lyc-antoine-roussin\/wp-content\/uploads\/sites\/92\/2026\/04\/image-22-150x113.png 150w\" sizes=\"auto, (max-width: 400px) 100vw, 400px\" \/><\/figure>\n\n\n\n<figure class=\"wp-block-image size-large\"><img loading=\"lazy\" decoding=\"async\" width=\"400\" height=\"300\" data-id=\"14292\" src=\"https:\/\/etab.ac-reunion.fr\/lyc-antoine-roussin\/wp-content\/uploads\/sites\/92\/2026\/04\/image-21.png\" alt=\"\" class=\"wp-image-14292\" srcset=\"https:\/\/etab.ac-reunion.fr\/lyc-antoine-roussin\/wp-content\/uploads\/sites\/92\/2026\/04\/image-21.png 400w, https:\/\/etab.ac-reunion.fr\/lyc-antoine-roussin\/wp-content\/uploads\/sites\/92\/2026\/04\/image-21-300x225.png 300w, https:\/\/etab.ac-reunion.fr\/lyc-antoine-roussin\/wp-content\/uploads\/sites\/92\/2026\/04\/image-21-150x113.png 150w\" sizes=\"auto, (max-width: 400px) 100vw, 400px\" \/><\/figure>\n<\/figure>\n\n\n\n<figure class=\"wp-block-gallery has-nested-images columns-default is-cropped wp-block-gallery-2 is-layout-flex wp-block-gallery-is-layout-flex\">\n<figure class=\"wp-block-image size-large\"><img loading=\"lazy\" decoding=\"async\" width=\"400\" height=\"300\" data-id=\"14294\" src=\"https:\/\/etab.ac-reunion.fr\/lyc-antoine-roussin\/wp-content\/uploads\/sites\/92\/2026\/04\/image-23.png\" alt=\"\" class=\"wp-image-14294\" srcset=\"https:\/\/etab.ac-reunion.fr\/lyc-antoine-roussin\/wp-content\/uploads\/sites\/92\/2026\/04\/image-23.png 400w, https:\/\/etab.ac-reunion.fr\/lyc-antoine-roussin\/wp-content\/uploads\/sites\/92\/2026\/04\/image-23-300x225.png 300w, https:\/\/etab.ac-reunion.fr\/lyc-antoine-roussin\/wp-content\/uploads\/sites\/92\/2026\/04\/image-23-150x113.png 150w\" sizes=\"auto, (max-width: 400px) 100vw, 400px\" \/><\/figure>\n<\/figure>\n","protected":false},"excerpt":{"rendered":"<p>Apr\u00e8s les premi\u00e8res s\u00e9ances d\u00e9di\u00e9es \u00e0 la prise de confiance en soi et aux sciences jusqu&rsquo;en f\u00e9vrier, le P\u00f4le d&rsquo;excellence du lyc\u00e9e Antoine Roussin continue son action chaque mois par une rencontre entre les coll\u00e9giens encord\u00e9s avec notre \u00e9tablissement et nos lyc\u00e9ens volontaires, participant eux-m\u00eames aux Cord\u00e9es de la R\u00e9ussite.\u00a0&#8230;<\/p>\n<p class=\"continue-reading-button\"> <a class=\"continue-reading-link\" href=\"https:\/\/etab.ac-reunion.fr\/lyc-antoine-roussin\/le-pole-dexcellence-en-actions\/\">Lire la suite<i class=\"crycon-right-dir\"><\/i><\/a><\/p>\n","protected":false},"author":19389,"featured_media":0,"comment_status":"closed","ping_status":"closed","sticky":false,"template":"","format":"standard","meta":{"footnotes":""},"categories":[113],"tags":[],"class_list":["post-14290","post","type-post","status-publish","format-standard","hentry","category-pole-dexcellence"],"_links":{"self":[{"href":"https:\/\/etab.ac-reunion.fr\/lyc-antoine-roussin\/wp-json\/wp\/v2\/posts\/14290","targetHints":{"allow":["GET"]}}],"collection":[{"href":"https:\/\/etab.ac-reunion.fr\/lyc-antoine-roussin\/wp-json\/wp\/v2\/posts"}],"about":[{"href":"https:\/\/etab.ac-reunion.fr\/lyc-antoine-roussin\/wp-json\/wp\/v2\/types\/post"}],"author":[{"embeddable":true,"href":"https:\/\/etab.ac-reunion.fr\/lyc-antoine-roussin\/wp-json\/wp\/v2\/users\/19389"}],"replies":[{"embeddable":true,"href":"https:\/\/etab.ac-reunion.fr\/lyc-antoine-roussin\/wp-json\/wp\/v2\/comments?post=14290"}],"version-history":[{"count":5,"href":"https:\/\/etab.ac-reunion.fr\/lyc-antoine-roussin\/wp-json\/wp\/v2\/posts\/14290\/revisions"}],"predecessor-version":[{"id":14301,"href":"https:\/\/etab.ac-reunion.fr\/lyc-antoine-roussin\/wp-json\/wp\/v2\/posts\/14290\/revisions\/14301"}],"wp:attachment":[{"href":"https:\/\/etab.ac-reunion.fr\/lyc-antoine-roussin\/wp-json\/wp\/v2\/media?parent=14290"}],"wp:term":[{"taxonomy":"category","embeddable":true,"href":"https:\/\/etab.ac-reunion.fr\/lyc-antoine-roussin\/wp-json\/wp\/v2\/categories?post=14290"},{"taxonomy":"post_tag","embeddable":true,"href":"https:\/\/etab.ac-reunion.fr\/lyc-antoine-roussin\/wp-json\/wp\/v2\/tags?post=14290"}],"curies":[{"name":"wp","href":"https:\/\/api.w.org\/{rel}","templated":true}]}}