{"id":5030,"date":"2018-09-02T05:56:27","date_gmt":"2018-09-02T02:56:27","guid":{"rendered":"http:\/\/lycee-antoine-roussin.ac-reunion.fr\/?p=5030"},"modified":"2019-07-26T12:22:47","modified_gmt":"2019-07-26T09:22:47","slug":"organiser-son-travail-en-seconde-semainier","status":"publish","type":"post","link":"https:\/\/etab.ac-reunion.fr\/lyc-antoine-roussin\/organiser-son-travail-en-seconde-semainier\/","title":{"rendered":"ORGANISER SON TRAVAIL EN SECONDE &#8211; SEMAINIER"},"content":{"rendered":"<p>Page 1: Organiser son travail personnel au lyc\u00e9e et \u00e0 la maison, avoir une vue d&rsquo;ensemble des t\u00e2ches \u00e0 accomplir sur la semaine.<\/p>\n<p>Page 2: La \u00ab\u00a0minute m\u00e9moire\u00a0\u00bb<\/p>\n<p><a href=\"https:\/\/etab.ac-reunion.fr\/lyc-antoine-roussin\/wp-content\/uploads\/sites\/92\/2018\/09\/ACPEORGANISATIONTRAVAILPERSONNEL.pdf\">ACPEORGANISATIONTRAVAILPERSONNEL<\/a><\/p>\n","protected":false},"excerpt":{"rendered":"<p>Page 1: Organiser son travail personnel au lyc\u00e9e et \u00e0 la maison, avoir une vue d&rsquo;ensemble des t\u00e2ches \u00e0 accomplir sur la semaine. Page 2: La \u00ab\u00a0minute m\u00e9moire\u00a0\u00bb ACPEORGANISATIONTRAVAILPERSONNEL<\/p>\n<p class=\"continue-reading-button\"> <a class=\"continue-reading-link\" href=\"https:\/\/etab.ac-reunion.fr\/lyc-antoine-roussin\/organiser-son-travail-en-seconde-semainier\/\">Lire la suite<i class=\"crycon-right-dir\"><\/i><\/a><\/p>\n","protected":false},"author":2721,"featured_media":0,"comment_status":"closed","ping_status":"open","sticky":false,"template":"","format":"standard","meta":{"footnotes":""},"categories":[5,43],"tags":[],"class_list":["post-5030","post","type-post","status-publish","format-standard","hentry","category-section-europeenne","category-2018-2019"],"_links":{"self":[{"href":"https:\/\/etab.ac-reunion.fr\/lyc-antoine-roussin\/wp-json\/wp\/v2\/posts\/5030","targetHints":{"allow":["GET"]}}],"collection":[{"href":"https:\/\/etab.ac-reunion.fr\/lyc-antoine-roussin\/wp-json\/wp\/v2\/posts"}],"about":[{"href":"https:\/\/etab.ac-reunion.fr\/lyc-antoine-roussin\/wp-json\/wp\/v2\/types\/post"}],"author":[{"embeddable":true,"href":"https:\/\/etab.ac-reunion.fr\/lyc-antoine-roussin\/wp-json\/wp\/v2\/users\/2721"}],"replies":[{"embeddable":true,"href":"https:\/\/etab.ac-reunion.fr\/lyc-antoine-roussin\/wp-json\/wp\/v2\/comments?post=5030"}],"version-history":[{"count":1,"href":"https:\/\/etab.ac-reunion.fr\/lyc-antoine-roussin\/wp-json\/wp\/v2\/posts\/5030\/revisions"}],"predecessor-version":[{"id":5032,"href":"https:\/\/etab.ac-reunion.fr\/lyc-antoine-roussin\/wp-json\/wp\/v2\/posts\/5030\/revisions\/5032"}],"wp:attachment":[{"href":"https:\/\/etab.ac-reunion.fr\/lyc-antoine-roussin\/wp-json\/wp\/v2\/media?parent=5030"}],"wp:term":[{"taxonomy":"category","embeddable":true,"href":"https:\/\/etab.ac-reunion.fr\/lyc-antoine-roussin\/wp-json\/wp\/v2\/categories?post=5030"},{"taxonomy":"post_tag","embeddable":true,"href":"https:\/\/etab.ac-reunion.fr\/lyc-antoine-roussin\/wp-json\/wp\/v2\/tags?post=5030"}],"curies":[{"name":"wp","href":"https:\/\/api.w.org\/{rel}","templated":true}]}}