{"id":7545,"date":"2021-05-23T13:53:10","date_gmt":"2021-05-23T10:53:10","guid":{"rendered":"http:\/\/lycee-antoine-roussin.ac-reunion.fr\/?p=7545"},"modified":"2021-05-23T13:53:10","modified_gmt":"2021-05-23T10:53:10","slug":"ewb-dernier-echange-en-hongrie","status":"publish","type":"post","link":"https:\/\/etab.ac-reunion.fr\/lyc-antoine-roussin\/ewb-dernier-echange-en-hongrie\/","title":{"rendered":"EWB, dernier \u00e9change, en Hongrie."},"content":{"rendered":"\n<p>Le projet Erasmus \u00ab\u00a0Education without borders\u00a0\u00bb touche \u00e0 sa fin, avec un an de retard et dans des conditions particuli\u00e8res.<\/p>\n\n\n\n<p>Il \u00e9tait pr\u00e9vu que 8 \u00e9l\u00e8ves du lyc\u00e9e se rendent \u00e0 Mako, en Hongrie pour le dernier \u00e9change en mai 2020, puis le voyage avait \u00e9t\u00e9 repouss\u00e9 en octobre, puis en mars 2021. Et finalement, il nous a \u00e9t\u00e9 impossible d&rsquo;organiser ce voyage scolaire physiquement. <\/p>\n\n\n\n<p>Pour l&rsquo;\u00e9quipe anglaise, le constat est le m\u00eame, mais les deux \u00e9coles roumaines sont plus chanceuses, et les \u00e9l\u00e8ves sont \u00e0 Mako pour cette semaine d&rsquo;\u00e9change.<\/p>\n\n\n\n<p><\/p>\n\n\n\n<p>Toutefois, nos \u00e9l\u00e8ves vont participer \u00e0 4 ateliers cette semaine, \u00e0 distance. Ils ont d\u00e9j\u00e0 pr\u00e9par\u00e9 des documents de travail et interviendront en direct avec leurs homologues anglais, roumains et hongrois.<\/p>\n\n\n\n<p><\/p>\n\n\n\n<div class=\"wp-block-media-text alignwide is-stacked-on-mobile\"><figure class=\"wp-block-media-text__media\"><img loading=\"lazy\" decoding=\"async\" width=\"627\" height=\"912\" src=\"https:\/\/etab.ac-reunion.fr\/lyc-antoine-roussin\/wp-content\/uploads\/sites\/92\/2021\/05\/intro_Mako.png\" alt=\"\" class=\"wp-image-7546 size-full\" srcset=\"https:\/\/etab.ac-reunion.fr\/lyc-antoine-roussin\/wp-content\/uploads\/sites\/92\/2021\/05\/intro_Mako.png 627w, https:\/\/etab.ac-reunion.fr\/lyc-antoine-roussin\/wp-content\/uploads\/sites\/92\/2021\/05\/intro_Mako-206x300.png 206w, https:\/\/etab.ac-reunion.fr\/lyc-antoine-roussin\/wp-content\/uploads\/sites\/92\/2021\/05\/intro_Mako-103x150.png 103w\" sizes=\"auto, (max-width: 627px) 100vw, 627px\" \/><\/figure><div class=\"wp-block-media-text__content\">\n<p class=\"has-large-font-size\"><\/p>\n<\/div><\/div>\n","protected":false},"excerpt":{"rendered":"<p>Le projet Erasmus \u00ab\u00a0Education without borders\u00a0\u00bb touche \u00e0 sa fin, avec un an de retard et dans des conditions particuli\u00e8res. Il \u00e9tait pr\u00e9vu que 8 \u00e9l\u00e8ves du lyc\u00e9e se rendent \u00e0 Mako, en Hongrie pour le dernier \u00e9change en mai 2020, puis le voyage avait \u00e9t\u00e9 repouss\u00e9 en octobre, puis&#8230;<\/p>\n<p class=\"continue-reading-button\"> <a class=\"continue-reading-link\" href=\"https:\/\/etab.ac-reunion.fr\/lyc-antoine-roussin\/ewb-dernier-echange-en-hongrie\/\">Lire la suite<i class=\"crycon-right-dir\"><\/i><\/a><\/p>\n","protected":false},"author":10469,"featured_media":0,"comment_status":"closed","ping_status":"closed","sticky":false,"template":"","format":"standard","meta":{"footnotes":""},"categories":[5,74],"tags":[],"class_list":["post-7545","post","type-post","status-publish","format-standard","hentry","category-section-europeenne","category--2020-2021"],"_links":{"self":[{"href":"https:\/\/etab.ac-reunion.fr\/lyc-antoine-roussin\/wp-json\/wp\/v2\/posts\/7545","targetHints":{"allow":["GET"]}}],"collection":[{"href":"https:\/\/etab.ac-reunion.fr\/lyc-antoine-roussin\/wp-json\/wp\/v2\/posts"}],"about":[{"href":"https:\/\/etab.ac-reunion.fr\/lyc-antoine-roussin\/wp-json\/wp\/v2\/types\/post"}],"author":[{"embeddable":true,"href":"https:\/\/etab.ac-reunion.fr\/lyc-antoine-roussin\/wp-json\/wp\/v2\/users\/10469"}],"replies":[{"embeddable":true,"href":"https:\/\/etab.ac-reunion.fr\/lyc-antoine-roussin\/wp-json\/wp\/v2\/comments?post=7545"}],"version-history":[{"count":1,"href":"https:\/\/etab.ac-reunion.fr\/lyc-antoine-roussin\/wp-json\/wp\/v2\/posts\/7545\/revisions"}],"predecessor-version":[{"id":7547,"href":"https:\/\/etab.ac-reunion.fr\/lyc-antoine-roussin\/wp-json\/wp\/v2\/posts\/7545\/revisions\/7547"}],"wp:attachment":[{"href":"https:\/\/etab.ac-reunion.fr\/lyc-antoine-roussin\/wp-json\/wp\/v2\/media?parent=7545"}],"wp:term":[{"taxonomy":"category","embeddable":true,"href":"https:\/\/etab.ac-reunion.fr\/lyc-antoine-roussin\/wp-json\/wp\/v2\/categories?post=7545"},{"taxonomy":"post_tag","embeddable":true,"href":"https:\/\/etab.ac-reunion.fr\/lyc-antoine-roussin\/wp-json\/wp\/v2\/tags?post=7545"}],"curies":[{"name":"wp","href":"https:\/\/api.w.org\/{rel}","templated":true}]}}