{"id":9193,"date":"2023-02-28T19:48:58","date_gmt":"2023-02-28T16:48:58","guid":{"rendered":"https:\/\/etab.ac-reunion.fr\/lyc-antoine-roussin\/?p=9193"},"modified":"2023-03-06T07:46:38","modified_gmt":"2023-03-06T04:46:38","slug":"forum-des-filieres-technologiques-des-lycees-antoine-roussin-et-jean-joly","status":"publish","type":"post","link":"https:\/\/etab.ac-reunion.fr\/lyc-antoine-roussin\/forum-des-filieres-technologiques-des-lycees-antoine-roussin-et-jean-joly\/","title":{"rendered":"Forum des fili\u00e8res technologiques des lyc\u00e9es Antoine Roussin et Jean Joly"},"content":{"rendered":"\n<p><strong>22 novembre 2022<\/strong> <\/p>\n\n\n\n<p>Le lyc\u00e9e Antoine Roussin, en collaboration avec le lyc\u00e9e Jean Joly de la Rivi\u00e8re, a organis\u00e9 son premier Forum des Fili\u00e8res Technologiques. Inscrit dans le dispositif <em>Cord\u00e9es de la R\u00e9ussite<\/em> et destin\u00e9 aux \u00e9l\u00e8ves des classes de troisi\u00e8me et de seconde g\u00e9n\u00e9rale, il avait pour objectif de leur permettre de d\u00e9couvrir les fili\u00e8res technologiques propos\u00e9es dans les deux \u00e9tablissements, de mieux en identifier les attendus, les programmes, et les poursuites d&rsquo;\u00e9tudes associ\u00e9es. Cette manifestation a bien s\u00fbr pour objectif d&rsquo;armer au mieux nos \u00e9l\u00e8ves pour leur future orientation et de permettre aux professeurs principaux d&rsquo;exploiter cette journ\u00e9e avec leurs professeurs principaux. Coll\u00e9giens et lyc\u00e9ens ont ainsi pu d\u00e9couvrir les fili\u00e8res suivantes:<\/p>\n\n\n\n<p><strong>Lyc\u00e9e Jean Joly<\/strong><\/p>\n\n\n\n<ul class=\"wp-block-list\">\n<li>STD2S (Sciences et Technologies de la Sant\u00e9 et du Social)<\/li>\n\n\n\n<li>STI2D (Sciences et Technologies de l&rsquo;Industrie et du D\u00e9veloppement Durable)<\/li>\n<\/ul>\n\n\n\n<p><strong>Lyc\u00e9e Antoine Roussin<\/strong><\/p>\n\n\n\n<ul class=\"wp-block-list\">\n<li>STMG (Sciences et Technologies du Management et de la Gestion)<\/li>\n\n\n\n<li>STL SPCL (Sciences et Technologies de Laboratoire &#8211; Option Physique \/ Chimie)<\/li>\n<\/ul>\n\n\n\n<p>Ce Forum a mobilis\u00e9 les efforts de toute la communaut\u00e9 \u00e9ducative. Les \u00e9l\u00e8ves de 1\u00e8res et de terminales technologiques des deux lyc\u00e9es, ainsi que leurs professeurs, ont anim\u00e9 avec beaucoup de ferveur et de professionnalisme les 4 ateliers propos\u00e9s ce jour. Durant toute la journ\u00e9e, les classes se sont succ\u00e9d\u00e9 pour rencontrer \u00e9l\u00e8ves et enseignants lors des pr\u00e9sentations et pour poser des question. Les \u00e9l\u00e8ves de BTS SAM du lyc\u00e9e Antoine Roussin ont assur\u00e9 l&rsquo;accueil et la prise en charge de leurs cadets. Les \u00e9l\u00e8ves de 1\u00e8re STMG2 du lyc\u00e9e Antoine Roussin, avec le soutien de leur professeur, ont r\u00e9alis\u00e9 un questionnaire d\u00e9taill\u00e9 et adapt\u00e9 \u00e0 chaque pr\u00e9sentation.  <\/p>\n\n\n\n<p>Nous tenons \u00e0 remercier les \u00e9l\u00e8ves des coll\u00e8ges et lyc\u00e9es suivants pour leur participation: Coll\u00e8ge du Ruisseau, Coll\u00e8ge Hegesippe Hoareau, Coll\u00e8ge Leconte de Lisle, Coll\u00e8ge Plateau Goyaves, Coll\u00e8ge Jean Lafosse, Coll\u00e8ge Trois-Bassins, Lyc\u00e9e Jean Joly. <\/p>\n\n\n\n<p>Nous tenons \u00e9galement \u00e0 remercier nos coll\u00e8gues de Jean Joly et leurs \u00e9l\u00e8ves pour leur participation \u00e0 ce Forum. <\/p>\n\n\n\n<p>S\u00e9bastien Le Maire &#8211; R\u00e9f\u00e9rent Cord\u00e9es de la R\u00e9ussite &#8211; Lyc\u00e9e Antoine Roussin<\/p>\n\n\n\n<figure class=\"wp-block-image size-large\"><img loading=\"lazy\" decoding=\"async\" width=\"1024\" height=\"881\" src=\"https:\/\/etab.ac-reunion.fr\/lyc-antoine-roussin\/wp-content\/uploads\/sites\/92\/2023\/02\/FFT1-1024x881.jpg\" alt=\"\" class=\"wp-image-9194\" srcset=\"https:\/\/etab.ac-reunion.fr\/lyc-antoine-roussin\/wp-content\/uploads\/sites\/92\/2023\/02\/FFT1-1024x881.jpg 1024w, https:\/\/etab.ac-reunion.fr\/lyc-antoine-roussin\/wp-content\/uploads\/sites\/92\/2023\/02\/FFT1-300x258.jpg 300w, https:\/\/etab.ac-reunion.fr\/lyc-antoine-roussin\/wp-content\/uploads\/sites\/92\/2023\/02\/FFT1-768x661.jpg 768w, https:\/\/etab.ac-reunion.fr\/lyc-antoine-roussin\/wp-content\/uploads\/sites\/92\/2023\/02\/FFT1-1536x1321.jpg 1536w, https:\/\/etab.ac-reunion.fr\/lyc-antoine-roussin\/wp-content\/uploads\/sites\/92\/2023\/02\/FFT1-2048x1762.jpg 2048w, https:\/\/etab.ac-reunion.fr\/lyc-antoine-roussin\/wp-content\/uploads\/sites\/92\/2023\/02\/FFT1-150x129.jpg 150w\" sizes=\"auto, (max-width: 1024px) 100vw, 1024px\" \/><figcaption class=\"wp-element-caption\">Accueil et r\u00e9union pl\u00e9ni\u00e8re dans l\u2019amphith\u00e9\u00e2tre du lyc\u00e9e Antoine Roussin<\/figcaption><\/figure>\n\n\n\n<p><\/p>\n\n\n\n<figure class=\"wp-block-image size-large\"><img loading=\"lazy\" decoding=\"async\" width=\"1024\" height=\"768\" src=\"https:\/\/etab.ac-reunion.fr\/lyc-antoine-roussin\/wp-content\/uploads\/sites\/92\/2023\/02\/FFT2-1024x768.jpg\" alt=\"\" class=\"wp-image-9195\" srcset=\"https:\/\/etab.ac-reunion.fr\/lyc-antoine-roussin\/wp-content\/uploads\/sites\/92\/2023\/02\/FFT2-1024x768.jpg 1024w, https:\/\/etab.ac-reunion.fr\/lyc-antoine-roussin\/wp-content\/uploads\/sites\/92\/2023\/02\/FFT2-300x225.jpg 300w, https:\/\/etab.ac-reunion.fr\/lyc-antoine-roussin\/wp-content\/uploads\/sites\/92\/2023\/02\/FFT2-768x576.jpg 768w, https:\/\/etab.ac-reunion.fr\/lyc-antoine-roussin\/wp-content\/uploads\/sites\/92\/2023\/02\/FFT2-1536x1152.jpg 1536w, https:\/\/etab.ac-reunion.fr\/lyc-antoine-roussin\/wp-content\/uploads\/sites\/92\/2023\/02\/FFT2-2048x1536.jpg 2048w, https:\/\/etab.ac-reunion.fr\/lyc-antoine-roussin\/wp-content\/uploads\/sites\/92\/2023\/02\/FFT2-150x113.jpg 150w\" sizes=\"auto, (max-width: 1024px) 100vw, 1024px\" \/><figcaption class=\"wp-element-caption\">Fili\u00e8re ST2S &#8211; Lyc\u00e9e Jean Joly<\/figcaption><\/figure>\n\n\n\n<figure class=\"wp-block-image size-large\"><img loading=\"lazy\" decoding=\"async\" width=\"1024\" height=\"768\" src=\"https:\/\/etab.ac-reunion.fr\/lyc-antoine-roussin\/wp-content\/uploads\/sites\/92\/2023\/02\/FFT3-1024x768.jpg\" alt=\"\" class=\"wp-image-9196\" srcset=\"https:\/\/etab.ac-reunion.fr\/lyc-antoine-roussin\/wp-content\/uploads\/sites\/92\/2023\/02\/FFT3-1024x768.jpg 1024w, https:\/\/etab.ac-reunion.fr\/lyc-antoine-roussin\/wp-content\/uploads\/sites\/92\/2023\/02\/FFT3-300x225.jpg 300w, https:\/\/etab.ac-reunion.fr\/lyc-antoine-roussin\/wp-content\/uploads\/sites\/92\/2023\/02\/FFT3-768x576.jpg 768w, https:\/\/etab.ac-reunion.fr\/lyc-antoine-roussin\/wp-content\/uploads\/sites\/92\/2023\/02\/FFT3-1536x1152.jpg 1536w, https:\/\/etab.ac-reunion.fr\/lyc-antoine-roussin\/wp-content\/uploads\/sites\/92\/2023\/02\/FFT3-2048x1536.jpg 2048w, https:\/\/etab.ac-reunion.fr\/lyc-antoine-roussin\/wp-content\/uploads\/sites\/92\/2023\/02\/FFT3-150x113.jpg 150w\" sizes=\"auto, (max-width: 1024px) 100vw, 1024px\" \/><figcaption class=\"wp-element-caption\">Fili\u00e8re STL SPCL &#8211; Lyc\u00e9e Antoine Roussin<\/figcaption><\/figure>\n\n\n\n<figure class=\"wp-block-image size-large\"><img loading=\"lazy\" decoding=\"async\" width=\"1024\" height=\"768\" src=\"https:\/\/etab.ac-reunion.fr\/lyc-antoine-roussin\/wp-content\/uploads\/sites\/92\/2023\/02\/FFT7-1024x768.jpg\" alt=\"\" class=\"wp-image-9198\" srcset=\"https:\/\/etab.ac-reunion.fr\/lyc-antoine-roussin\/wp-content\/uploads\/sites\/92\/2023\/02\/FFT7-1024x768.jpg 1024w, https:\/\/etab.ac-reunion.fr\/lyc-antoine-roussin\/wp-content\/uploads\/sites\/92\/2023\/02\/FFT7-300x225.jpg 300w, https:\/\/etab.ac-reunion.fr\/lyc-antoine-roussin\/wp-content\/uploads\/sites\/92\/2023\/02\/FFT7-768x576.jpg 768w, https:\/\/etab.ac-reunion.fr\/lyc-antoine-roussin\/wp-content\/uploads\/sites\/92\/2023\/02\/FFT7-1536x1152.jpg 1536w, https:\/\/etab.ac-reunion.fr\/lyc-antoine-roussin\/wp-content\/uploads\/sites\/92\/2023\/02\/FFT7-2048x1536.jpg 2048w, https:\/\/etab.ac-reunion.fr\/lyc-antoine-roussin\/wp-content\/uploads\/sites\/92\/2023\/02\/FFT7-150x113.jpg 150w\" sizes=\"auto, (max-width: 1024px) 100vw, 1024px\" \/><\/figure>\n\n\n\n<figure class=\"wp-block-image size-large\"><img loading=\"lazy\" decoding=\"async\" width=\"1024\" height=\"768\" src=\"https:\/\/etab.ac-reunion.fr\/lyc-antoine-roussin\/wp-content\/uploads\/sites\/92\/2023\/02\/FFT5-1024x768.jpg\" alt=\"\" class=\"wp-image-9199\" srcset=\"https:\/\/etab.ac-reunion.fr\/lyc-antoine-roussin\/wp-content\/uploads\/sites\/92\/2023\/02\/FFT5-1024x768.jpg 1024w, https:\/\/etab.ac-reunion.fr\/lyc-antoine-roussin\/wp-content\/uploads\/sites\/92\/2023\/02\/FFT5-300x225.jpg 300w, https:\/\/etab.ac-reunion.fr\/lyc-antoine-roussin\/wp-content\/uploads\/sites\/92\/2023\/02\/FFT5-768x576.jpg 768w, https:\/\/etab.ac-reunion.fr\/lyc-antoine-roussin\/wp-content\/uploads\/sites\/92\/2023\/02\/FFT5-1536x1152.jpg 1536w, https:\/\/etab.ac-reunion.fr\/lyc-antoine-roussin\/wp-content\/uploads\/sites\/92\/2023\/02\/FFT5-2048x1536.jpg 2048w, https:\/\/etab.ac-reunion.fr\/lyc-antoine-roussin\/wp-content\/uploads\/sites\/92\/2023\/02\/FFT5-150x113.jpg 150w\" sizes=\"auto, (max-width: 1024px) 100vw, 1024px\" \/><figcaption class=\"wp-element-caption\">Fili\u00e8re STI2D &#8211; Lyc\u00e9e Jean Joly<\/figcaption><\/figure>\n","protected":false},"excerpt":{"rendered":"<p>22 novembre 2022 Le lyc\u00e9e Antoine Roussin, en collaboration avec le lyc\u00e9e Jean Joly de la Rivi\u00e8re, a organis\u00e9 son premier Forum des Fili\u00e8res Technologiques. Inscrit dans le dispositif Cord\u00e9es de la R\u00e9ussite et destin\u00e9 aux \u00e9l\u00e8ves des classes de troisi\u00e8me et de seconde g\u00e9n\u00e9rale, il avait pour objectif de&#8230;<\/p>\n<p class=\"continue-reading-button\"> <a class=\"continue-reading-link\" href=\"https:\/\/etab.ac-reunion.fr\/lyc-antoine-roussin\/forum-des-filieres-technologiques-des-lycees-antoine-roussin-et-jean-joly\/\">Lire la suite<i class=\"crycon-right-dir\"><\/i><\/a><\/p>\n","protected":false},"author":2721,"featured_media":0,"comment_status":"closed","ping_status":"closed","sticky":false,"template":"","format":"standard","meta":{"footnotes":""},"categories":[92,98],"tags":[],"class_list":["post-9193","post","type-post","status-publish","format-standard","hentry","category-2022-2023","category-les-cordees-de-la-reussite"],"_links":{"self":[{"href":"https:\/\/etab.ac-reunion.fr\/lyc-antoine-roussin\/wp-json\/wp\/v2\/posts\/9193","targetHints":{"allow":["GET"]}}],"collection":[{"href":"https:\/\/etab.ac-reunion.fr\/lyc-antoine-roussin\/wp-json\/wp\/v2\/posts"}],"about":[{"href":"https:\/\/etab.ac-reunion.fr\/lyc-antoine-roussin\/wp-json\/wp\/v2\/types\/post"}],"author":[{"embeddable":true,"href":"https:\/\/etab.ac-reunion.fr\/lyc-antoine-roussin\/wp-json\/wp\/v2\/users\/2721"}],"replies":[{"embeddable":true,"href":"https:\/\/etab.ac-reunion.fr\/lyc-antoine-roussin\/wp-json\/wp\/v2\/comments?post=9193"}],"version-history":[{"count":2,"href":"https:\/\/etab.ac-reunion.fr\/lyc-antoine-roussin\/wp-json\/wp\/v2\/posts\/9193\/revisions"}],"predecessor-version":[{"id":9201,"href":"https:\/\/etab.ac-reunion.fr\/lyc-antoine-roussin\/wp-json\/wp\/v2\/posts\/9193\/revisions\/9201"}],"wp:attachment":[{"href":"https:\/\/etab.ac-reunion.fr\/lyc-antoine-roussin\/wp-json\/wp\/v2\/media?parent=9193"}],"wp:term":[{"taxonomy":"category","embeddable":true,"href":"https:\/\/etab.ac-reunion.fr\/lyc-antoine-roussin\/wp-json\/wp\/v2\/categories?post=9193"},{"taxonomy":"post_tag","embeddable":true,"href":"https:\/\/etab.ac-reunion.fr\/lyc-antoine-roussin\/wp-json\/wp\/v2\/tags?post=9193"}],"curies":[{"name":"wp","href":"https:\/\/api.w.org\/{rel}","templated":true}]}}