{"id":11936,"date":"2020-11-18T09:13:55","date_gmt":"2020-11-18T08:13:55","guid":{"rendered":"http:\/\/lycee-belair.ac-reunion.fr\/?p=11936"},"modified":"2020-11-20T02:33:17","modified_gmt":"2020-11-20T01:33:17","slug":"democrart","status":"publish","type":"post","link":"https:\/\/etab.ac-reunion.fr\/lyc-bel-air\/2020\/11\/18\/democrart\/","title":{"rendered":"\u00ab\u00a0D\u00e9mocrart\u00a0\u00bb"},"content":{"rendered":"\n<p>\u00ab\u00a0<strong>D\u00e9mocrart\u00a0\u00bb&nbsp;<\/strong>est un projet Etwinning qui consiste \u00e0 d\u00e9velopper des comp\u00e9tences de&nbsp;&nbsp;mieux-vivre-et-devenir-ensemble en Europe et&nbsp;&nbsp;\u00e0 donner une culture artistique et num\u00e9rique aux \u00e9l\u00e8ves \u00e0 travers le monde de l&rsquo;art<\/p>\n\n\n\n<figure class=\"wp-block-embed-youtube wp-block-embed is-type-video is-provider-youtube wp-embed-aspect-16-9 wp-has-aspect-ratio\"><div class=\"wp-block-embed__wrapper\">\n<iframe loading=\"lazy\" title=\"democrate\" width=\"1080\" height=\"608\" src=\"https:\/\/www.youtube.com\/embed\/67Mi_KWh70U?feature=oembed\"  allow=\"accelerometer; autoplay; clipboard-write; encrypted-media; gyroscope; picture-in-picture\" allowfullscreen><\/iframe>\n<\/div><\/figure>\n\n\n\n<figure class=\"wp-block-embed-youtube wp-block-embed is-type-video is-provider-youtube wp-embed-aspect-16-9 wp-has-aspect-ratio\"><div class=\"wp-block-embed__wrapper\">\n<iframe loading=\"lazy\" title=\"Etwinning 1\" width=\"1080\" height=\"608\" src=\"https:\/\/www.youtube.com\/embed\/73CLPOe9tzc?feature=oembed\"  allow=\"accelerometer; autoplay; clipboard-write; encrypted-media; gyroscope; picture-in-picture\" allowfullscreen><\/iframe>\n<\/div><\/figure>\n<!-- AddThis Advanced Settings generic via filter on the_content --><!-- AddThis Share Buttons generic via filter on the_content -->","protected":false},"excerpt":{"rendered":"<p>\u00ab\u00a0D\u00e9mocrart\u00a0\u00bb&nbsp;est un projet Etwinning qui consiste \u00e0 d\u00e9velopper des comp\u00e9tences de&nbsp;&nbsp;mieux-vivre-et-devenir-ensemble en Europe et&nbsp;&nbsp;\u00e0 donner une culture artistique et num\u00e9rique aux \u00e9l\u00e8ves \u00e0 travers le monde de l&rsquo;art<!-- AddThis Advanced Settings generic via filter on get_the_excerpt --><!-- AddThis Share Buttons generic via filter on get_the_excerpt --><\/p>\n","protected":false},"author":28281,"featured_media":11939,"comment_status":"closed","ping_status":"closed","sticky":false,"template":"","format":"standard","meta":{"_et_pb_use_builder":"","_et_pb_old_content":"","_et_gb_content_width":"","footnotes":"","_links_to":"","_links_to_target":""},"categories":[6,39,147,116],"tags":[],"class_list":["post-11936","post","type-post","status-publish","format-standard","has-post-thumbnail","hentry","category-a-afficher-sur-la-page-daccueil","category-actualites","category-ouverture-sur-leurope","category-voyage"],"_links":{"self":[{"href":"https:\/\/etab.ac-reunion.fr\/lyc-bel-air\/wp-json\/wp\/v2\/posts\/11936","targetHints":{"allow":["GET"]}}],"collection":[{"href":"https:\/\/etab.ac-reunion.fr\/lyc-bel-air\/wp-json\/wp\/v2\/posts"}],"about":[{"href":"https:\/\/etab.ac-reunion.fr\/lyc-bel-air\/wp-json\/wp\/v2\/types\/post"}],"author":[{"embeddable":true,"href":"https:\/\/etab.ac-reunion.fr\/lyc-bel-air\/wp-json\/wp\/v2\/users\/28281"}],"replies":[{"embeddable":true,"href":"https:\/\/etab.ac-reunion.fr\/lyc-bel-air\/wp-json\/wp\/v2\/comments?post=11936"}],"version-history":[{"count":3,"href":"https:\/\/etab.ac-reunion.fr\/lyc-bel-air\/wp-json\/wp\/v2\/posts\/11936\/revisions"}],"predecessor-version":[{"id":11940,"href":"https:\/\/etab.ac-reunion.fr\/lyc-bel-air\/wp-json\/wp\/v2\/posts\/11936\/revisions\/11940"}],"wp:featuredmedia":[{"embeddable":true,"href":"https:\/\/etab.ac-reunion.fr\/lyc-bel-air\/wp-json\/wp\/v2\/media\/11939"}],"wp:attachment":[{"href":"https:\/\/etab.ac-reunion.fr\/lyc-bel-air\/wp-json\/wp\/v2\/media?parent=11936"}],"wp:term":[{"taxonomy":"category","embeddable":true,"href":"https:\/\/etab.ac-reunion.fr\/lyc-bel-air\/wp-json\/wp\/v2\/categories?post=11936"},{"taxonomy":"post_tag","embeddable":true,"href":"https:\/\/etab.ac-reunion.fr\/lyc-bel-air\/wp-json\/wp\/v2\/tags?post=11936"}],"curies":[{"name":"wp","href":"https:\/\/api.w.org\/{rel}","templated":true}]}}