{"id":1252,"date":"2015-04-20T13:42:59","date_gmt":"2015-04-20T12:42:59","guid":{"rendered":"http:\/\/lycee-belair.ac-reunion.fr\/?p=1252"},"modified":"2021-08-26T15:49:53","modified_gmt":"2021-08-26T14:49:53","slug":"le-service-dorientation","status":"publish","type":"post","link":"https:\/\/etab.ac-reunion.fr\/lyc-bel-air\/2015\/04\/20\/le-service-dorientation\/","title":{"rendered":"PSYCHOLOGUE  DE L&rsquo;EDUCATION NATIONALE"},"content":{"rendered":"\n<figure class=\"wp-block-image size-large\"><img loading=\"lazy\" decoding=\"async\" width=\"1024\" height=\"608\" src=\"https:\/\/etab.ac-reunion.fr\/lyc-bel-air\/wp-content\/uploads\/sites\/71\/2021\/08\/Capture-de\u0301cran-2021-08-26-a\u0300-18.49.07-1024x608.png\" alt=\"\" class=\"wp-image-13541\" srcset=\"https:\/\/etab.ac-reunion.fr\/lyc-bel-air\/wp-content\/uploads\/sites\/71\/2021\/08\/Capture-de\u0301cran-2021-08-26-a\u0300-18.49.07-1024x608.png 1024w, https:\/\/etab.ac-reunion.fr\/lyc-bel-air\/wp-content\/uploads\/sites\/71\/2021\/08\/Capture-de\u0301cran-2021-08-26-a\u0300-18.49.07-300x178.png 300w, https:\/\/etab.ac-reunion.fr\/lyc-bel-air\/wp-content\/uploads\/sites\/71\/2021\/08\/Capture-de\u0301cran-2021-08-26-a\u0300-18.49.07-768x456.png 768w, https:\/\/etab.ac-reunion.fr\/lyc-bel-air\/wp-content\/uploads\/sites\/71\/2021\/08\/Capture-de\u0301cran-2021-08-26-a\u0300-18.49.07.png 1522w\" sizes=\"(max-width: 1024px) 100vw, 1024px\" \/><\/figure>\n\n\n<p align=\"CENTER\"><span style=\"color: #000000\"><span style=\"font-family: Comic Sans MS, cursive\"><span style=\"font-size: large\"><b>PSYCHOLOGUE <\/b><\/span><\/span><\/span><\/p>\n<p align=\"CENTER\"><span style=\"color: #000000\"><span style=\"font-family: Comic Sans MS, cursive\"><span style=\"font-size: large\"><b>DE L&rsquo;EDUCATION NATIONALE<\/b><\/span><\/span><\/span><\/p>\n<p align=\"CENTER\">\n<\/p><p align=\"JUSTIFY\"><span style=\"color: #000000\"><span style=\"font-family: Comic Sans MS, cursive\"><span style=\"font-size: medium\">re\u00e7oit les \u00e9l\u00e8ves, les parents ou tout membre de la communaut\u00e9 \u00e9ducative pendant son jour de permanence au lyc\u00e9e:<\/span><\/span><\/span><\/p>\n<p align=\"CENTER\">\n<\/p><ul>\n<li>\n<p align=\"CENTER\"><span style=\"color: #000000\"><span style=\"font-family: Comic Sans MS, cursive\"><span style=\"font-size: medium\"><b>sur rendez-vous \u00e0 prendre \u00e0 la Vie Scolaire<\/b><\/span><\/span><\/span><\/p>\n<\/li>\n<li>&nbsp;<\/li>\n<\/ul>\n<p><span style=\"color: #000000\"><span style=\"font-family: Comic Sans MS, cursive\"><span style=\"font-size: medium\"><u><b>Son r\u00f4le:<\/b><\/u><\/span><\/span><\/span><\/p>\n<p align=\"JUSTIFY\"><span style=\"color: #000000\"><span style=\"font-family: Arial, Helvetica, sans-serif\"><span style=\"font-size: small\"><strong><span style=\"font-family: Comic Sans MS, cursive\"><span style=\"font-size: medium\">En tant qu&rsquo;interlocuteur des enfants, des adolescents, des familles et des \u00e9quipes enseignantes, la PsyEN&nbsp;:<\/span><\/span><\/strong><\/span><\/span><\/span><\/p>\n<ul>\n<li>\n<p align=\"JUSTIFY\"><span style=\"color: #000000\"> <span style=\"font-family: Comic Sans MS, cursive\"><span style=\"font-size: medium\">accueille, \u00e9coute, informe et \u00e9labore, avec les publics dont ils ont la charge, les \u00e9quipes p\u00e9dagogiques et \u00e9ducatives et avec les familles, les modalit\u00e9s d&rsquo;aide et de suivi individuelles ou collectives n\u00e9cessaires&nbsp;;<\/span><\/span><\/span><\/p>\n<\/li>\n<li>\n<p align=\"JUSTIFY\"><span style=\"color: #000000\"> <span style=\"font-family: Comic Sans MS, cursive\"><span style=\"font-size: medium\">encourage la mobilisation scolaire, participe au suivi des \u00e9l\u00e8ves rencontrant des difficult\u00e9s et \u00e0 besoins \u00e9ducatifs particuliers&nbsp;et contribue aux \u00e9quipes de suivi de la scolarisation, \u00e0 l&rsquo;\u00e9laboration et au suivi des projets personnalis\u00e9s de scolarisation des \u00e9l\u00e8ves et des \u00e9tudiants en situation de handicap<\/span><\/span><\/span><\/p>\n<\/li>\n<li>\n<p align=\"JUSTIFY\"><span style=\"color: #000000\"> <span style=\"font-family: Comic Sans MS, cursive\"><span style=\"font-size: medium\">participe \u00e0 la vie des \u00e9tablissements et travaille en collaboration avec les enseignants pour sensibiliser les \u00e9l\u00e8ves, les \u00e9tudiants et les familles aux enjeux de l&rsquo;orientation, \u00e0 r\u00e9aliser un travail sur leurs repr\u00e9sentations des formations et des activit\u00e9s professionnelles, une exploration des centres d&rsquo;int\u00e9r\u00eat, \u00e0 la connaissance des milieux professionnels, des dipl\u00f4mes et des parcours de formation&nbsp;;<\/span><\/span><\/span><\/p>\n<\/li>\n<li>\n<p align=\"JUSTIFY\"><span style=\"color: #000000\"> <span style=\"font-family: Comic Sans MS, cursive\"><span style=\"font-size: medium\">contribue aux actions de pr\u00e9vention, d&rsquo;intervention et de rem\u00e9diation du d\u00e9crochage et des ruptures scolaires au sein des groupes de pr\u00e9vention du d\u00e9crochage scolaire dans les \u00e9tablissements<\/span><\/span><\/span><\/p>\n<\/li>\n<li>\n<p align=\"JUSTIFY\"><span style=\"color: #000000\"> <span style=\"font-family: Comic Sans MS, cursive\"><span style=\"font-size: medium\">apporte un soutien aux \u00e9l\u00e8ves et aux \u00e9quipes p\u00e9dagogiques et \u00e9ducatives en situation de crise, particuli\u00e8rement en cas d&rsquo;impact sur la communaut\u00e9 scolaire.<\/span><\/span><\/span><\/p>\n<\/li>\n<\/ul>\n<p align=\"CENTER\"><\/p><!-- AddThis Advanced Settings generic via filter on the_content --><!-- AddThis Share Buttons generic via filter on the_content -->","protected":false},"excerpt":{"rendered":"<p>PSYCHOLOGUE DE L&rsquo;EDUCATION NATIONALE re\u00e7oit les \u00e9l\u00e8ves, les parents ou tout membre de la communaut\u00e9 \u00e9ducative pendant son jour de permanence au lyc\u00e9e: sur rendez-vous \u00e0 prendre \u00e0 la Vie Scolaire &nbsp; Son r\u00f4le: En tant qu&rsquo;interlocuteur des enfants, des adolescents, des familles et des \u00e9quipes enseignantes, la PsyEN&nbsp;: accueille, \u00e9coute, informe et \u00e9labore, avec [&hellip;]<!-- AddThis Advanced Settings generic via filter on get_the_excerpt --><!-- AddThis Share Buttons generic via filter on get_the_excerpt --><\/p>\n","protected":false},"author":3366,"featured_media":0,"comment_status":"closed","ping_status":"closed","sticky":false,"template":"","format":"standard","meta":{"_et_pb_use_builder":"","_et_pb_old_content":"","_et_gb_content_width":"","footnotes":"","_links_to":"","_links_to_target":""},"categories":[8],"tags":[],"class_list":["post-1252","post","type-post","status-publish","format-standard","hentry","category-presentation"],"_links":{"self":[{"href":"https:\/\/etab.ac-reunion.fr\/lyc-bel-air\/wp-json\/wp\/v2\/posts\/1252","targetHints":{"allow":["GET"]}}],"collection":[{"href":"https:\/\/etab.ac-reunion.fr\/lyc-bel-air\/wp-json\/wp\/v2\/posts"}],"about":[{"href":"https:\/\/etab.ac-reunion.fr\/lyc-bel-air\/wp-json\/wp\/v2\/types\/post"}],"author":[{"embeddable":true,"href":"https:\/\/etab.ac-reunion.fr\/lyc-bel-air\/wp-json\/wp\/v2\/users\/3366"}],"replies":[{"embeddable":true,"href":"https:\/\/etab.ac-reunion.fr\/lyc-bel-air\/wp-json\/wp\/v2\/comments?post=1252"}],"version-history":[{"count":4,"href":"https:\/\/etab.ac-reunion.fr\/lyc-bel-air\/wp-json\/wp\/v2\/posts\/1252\/revisions"}],"predecessor-version":[{"id":13542,"href":"https:\/\/etab.ac-reunion.fr\/lyc-bel-air\/wp-json\/wp\/v2\/posts\/1252\/revisions\/13542"}],"wp:attachment":[{"href":"https:\/\/etab.ac-reunion.fr\/lyc-bel-air\/wp-json\/wp\/v2\/media?parent=1252"}],"wp:term":[{"taxonomy":"category","embeddable":true,"href":"https:\/\/etab.ac-reunion.fr\/lyc-bel-air\/wp-json\/wp\/v2\/categories?post=1252"},{"taxonomy":"post_tag","embeddable":true,"href":"https:\/\/etab.ac-reunion.fr\/lyc-bel-air\/wp-json\/wp\/v2\/tags?post=1252"}],"curies":[{"name":"wp","href":"https:\/\/api.w.org\/{rel}","templated":true}]}}