{"id":14017,"date":"2023-10-11T06:59:11","date_gmt":"2023-10-11T02:59:11","guid":{"rendered":"http:\/\/lycee-belair.ac-reunion.fr\/?p=14017"},"modified":"2023-10-11T06:59:27","modified_gmt":"2023-10-11T02:59:27","slug":"24h00-de-linnovation-edition-2020-equipes-selectionnees","status":"publish","type":"post","link":"https:\/\/etab.ac-reunion.fr\/lyc-bel-air\/2023\/10\/11\/24h00-de-linnovation-edition-2020-equipes-selectionnees\/","title":{"rendered":"24h00 de L&rsquo;innovation &#8211; Edition 2023 &#8211; Equipes s\u00e9lectionn\u00e9es"},"content":{"rendered":"\n<div class=\"wp-block-group is-layout-flow wp-block-group-is-layout-flow\">\n<div class=\"wp-block-columns is-layout-flex wp-container-core-columns-is-layout-9d6595d7 wp-block-columns-is-layout-flex\">\n<div class=\"wp-block-column is-layout-flow wp-block-column-is-layout-flow\" style=\"flex-basis:100%\">\n<div class=\"wp-block-group is-layout-flow wp-block-group-is-layout-flow\">\n<p class=\"has-text-align-center\">Pour l&rsquo;\u00e9dition 2023, des 24H00 de l&rsquo;Innovation, la phase d&rsquo;inscription est \u00e0 pr\u00e9sent termin\u00e9e.<br>De nombreuses \u00e9quipes se sont inscrites, bravo \u00e0 tous ceux qui ont voulu relever ce d\u00e9fi.<\/p>\n\n\n\n<p class=\"has-text-align-center\">Les 2 \u00e9quipes s\u00e9lectionn\u00e9es sont:<\/p>\n\n\n\n<figure class=\"wp-block-image aligncenter size-full\"><img loading=\"lazy\" decoding=\"async\" width=\"689\" height=\"257\" src=\"https:\/\/etab.ac-reunion.fr\/lyc-bel-air\/wp-content\/uploads\/sites\/71\/2023\/10\/equipes-selctionnees-1.png\" alt=\"\" class=\"wp-image-17668\" srcset=\"https:\/\/etab.ac-reunion.fr\/lyc-bel-air\/wp-content\/uploads\/sites\/71\/2023\/10\/equipes-selctionnees-1.png 689w, https:\/\/etab.ac-reunion.fr\/lyc-bel-air\/wp-content\/uploads\/sites\/71\/2023\/10\/equipes-selctionnees-1-480x179.png 480w\" sizes=\"(min-width: 0px) and (max-width: 480px) 480px, (min-width: 481px) 689px, 100vw\" \/><\/figure>\n\n\n\n<div class=\"wp-block-columns is-layout-flex wp-container-core-columns-is-layout-9d6595d7 wp-block-columns-is-layout-flex\">\n<div class=\"wp-block-column is-layout-flow wp-block-column-is-layout-flow\" style=\"flex-basis:100%\">\n<p class=\"has-text-align-center\">&nbsp;<\/p>\n<\/div>\n<\/div>\n\n\n\n<p class=\"has-text-align-center\"><strong>F\u00e9licitations, aux \u00e9quipes s\u00e9lectionn\u00e9es.<\/strong><\/p>\n\n\n\n<p class=\"has-text-align-center\">Rendez-vous \u00e0 la prochaine \u00e9tape.<\/p>\n\n\n\n<figure class=\"wp-block-image size-large\"><img loading=\"lazy\" decoding=\"async\" width=\"1024\" height=\"508\" src=\"https:\/\/etab.ac-reunion.fr\/lyc-bel-air\/wp-content\/uploads\/sites\/71\/2023\/10\/aa-moca-la-reunion-00-1-1024x508.png\" alt=\"\" class=\"wp-image-17672\" srcset=\"https:\/\/etab.ac-reunion.fr\/lyc-bel-air\/wp-content\/uploads\/sites\/71\/2023\/10\/aa-moca-la-reunion-00-1-980x486.png 980w, https:\/\/etab.ac-reunion.fr\/lyc-bel-air\/wp-content\/uploads\/sites\/71\/2023\/10\/aa-moca-la-reunion-00-1-480x238.png 480w\" sizes=\"(min-width: 0px) and (max-width: 480px) 480px, (min-width: 481px) and (max-width: 980px) 980px, (min-width: 981px) 1024px, 100vw\" \/><\/figure>\n<\/div>\n<\/div>\n<\/div>\n<\/div>\n\n\n\n<p><\/p>\n\n\n\n<p><\/p>\n<!-- AddThis Advanced Settings generic via filter on the_content --><!-- AddThis Share Buttons generic via filter on the_content -->","protected":false},"excerpt":{"rendered":"<p>Pour l&rsquo;\u00e9dition 2023, des 24H00 de l&rsquo;Innovation, la phase d&rsquo;inscription est \u00e0 pr\u00e9sent termin\u00e9e.De nombreuses \u00e9quipes se sont inscrites, bravo \u00e0 tous ceux qui ont voulu relever ce d\u00e9fi. Les 2 \u00e9quipes s\u00e9lectionn\u00e9es sont: &nbsp; F\u00e9licitations, aux \u00e9quipes s\u00e9lectionn\u00e9es. Rendez-vous \u00e0 la prochaine \u00e9tape.<!-- AddThis Advanced Settings generic via filter on get_the_excerpt --><!-- AddThis Share Buttons generic via filter on get_the_excerpt --><\/p>\n","protected":false},"author":17324,"featured_media":17665,"comment_status":"closed","ping_status":"closed","sticky":true,"template":"","format":"standard","meta":{"_et_pb_use_builder":"off","_et_pb_old_content":"<!-- wp:group -->\n<div class=\"wp-block-group\"><!-- wp:columns -->\n<div class=\"wp-block-columns\"><!-- wp:column {\"width\":\"100%\"} -->\n<div class=\"wp-block-column\" style=\"flex-basis:100%\"><!-- wp:group -->\n<div class=\"wp-block-group\"><!-- wp:paragraph {\"align\":\"center\"} -->\n<p class=\"has-text-align-center\">Pour l'\u00e9dition 2021, des 24H00 de l'Innovation, la phase d'inscription est \u00e0 pr\u00e9sent termin\u00e9e.<br>De nombreuses \u00e9quipes se sont inscrites, bravo \u00e0 tous ceux qui ont voulu relever ce d\u00e9fi.<\/p>\n<!-- \/wp:paragraph -->\n\n<!-- wp:image {\"align\":\"center\",\"id\":14024,\"width\":181,\"height\":256,\"sizeSlug\":\"large\",\"linkDestination\":\"none\",\"className\":\"is-style-default\"} -->\n<figure class=\"wp-block-image aligncenter size-large is-resized is-style-default\"><img src=\"https:\/\/etab.ac-reunion.fr\/lyc-bel-air\/wp-content\/uploads\/sites\/71\/2021\/10\/Affiche-24h-sans-date-2-2-724x1024.png\" alt=\"\" class=\"wp-image-14024\" width=\"181\" height=\"256\"\/><\/figure>\n<!-- \/wp:image -->\n\n<!-- wp:paragraph {\"align\":\"center\"} -->\n<p class=\"has-text-align-center\">Les 3 \u00e9quipes s\u00e9lectionn\u00e9es sont:<\/p>\n<!-- \/wp:paragraph -->\n\n<!-- wp:image {\"id\":14021,\"sizeSlug\":\"full\",\"linkDestination\":\"none\"} -->\n<figure class=\"wp-block-image size-full\"><img src=\"https:\/\/etab.ac-reunion.fr\/lyc-bel-air\/wp-content\/uploads\/sites\/71\/2021\/10\/Capture.png\" alt=\"\" class=\"wp-image-14021\"\/><\/figure>\n<!-- \/wp:image -->\n\n<!-- wp:columns -->\n<div class=\"wp-block-columns\"><!-- wp:column {\"width\":\"100%\"} -->\n<div class=\"wp-block-column\" style=\"flex-basis:100%\"><!-- wp:paragraph {\"align\":\"center\"} -->\n<p class=\"has-text-align-center\">&nbsp;<\/p>\n<!-- \/wp:paragraph --><\/div>\n<!-- \/wp:column --><\/div>\n<!-- \/wp:columns -->\n\n<!-- wp:paragraph {\"align\":\"center\"} -->\n<p class=\"has-text-align-center\">F\u00e9licitations, aux \u00e9quipes s\u00e9lectionn\u00e9es.<\/p>\n<!-- \/wp:paragraph -->\n\n<!-- wp:paragraph {\"align\":\"center\"} -->\n<p class=\"has-text-align-center\">Rendez-vous \u00e0 la prochaine \u00e9tape.<\/p>\n<!-- \/wp:paragraph --><\/div>\n<!-- \/wp:group --><\/div>\n<!-- \/wp:column --><\/div>\n<!-- \/wp:columns --><\/div>\n<!-- \/wp:group -->\n\n<!-- wp:paragraph -->\n<p><\/p>\n<!-- \/wp:paragraph -->\n\n<!-- wp:paragraph -->\n<p><\/p>\n<!-- \/wp:paragraph -->","_et_gb_content_width":"","footnotes":"","_links_to":"","_links_to_target":""},"categories":[6,39,7,187],"tags":[165,166],"class_list":["post-14017","post","type-post","status-publish","format-standard","has-post-thumbnail","hentry","category-a-afficher-sur-la-page-daccueil","category-actualites","category-afficher-sur-slider","category-evenements-a-venir","tag-24h","tag-innovation"],"_links":{"self":[{"href":"https:\/\/etab.ac-reunion.fr\/lyc-bel-air\/wp-json\/wp\/v2\/posts\/14017","targetHints":{"allow":["GET"]}}],"collection":[{"href":"https:\/\/etab.ac-reunion.fr\/lyc-bel-air\/wp-json\/wp\/v2\/posts"}],"about":[{"href":"https:\/\/etab.ac-reunion.fr\/lyc-bel-air\/wp-json\/wp\/v2\/types\/post"}],"author":[{"embeddable":true,"href":"https:\/\/etab.ac-reunion.fr\/lyc-bel-air\/wp-json\/wp\/v2\/users\/17324"}],"replies":[{"embeddable":true,"href":"https:\/\/etab.ac-reunion.fr\/lyc-bel-air\/wp-json\/wp\/v2\/comments?post=14017"}],"version-history":[{"count":12,"href":"https:\/\/etab.ac-reunion.fr\/lyc-bel-air\/wp-json\/wp\/v2\/posts\/14017\/revisions"}],"predecessor-version":[{"id":17675,"href":"https:\/\/etab.ac-reunion.fr\/lyc-bel-air\/wp-json\/wp\/v2\/posts\/14017\/revisions\/17675"}],"wp:featuredmedia":[{"embeddable":true,"href":"https:\/\/etab.ac-reunion.fr\/lyc-bel-air\/wp-json\/wp\/v2\/media\/17665"}],"wp:attachment":[{"href":"https:\/\/etab.ac-reunion.fr\/lyc-bel-air\/wp-json\/wp\/v2\/media?parent=14017"}],"wp:term":[{"taxonomy":"category","embeddable":true,"href":"https:\/\/etab.ac-reunion.fr\/lyc-bel-air\/wp-json\/wp\/v2\/categories?post=14017"},{"taxonomy":"post_tag","embeddable":true,"href":"https:\/\/etab.ac-reunion.fr\/lyc-bel-air\/wp-json\/wp\/v2\/tags?post=14017"}],"curies":[{"name":"wp","href":"https:\/\/api.w.org\/{rel}","templated":true}]}}