{"id":14144,"date":"2021-12-02T19:40:31","date_gmt":"2021-12-02T15:40:31","guid":{"rendered":"http:\/\/lycee-belair.ac-reunion.fr\/?p=14144"},"modified":"2023-12-08T19:11:15","modified_gmt":"2023-12-08T15:11:15","slug":"bts-ebcr","status":"publish","type":"post","link":"https:\/\/etab.ac-reunion.fr\/lyc-bel-air\/2021\/12\/02\/bts-ebcr\/","title":{"rendered":"BTS EBCR"},"content":{"rendered":"\n<p><\/p>\n\n\n<a href=\"https:\/\/etab.ac-reunion.fr\/lyc-bel-air\/wp-content\/uploads\/sites\/71\/2022\/07\/LBA_Fiches_BTS-EBCR_WEB.pdf\" class=\"pdfemb-viewer\" style=\"\" data-width=\"max\" data-height=\"max\" data-toolbar=\"bottom\" data-toolbar-fixed=\"off\">LBA_Fiches_BTS-EBCR_WEB<\/a>\n<p class=\"wp-block-pdfemb-pdf-embedder-viewer\"><\/p>\n\n\n\n<ul class=\"wp-block-list\"><li>Brevet de technicien sup\u00e9rieur<\/li><li>Enveloppe du B\u00e2timent, Conception et R\u00e9alisation<\/li><\/ul>\n\n\n\n<p><strong>Vous cherchez une formation dipl\u00f4mante dans le secteur du b\u00e2timent ? <\/strong><\/p>\n\n\n\n<p>Voici une vid\u00e9o qui pr\u00e9sente le <strong>BTS EBCR<\/strong> du lyc\u00e9e Bel Air : <\/p>\n\n\n\n<figure class=\"wp-block-video\"><video height=\"1080\" style=\"aspect-ratio: 1080 \/ 1080;\" width=\"1080\" controls src=\"https:\/\/etab.ac-reunion.fr\/lyc-bel-air\/wp-content\/uploads\/sites\/71\/2021\/12\/clip-video-EBCR.mp4\"><\/video><\/figure>\n\n\n\n<figure class=\"wp-block-embed is-type-video is-provider-youtube wp-block-embed-youtube wp-embed-aspect-16-9 wp-has-aspect-ratio\"><div class=\"wp-block-embed__wrapper\">\n <iframe loading=\"lazy\" title=\"#btsebcr en action! Pose de bardage double peau\" width=\"1080\" height=\"608\" src=\"https:\/\/www.youtube.com\/embed\/e-GdIJKTiHY?feature=oembed\"  allow=\"accelerometer; autoplay; clipboard-write; encrypted-media; gyroscope; picture-in-picture\" allowfullscreen><\/iframe>\n<\/div><\/figure>\n\n\n\n<p>Pour en savoir + : <a href=\"https:\/\/www.onisep.fr\/Ressources\/Univers-Lycee\/Lycees\/La-Reunion\/La-Reunion\/lycee-polyvalent-bel-air\/bts-enveloppe-des-batiments-conception-et-realisation\">https:\/\/www.onisep.fr\/Ressources\/Univers-Lycee\/Lycees\/La-Reunion\/La-Reunion\/lycee-polyvalent-bel-air\/bts-enveloppe-des-batiments-conception-et-realisation<\/a><\/p>\n\n\n\n<p>Merci aux \u00e9tudiants d&rsquo;avoir cr\u00e9\u00e9 la vid\u00e9o. <\/p>\n\n\n\n<p><\/p>\n\n\n\n<p><\/p>\n<!-- AddThis Advanced Settings generic via filter on the_content --><!-- AddThis Share Buttons generic via filter on the_content -->","protected":false},"excerpt":{"rendered":"<p>Brevet de technicien sup\u00e9rieur Enveloppe du B\u00e2timent, Conception et R\u00e9alisation Vous cherchez une formation dipl\u00f4mante dans le secteur du b\u00e2timent ? Voici une vid\u00e9o qui pr\u00e9sente le BTS EBCR du lyc\u00e9e Bel Air : Pour en savoir + : https:\/\/www.onisep.fr\/Ressources\/Univers-Lycee\/Lycees\/La-Reunion\/La-Reunion\/lycee-polyvalent-bel-air\/bts-enveloppe-des-batiments-conception-et-realisation Merci aux \u00e9tudiants d&rsquo;avoir cr\u00e9\u00e9 la vid\u00e9o.<!-- AddThis Advanced Settings generic via filter on get_the_excerpt --><!-- AddThis Share Buttons generic via filter on get_the_excerpt --><\/p>\n","protected":false},"author":12331,"featured_media":15619,"comment_status":"closed","ping_status":"closed","sticky":false,"template":"","format":"standard","meta":{"_et_pb_use_builder":"","_et_pb_old_content":"","_et_gb_content_width":"","footnotes":"","_links_to":"","_links_to_target":""},"categories":[39,198,221,61],"tags":[],"class_list":["post-14144","post","type-post","status-publish","format-standard","has-post-thumbnail","hentry","category-actualites","category-bts-2","category-bts-ebcr","category-eb-bts"],"_links":{"self":[{"href":"https:\/\/etab.ac-reunion.fr\/lyc-bel-air\/wp-json\/wp\/v2\/posts\/14144","targetHints":{"allow":["GET"]}}],"collection":[{"href":"https:\/\/etab.ac-reunion.fr\/lyc-bel-air\/wp-json\/wp\/v2\/posts"}],"about":[{"href":"https:\/\/etab.ac-reunion.fr\/lyc-bel-air\/wp-json\/wp\/v2\/types\/post"}],"author":[{"embeddable":true,"href":"https:\/\/etab.ac-reunion.fr\/lyc-bel-air\/wp-json\/wp\/v2\/users\/12331"}],"replies":[{"embeddable":true,"href":"https:\/\/etab.ac-reunion.fr\/lyc-bel-air\/wp-json\/wp\/v2\/comments?post=14144"}],"version-history":[{"count":3,"href":"https:\/\/etab.ac-reunion.fr\/lyc-bel-air\/wp-json\/wp\/v2\/posts\/14144\/revisions"}],"predecessor-version":[{"id":16032,"href":"https:\/\/etab.ac-reunion.fr\/lyc-bel-air\/wp-json\/wp\/v2\/posts\/14144\/revisions\/16032"}],"wp:featuredmedia":[{"embeddable":true,"href":"https:\/\/etab.ac-reunion.fr\/lyc-bel-air\/wp-json\/wp\/v2\/media\/15619"}],"wp:attachment":[{"href":"https:\/\/etab.ac-reunion.fr\/lyc-bel-air\/wp-json\/wp\/v2\/media?parent=14144"}],"wp:term":[{"taxonomy":"category","embeddable":true,"href":"https:\/\/etab.ac-reunion.fr\/lyc-bel-air\/wp-json\/wp\/v2\/categories?post=14144"},{"taxonomy":"post_tag","embeddable":true,"href":"https:\/\/etab.ac-reunion.fr\/lyc-bel-air\/wp-json\/wp\/v2\/tags?post=14144"}],"curies":[{"name":"wp","href":"https:\/\/api.w.org\/{rel}","templated":true}]}}