{"id":14158,"date":"2021-12-13T17:36:10","date_gmt":"2021-12-13T13:36:10","guid":{"rendered":"http:\/\/lycee-belair.ac-reunion.fr\/?p=14158"},"modified":"2022-05-29T18:34:19","modified_gmt":"2022-05-29T14:34:19","slug":"inauguration-de-la-maison-solidaire","status":"publish","type":"post","link":"https:\/\/etab.ac-reunion.fr\/lyc-bel-air\/2021\/12\/13\/inauguration-de-la-maison-solidaire\/","title":{"rendered":"Inauguration de la maison solidaire"},"content":{"rendered":"\n<figure class=\"wp-block-image size-large\"><img loading=\"lazy\" decoding=\"async\" width=\"1024\" height=\"768\" src=\"https:\/\/etab.ac-reunion.fr\/lyc-bel-air\/wp-content\/uploads\/sites\/71\/2021\/12\/jea-1024x768.jpg\" alt=\"\" class=\"wp-image-14161\" srcset=\"https:\/\/etab.ac-reunion.fr\/lyc-bel-air\/wp-content\/uploads\/sites\/71\/2021\/12\/jea-1024x768.jpg 1024w, https:\/\/etab.ac-reunion.fr\/lyc-bel-air\/wp-content\/uploads\/sites\/71\/2021\/12\/jea-300x225.jpg 300w, https:\/\/etab.ac-reunion.fr\/lyc-bel-air\/wp-content\/uploads\/sites\/71\/2021\/12\/jea-768x576.jpg 768w, https:\/\/etab.ac-reunion.fr\/lyc-bel-air\/wp-content\/uploads\/sites\/71\/2021\/12\/jea-1536x1152.jpg 1536w, https:\/\/etab.ac-reunion.fr\/lyc-bel-air\/wp-content\/uploads\/sites\/71\/2021\/12\/jea.jpg 1600w\" sizes=\"(max-width: 1024px) 100vw, 1024px\" \/><\/figure>\n\n\n\n<p>Vendredi 10 d\u00e9cembre 2021 s&rsquo;est tenue l&rsquo;inauguration de la <strong>maison solidaire<\/strong> r\u00e9alis\u00e9e par les<strong> \u00e9l\u00e8ves <\/strong>des lyc\u00e9es BEL AIR et PAUL MOREAU.<\/p>\n\n\n\n<p>Vous pouvez retrouver toutes les \u00e9tapes de ce vaste projet via le lien suivant : <a rel=\"noreferrer noopener\" href=\"https:\/\/pje.re\/\" target=\"_blank\">https:\/\/pje.re\/<\/a><\/p>\n\n\n\n<p><\/p>\n\n\n\n<figure class=\"wp-block-video\"><video height=\"480\" style=\"aspect-ratio: 686 \/ 480;\" width=\"686\" controls src=\"https:\/\/etab.ac-reunion.fr\/lyc-bel-air\/wp-content\/uploads\/sites\/71\/2021\/12\/JEA-inauguration-de-la-maison.mp4\"><\/video><\/figure>\n<!-- AddThis Advanced Settings generic via filter on the_content --><!-- AddThis Share Buttons generic via filter on the_content -->","protected":false},"excerpt":{"rendered":"<p>Vendredi 10 d\u00e9cembre 2021 s&rsquo;est tenue l&rsquo;inauguration de la maison solidaire r\u00e9alis\u00e9e par les \u00e9l\u00e8ves des lyc\u00e9es BEL AIR et PAUL MOREAU. Vous pouvez retrouver toutes les \u00e9tapes de ce vaste projet via le lien suivant : https:\/\/pje.re\/<!-- AddThis Advanced Settings generic via filter on get_the_excerpt --><!-- AddThis Share Buttons generic via filter on get_the_excerpt --><\/p>\n","protected":false},"author":20534,"featured_media":0,"comment_status":"closed","ping_status":"closed","sticky":false,"template":"","format":"standard","meta":{"_et_pb_use_builder":"","_et_pb_old_content":"","_et_gb_content_width":"","footnotes":"","_links_to":"","_links_to_target":""},"categories":[6,39,38],"tags":[],"class_list":["post-14158","post","type-post","status-publish","format-standard","hentry","category-a-afficher-sur-la-page-daccueil","category-actualites","category-articles-les-plus-lus"],"_links":{"self":[{"href":"https:\/\/etab.ac-reunion.fr\/lyc-bel-air\/wp-json\/wp\/v2\/posts\/14158","targetHints":{"allow":["GET"]}}],"collection":[{"href":"https:\/\/etab.ac-reunion.fr\/lyc-bel-air\/wp-json\/wp\/v2\/posts"}],"about":[{"href":"https:\/\/etab.ac-reunion.fr\/lyc-bel-air\/wp-json\/wp\/v2\/types\/post"}],"author":[{"embeddable":true,"href":"https:\/\/etab.ac-reunion.fr\/lyc-bel-air\/wp-json\/wp\/v2\/users\/20534"}],"replies":[{"embeddable":true,"href":"https:\/\/etab.ac-reunion.fr\/lyc-bel-air\/wp-json\/wp\/v2\/comments?post=14158"}],"version-history":[{"count":3,"href":"https:\/\/etab.ac-reunion.fr\/lyc-bel-air\/wp-json\/wp\/v2\/posts\/14158\/revisions"}],"predecessor-version":[{"id":14164,"href":"https:\/\/etab.ac-reunion.fr\/lyc-bel-air\/wp-json\/wp\/v2\/posts\/14158\/revisions\/14164"}],"wp:attachment":[{"href":"https:\/\/etab.ac-reunion.fr\/lyc-bel-air\/wp-json\/wp\/v2\/media?parent=14158"}],"wp:term":[{"taxonomy":"category","embeddable":true,"href":"https:\/\/etab.ac-reunion.fr\/lyc-bel-air\/wp-json\/wp\/v2\/categories?post=14158"},{"taxonomy":"post_tag","embeddable":true,"href":"https:\/\/etab.ac-reunion.fr\/lyc-bel-air\/wp-json\/wp\/v2\/tags?post=14158"}],"curies":[{"name":"wp","href":"https:\/\/api.w.org\/{rel}","templated":true}]}}