{"id":14406,"date":"2022-03-23T19:09:41","date_gmt":"2022-03-23T15:09:41","guid":{"rendered":"http:\/\/lycee-belair.ac-reunion.fr\/?p=14406"},"modified":"2022-03-28T09:57:08","modified_gmt":"2022-03-28T05:57:08","slug":"finale-du-concours-deloquence-de-locean-indien-a-st-gilles","status":"publish","type":"post","link":"https:\/\/etab.ac-reunion.fr\/lyc-bel-air\/2022\/03\/23\/finale-du-concours-deloquence-de-locean-indien-a-st-gilles\/","title":{"rendered":"Finale du concours d&rsquo;\u00e9loquence de l&rsquo;Oc\u00e9an Indien \u00e0 St Gilles"},"content":{"rendered":"\n<p>Mardi 22 mars 2022, les \u00e9l\u00e8ves volontaires de la 102 et de la 104 se sont rendus au th\u00e9\u00e2tre de Plein Air de St Gilles afin d&rsquo;assister \u00e0 la finale du concours d&rsquo;\u00e9loquence de l&rsquo;Oc\u00e9an Indien, organis\u00e9 par la JAD (Jeunes d&rsquo;Aujourd&rsquo;hui pour Demain). Les finalistes venaient de la R\u00e9union, Mayotte, Les Comores, Maurice et Madagascar. <\/p>\n\n\n\n<p>Marina Moutalou-Angama de la 104 faisait partie des 1\/2 finalistes et a pu d\u00e9clamer ses mots depuis les gradins du Th\u00e9\u00e2tre de Plein Air, en collaboration avec les autres \u00e9l\u00e8ves s\u00e9lectionn\u00e9s, \u00e0 l&rsquo;issue d&rsquo;un stage d&rsquo;une semaine au lyc\u00e9e Jean Hinglo. Ils ont pu \u00eatre accompagn\u00e9s par des juristes et com\u00e9diens et obtenir ainsi de pr\u00e9cieux conseils pour la d\u00e9clamation de leurs discours.<\/p>\n\n\n\n<p>Ce fut une tr\u00e8s belle soir\u00e9e sous les \u00e9toiles. Merci \u00e0 tous les participants et spectateurs !<\/p>\n\n\n\n<p><\/p>\n\n\n\n<figure class=\"wp-block-gallery has-nested-images columns-2 is-cropped wp-block-gallery-1 is-layout-flex wp-block-gallery-is-layout-flex\">\n<figure class=\"wp-block-image size-large\"><a href=\"https:\/\/etab.ac-reunion.fr\/lyc-bel-air\/wp-content\/uploads\/sites\/71\/2022\/03\/275435419_341894497995408_8107147403295720210_n.jpg\"><img loading=\"lazy\" decoding=\"async\" width=\"1284\" height=\"962\" data-id=\"14413\" src=\"https:\/\/etab.ac-reunion.fr\/lyc-bel-air\/wp-content\/uploads\/sites\/71\/2022\/03\/275435419_341894497995408_8107147403295720210_n.jpg\" alt=\"\" class=\"wp-image-14413\" srcset=\"https:\/\/etab.ac-reunion.fr\/lyc-bel-air\/wp-content\/uploads\/sites\/71\/2022\/03\/275435419_341894497995408_8107147403295720210_n.jpg 1284w, https:\/\/etab.ac-reunion.fr\/lyc-bel-air\/wp-content\/uploads\/sites\/71\/2022\/03\/275435419_341894497995408_8107147403295720210_n-300x225.jpg 300w, https:\/\/etab.ac-reunion.fr\/lyc-bel-air\/wp-content\/uploads\/sites\/71\/2022\/03\/275435419_341894497995408_8107147403295720210_n-1024x767.jpg 1024w, https:\/\/etab.ac-reunion.fr\/lyc-bel-air\/wp-content\/uploads\/sites\/71\/2022\/03\/275435419_341894497995408_8107147403295720210_n-768x575.jpg 768w\" sizes=\"(max-width: 1284px) 100vw, 1284px\" \/><\/a><\/figure>\n\n\n\n<figure class=\"wp-block-image size-large\"><a href=\"https:\/\/etab.ac-reunion.fr\/lyc-bel-air\/wp-content\/uploads\/sites\/71\/2022\/03\/274205819_1087334105446527_4456301029906665627_n.jpg\"><img loading=\"lazy\" decoding=\"async\" width=\"684\" height=\"912\" data-id=\"14412\" src=\"https:\/\/etab.ac-reunion.fr\/lyc-bel-air\/wp-content\/uploads\/sites\/71\/2022\/03\/274205819_1087334105446527_4456301029906665627_n.jpg\" alt=\"\" class=\"wp-image-14412\" srcset=\"https:\/\/etab.ac-reunion.fr\/lyc-bel-air\/wp-content\/uploads\/sites\/71\/2022\/03\/274205819_1087334105446527_4456301029906665627_n.jpg 684w, https:\/\/etab.ac-reunion.fr\/lyc-bel-air\/wp-content\/uploads\/sites\/71\/2022\/03\/274205819_1087334105446527_4456301029906665627_n-225x300.jpg 225w\" sizes=\"(max-width: 684px) 100vw, 684px\" \/><\/a><\/figure>\n\n\n\n<figure class=\"wp-block-image size-large\"><a href=\"https:\/\/etab.ac-reunion.fr\/lyc-bel-air\/wp-content\/uploads\/sites\/71\/2022\/03\/276025631_831047488290128_801640021660540003_n.jpg\"><img loading=\"lazy\" decoding=\"async\" width=\"960\" height=\"720\" data-id=\"14411\" src=\"https:\/\/etab.ac-reunion.fr\/lyc-bel-air\/wp-content\/uploads\/sites\/71\/2022\/03\/276025631_831047488290128_801640021660540003_n.jpg\" alt=\"\" class=\"wp-image-14411\" srcset=\"https:\/\/etab.ac-reunion.fr\/lyc-bel-air\/wp-content\/uploads\/sites\/71\/2022\/03\/276025631_831047488290128_801640021660540003_n.jpg 960w, https:\/\/etab.ac-reunion.fr\/lyc-bel-air\/wp-content\/uploads\/sites\/71\/2022\/03\/276025631_831047488290128_801640021660540003_n-300x225.jpg 300w, https:\/\/etab.ac-reunion.fr\/lyc-bel-air\/wp-content\/uploads\/sites\/71\/2022\/03\/276025631_831047488290128_801640021660540003_n-768x576.jpg 768w\" sizes=\"(max-width: 960px) 100vw, 960px\" \/><\/a><\/figure>\n\n\n\n<figure class=\"wp-block-image size-large\"><a href=\"https:\/\/etab.ac-reunion.fr\/lyc-bel-air\/wp-content\/uploads\/sites\/71\/2022\/03\/276058591_1010286496559181_5009974305278209096_n.jpg\"><img loading=\"lazy\" decoding=\"async\" width=\"780\" height=\"585\" data-id=\"14409\" src=\"https:\/\/etab.ac-reunion.fr\/lyc-bel-air\/wp-content\/uploads\/sites\/71\/2022\/03\/276058591_1010286496559181_5009974305278209096_n.jpg\" alt=\"\" class=\"wp-image-14409\" srcset=\"https:\/\/etab.ac-reunion.fr\/lyc-bel-air\/wp-content\/uploads\/sites\/71\/2022\/03\/276058591_1010286496559181_5009974305278209096_n.jpg 780w, https:\/\/etab.ac-reunion.fr\/lyc-bel-air\/wp-content\/uploads\/sites\/71\/2022\/03\/276058591_1010286496559181_5009974305278209096_n-300x225.jpg 300w, https:\/\/etab.ac-reunion.fr\/lyc-bel-air\/wp-content\/uploads\/sites\/71\/2022\/03\/276058591_1010286496559181_5009974305278209096_n-768x576.jpg 768w\" sizes=\"(max-width: 780px) 100vw, 780px\" \/><\/a><\/figure>\n\n\n\n<figure class=\"wp-block-image size-large\"><a href=\"https:\/\/etab.ac-reunion.fr\/lyc-bel-air\/wp-content\/uploads\/sites\/71\/2022\/03\/276088658_342037867944444_4715349922817600589_n.jpg\"><img loading=\"lazy\" decoding=\"async\" width=\"960\" height=\"720\" data-id=\"14408\" src=\"https:\/\/etab.ac-reunion.fr\/lyc-bel-air\/wp-content\/uploads\/sites\/71\/2022\/03\/276088658_342037867944444_4715349922817600589_n.jpg\" alt=\"\" class=\"wp-image-14408\" srcset=\"https:\/\/etab.ac-reunion.fr\/lyc-bel-air\/wp-content\/uploads\/sites\/71\/2022\/03\/276088658_342037867944444_4715349922817600589_n.jpg 960w, https:\/\/etab.ac-reunion.fr\/lyc-bel-air\/wp-content\/uploads\/sites\/71\/2022\/03\/276088658_342037867944444_4715349922817600589_n-300x225.jpg 300w, https:\/\/etab.ac-reunion.fr\/lyc-bel-air\/wp-content\/uploads\/sites\/71\/2022\/03\/276088658_342037867944444_4715349922817600589_n-768x576.jpg 768w\" sizes=\"(max-width: 960px) 100vw, 960px\" \/><\/a><\/figure>\n\n\n\n<figure class=\"wp-block-image size-large\"><a href=\"https:\/\/etab.ac-reunion.fr\/lyc-bel-air\/wp-content\/uploads\/sites\/71\/2022\/03\/276028760_775356873442804_3006802470803522496_n.jpg\"><img loading=\"lazy\" decoding=\"async\" width=\"912\" height=\"684\" data-id=\"14407\" src=\"https:\/\/etab.ac-reunion.fr\/lyc-bel-air\/wp-content\/uploads\/sites\/71\/2022\/03\/276028760_775356873442804_3006802470803522496_n.jpg\" alt=\"\" class=\"wp-image-14407\" srcset=\"https:\/\/etab.ac-reunion.fr\/lyc-bel-air\/wp-content\/uploads\/sites\/71\/2022\/03\/276028760_775356873442804_3006802470803522496_n.jpg 912w, https:\/\/etab.ac-reunion.fr\/lyc-bel-air\/wp-content\/uploads\/sites\/71\/2022\/03\/276028760_775356873442804_3006802470803522496_n-300x225.jpg 300w, https:\/\/etab.ac-reunion.fr\/lyc-bel-air\/wp-content\/uploads\/sites\/71\/2022\/03\/276028760_775356873442804_3006802470803522496_n-768x576.jpg 768w\" sizes=\"(max-width: 912px) 100vw, 912px\" \/><\/a><\/figure>\n<\/figure>\n\n\n\n<div class=\"wp-block-columns is-layout-flex wp-container-core-columns-is-layout-9d6595d7 wp-block-columns-is-layout-flex\">\n<div class=\"wp-block-column is-layout-flow wp-block-column-is-layout-flow\" style=\"flex-basis:100%\">\n<div class=\"wp-block-group is-layout-flow wp-block-group-is-layout-flow\">\n<figure class=\"wp-block-gallery has-nested-images columns-default is-cropped wp-block-gallery-2 is-layout-flex wp-block-gallery-is-layout-flex\"><\/figure>\n<\/div>\n<\/div>\n<\/div>\n<!-- AddThis Advanced Settings generic via filter on the_content --><!-- AddThis Share Buttons generic via filter on the_content -->","protected":false},"excerpt":{"rendered":"<p>Mardi 22 mars 2022, les \u00e9l\u00e8ves volontaires de la 102 et de la 104 se sont rendus au th\u00e9\u00e2tre de Plein Air de St Gilles afin d&rsquo;assister \u00e0 la finale du concours d&rsquo;\u00e9loquence de l&rsquo;Oc\u00e9an Indien, organis\u00e9 par la JAD (Jeunes d&rsquo;Aujourd&rsquo;hui pour Demain). Les finalistes venaient de la R\u00e9union, Mayotte, Les Comores, Maurice et [&hellip;]<!-- AddThis Advanced Settings generic via filter on get_the_excerpt --><!-- AddThis Share Buttons generic via filter on get_the_excerpt --><\/p>\n","protected":false},"author":7820,"featured_media":14412,"comment_status":"closed","ping_status":"closed","sticky":false,"template":"","format":"standard","meta":{"_et_pb_use_builder":"","_et_pb_old_content":"","_et_gb_content_width":"","footnotes":"","_links_to":"","_links_to_target":""},"categories":[6,39,7,85],"tags":[],"class_list":["post-14406","post","type-post","status-publish","format-standard","has-post-thumbnail","hentry","category-a-afficher-sur-la-page-daccueil","category-actualites","category-afficher-sur-slider","category-francais"],"_links":{"self":[{"href":"https:\/\/etab.ac-reunion.fr\/lyc-bel-air\/wp-json\/wp\/v2\/posts\/14406","targetHints":{"allow":["GET"]}}],"collection":[{"href":"https:\/\/etab.ac-reunion.fr\/lyc-bel-air\/wp-json\/wp\/v2\/posts"}],"about":[{"href":"https:\/\/etab.ac-reunion.fr\/lyc-bel-air\/wp-json\/wp\/v2\/types\/post"}],"author":[{"embeddable":true,"href":"https:\/\/etab.ac-reunion.fr\/lyc-bel-air\/wp-json\/wp\/v2\/users\/7820"}],"replies":[{"embeddable":true,"href":"https:\/\/etab.ac-reunion.fr\/lyc-bel-air\/wp-json\/wp\/v2\/comments?post=14406"}],"version-history":[{"count":6,"href":"https:\/\/etab.ac-reunion.fr\/lyc-bel-air\/wp-json\/wp\/v2\/posts\/14406\/revisions"}],"predecessor-version":[{"id":14422,"href":"https:\/\/etab.ac-reunion.fr\/lyc-bel-air\/wp-json\/wp\/v2\/posts\/14406\/revisions\/14422"}],"wp:featuredmedia":[{"embeddable":true,"href":"https:\/\/etab.ac-reunion.fr\/lyc-bel-air\/wp-json\/wp\/v2\/media\/14412"}],"wp:attachment":[{"href":"https:\/\/etab.ac-reunion.fr\/lyc-bel-air\/wp-json\/wp\/v2\/media?parent=14406"}],"wp:term":[{"taxonomy":"category","embeddable":true,"href":"https:\/\/etab.ac-reunion.fr\/lyc-bel-air\/wp-json\/wp\/v2\/categories?post=14406"},{"taxonomy":"post_tag","embeddable":true,"href":"https:\/\/etab.ac-reunion.fr\/lyc-bel-air\/wp-json\/wp\/v2\/tags?post=14406"}],"curies":[{"name":"wp","href":"https:\/\/api.w.org\/{rel}","templated":true}]}}