{"id":14423,"date":"2022-03-29T20:28:58","date_gmt":"2022-03-29T16:28:58","guid":{"rendered":"http:\/\/lycee-belair.ac-reunion.fr\/?p=14423"},"modified":"2022-04-05T19:26:33","modified_gmt":"2022-04-05T15:26:33","slug":"stage-option-eps-2022","status":"publish","type":"post","link":"https:\/\/etab.ac-reunion.fr\/lyc-bel-air\/2022\/03\/29\/stage-option-eps-2022\/","title":{"rendered":"STAGE OPTION EPS 2022"},"content":{"rendered":"\n<p class=\"has-vivid-red-color has-cyan-bluish-gray-background-color has-text-color has-background\"><strong>INFORMATIONS DE DERNIERE MINUTE<\/strong> : <\/p>\n\n\n\n<p class=\"has-vivid-red-color has-cyan-bluish-gray-background-color has-text-color has-background\">T\u00e9l\u00e9charger l&rsquo;autorisation parentale en bas de cet article <\/p>\n\n\n\n<p><\/p>\n\n\n\n<p><\/p>\n\n\n\n<p class=\"has-medium-font-size\"><strong>COMPTE RENDU RELATIF AU DEROULEMENT DE LA SORTIE :<\/strong><\/p>\n\n\n\n<p>Jeudi 7 avril : \u00e9l\u00e8ves accueillis au gymnase \u00e0 7h30 &#8211; appel, v\u00e9rifications diverses, prise en charge du mat\u00e9riel<\/p>\n\n\n\n<p>D\u00e9part en bus \u00e0 8h pour Trou d\u2019Eau &#8211; 9h30 arriv\u00e9e sur place, d\u00e9pose des affaires, formalit\u00e9s\u2026 &#8211; 10h d\u00e9pose des 8 \u00e9l\u00e8ves beach tennis du groupe 3&nbsp; vers le leader price de lhermitage. D\u00e9part des groupes 1 et&nbsp; 2 pour le site d\u2019escalade ravine des avirons + \u00e9tang-sal\u00e9 les bains (VTT) ; 8 \u00e9l\u00e8ves du groupe 3 direction plage pour paddle &#8211; retour des 3 groupes pour 16h30 au centre d\u2019h\u00e9bergement &#8211; finalisation de l\u2019installation &#8211; plage Trou d\u2019Eau &#8211; d\u00e9briefing &#8211; pr\u00e9paration journ\u00e9e du lendemain (activit\u00e9s, gestion repas\u2026) &#8211; douches &#8211; d\u00eener &#8211; nuit\u00e9e<\/p>\n\n\n\n<p>Vendredi 8 avril : r\u00e9veil 7h &#8211; petit d\u00e9jeuner 8h &#8211; d\u00e9part des 3 groupes \u00e0 la journ\u00e9e vers 9h (1 groupe plage \u00e0 pieds + 2 groupes vers l\u2019Etang-Sal\u00e9 en bus) &#8211; retour h\u00e9bergement pour 16h &#8211; d\u00e9briefing &#8211; plage &#8211; pr\u00e9paration journ\u00e9e du lendemain &#8211; douches &#8211; d\u00eener &#8211; nuit\u00e9e<\/p>\n\n\n\n<p>Samedi 9 avril : r\u00e9veil 6h30 &#8211; rangement des affaires &#8211; petit d\u00e9jeuner 7h30 &#8211; d\u00e9part des groupes \u00e0 la journ\u00e9e vers 8h30&nbsp; (1 groupe plage \u00e0 pieds + 2 groupes vers l\u2019Etang-Sal\u00e9 en bus) &#8211; retour h\u00e9bergement pour 15h &#8211; r\u00e9cup\u00e9ration des affaires &#8211; d\u00e9part en bus vers 15h30 pour une arriv\u00e9e au lyc\u00e9e vers 17h &#8211; d\u00e9briefing dans le bus &#8211; retour camion location pour 16h30<\/p>\n\n\n\n<p><\/p>\n\n\n<a href=\"https:\/\/etab.ac-reunion.fr\/lyc-bel-air\/wp-content\/uploads\/sites\/71\/2022\/03\/autorisationparentaleSEJOURSPORTIFOPTIONEPS2022-et-fiche-sanitaire.pdf\" class=\"pdfemb-viewer\" style=\"\" data-width=\"max\" data-height=\"max\" data-toolbar=\"bottom\" data-toolbar-fixed=\"off\">autorisationparentaleSEJOURSPORTIFOPTIONEPS2022-et-fiche-sanitaire<\/a>\n<p class=\"wp-block-pdfemb-pdf-embedder-viewer\"><\/p>\n\n\n\n<figure class=\"wp-block-image size-large\"><img loading=\"lazy\" decoding=\"async\" width=\"1024\" height=\"952\" src=\"https:\/\/etab.ac-reunion.fr\/lyc-bel-air\/wp-content\/uploads\/sites\/71\/2022\/04\/Capture-de\u0301cran-2022-04-05-a\u0300-19.26.27-1024x952.png\" alt=\"\" class=\"wp-image-14444\" srcset=\"https:\/\/etab.ac-reunion.fr\/lyc-bel-air\/wp-content\/uploads\/sites\/71\/2022\/04\/Capture-de\u0301cran-2022-04-05-a\u0300-19.26.27-1024x952.png 1024w, https:\/\/etab.ac-reunion.fr\/lyc-bel-air\/wp-content\/uploads\/sites\/71\/2022\/04\/Capture-de\u0301cran-2022-04-05-a\u0300-19.26.27-300x279.png 300w, https:\/\/etab.ac-reunion.fr\/lyc-bel-air\/wp-content\/uploads\/sites\/71\/2022\/04\/Capture-de\u0301cran-2022-04-05-a\u0300-19.26.27-768x714.png 768w, https:\/\/etab.ac-reunion.fr\/lyc-bel-air\/wp-content\/uploads\/sites\/71\/2022\/04\/Capture-de\u0301cran-2022-04-05-a\u0300-19.26.27.png 1372w\" sizes=\"(max-width: 1024px) 100vw, 1024px\" \/><\/figure>\n<!-- AddThis Advanced Settings generic via filter on the_content --><!-- AddThis Share Buttons generic via filter on the_content -->","protected":false},"excerpt":{"rendered":"<p>INFORMATIONS DE DERNIERE MINUTE : T\u00e9l\u00e9charger l&rsquo;autorisation parentale en bas de cet article COMPTE RENDU RELATIF AU DEROULEMENT DE LA SORTIE : Jeudi 7 avril : \u00e9l\u00e8ves accueillis au gymnase \u00e0 7h30 &#8211; appel, v\u00e9rifications diverses, prise en charge du mat\u00e9riel D\u00e9part en bus \u00e0 8h pour Trou d\u2019Eau &#8211; 9h30 arriv\u00e9e sur place, d\u00e9pose [&hellip;]<!-- AddThis Advanced Settings generic via filter on get_the_excerpt --><!-- AddThis Share Buttons generic via filter on get_the_excerpt --><\/p>\n","protected":false},"author":3366,"featured_media":45,"comment_status":"closed","ping_status":"closed","sticky":false,"template":"","format":"standard","meta":{"_et_pb_use_builder":"","_et_pb_old_content":"","_et_gb_content_width":"","footnotes":"","_links_to":"","_links_to_target":""},"categories":[39,140],"tags":[],"class_list":["post-14423","post","type-post","status-publish","format-standard","has-post-thumbnail","hentry","category-actualites","category-option-eps"],"_links":{"self":[{"href":"https:\/\/etab.ac-reunion.fr\/lyc-bel-air\/wp-json\/wp\/v2\/posts\/14423","targetHints":{"allow":["GET"]}}],"collection":[{"href":"https:\/\/etab.ac-reunion.fr\/lyc-bel-air\/wp-json\/wp\/v2\/posts"}],"about":[{"href":"https:\/\/etab.ac-reunion.fr\/lyc-bel-air\/wp-json\/wp\/v2\/types\/post"}],"author":[{"embeddable":true,"href":"https:\/\/etab.ac-reunion.fr\/lyc-bel-air\/wp-json\/wp\/v2\/users\/3366"}],"replies":[{"embeddable":true,"href":"https:\/\/etab.ac-reunion.fr\/lyc-bel-air\/wp-json\/wp\/v2\/comments?post=14423"}],"version-history":[{"count":4,"href":"https:\/\/etab.ac-reunion.fr\/lyc-bel-air\/wp-json\/wp\/v2\/posts\/14423\/revisions"}],"predecessor-version":[{"id":14446,"href":"https:\/\/etab.ac-reunion.fr\/lyc-bel-air\/wp-json\/wp\/v2\/posts\/14423\/revisions\/14446"}],"wp:featuredmedia":[{"embeddable":true,"href":"https:\/\/etab.ac-reunion.fr\/lyc-bel-air\/wp-json\/wp\/v2\/media\/45"}],"wp:attachment":[{"href":"https:\/\/etab.ac-reunion.fr\/lyc-bel-air\/wp-json\/wp\/v2\/media?parent=14423"}],"wp:term":[{"taxonomy":"category","embeddable":true,"href":"https:\/\/etab.ac-reunion.fr\/lyc-bel-air\/wp-json\/wp\/v2\/categories?post=14423"},{"taxonomy":"post_tag","embeddable":true,"href":"https:\/\/etab.ac-reunion.fr\/lyc-bel-air\/wp-json\/wp\/v2\/tags?post=14423"}],"curies":[{"name":"wp","href":"https:\/\/api.w.org\/{rel}","templated":true}]}}