{"id":14808,"date":"2022-05-29T22:10:39","date_gmt":"2022-05-29T18:10:39","guid":{"rendered":"http:\/\/lycee-belair.ac-reunion.fr\/?p=14808"},"modified":"2022-07-13T16:42:09","modified_gmt":"2022-07-13T12:42:09","slug":"projet-etwinning-une-merveille-a-decouvrir","status":"publish","type":"post","link":"https:\/\/etab.ac-reunion.fr\/lyc-bel-air\/2022\/05\/29\/projet-etwinning-une-merveille-a-decouvrir\/","title":{"rendered":"Projet ETWINNING : une merveille d&rsquo;ebook \u00e0 d\u00e9couvrir !"},"content":{"rendered":"\n<p>Dans le cadre d&rsquo;un projet men\u00e9 en EMC,  les \u00e9l\u00e8ves de 103 Lamia, Orane, Ang\u00e9lique, L\u00e9a et L\u00e9na, accompagn\u00e9es de leur professeure Mme Kuyten, ont r\u00e9alis\u00e9 un ebook<a href=\"https:\/\/read.bookcreator.com\/oqPbNSFIAZfRqIs8lOIIQ73hlqj2\/vSiUcrXnQXSIslhnBbJU7Q?fbclid=IwAR3RleCLQsaLFgZc4CqN9Z-uW_ejxbH0nj-Y_b0qbcmfKJBGsqK6YwqplFQ\">.<\/a><\/p>\n\n\n\n<p> Il \u00e9tait une fois\u2026.la Merveille, un monde fond\u00e9 sur la libert\u00e9 d\u2019invention. L&rsquo;exp\u00e9rimentation des possibles de la nature et des \u00e9motions humaines. Un voyage extraordinaire dans des mondes diff\u00e9rents (le monde naturel, l\u2019univers, la litt\u00e9rature, le cin\u00e9ma, la photographie et le patrimoine culturel) qui suscitent l&rsquo;\u00e9tonnement et l&rsquo;admiration en raison de leur beaut\u00e9. Le d\u00e9fi de ce projet avec les partenaires portugais, italiens, belges, tunisiens, d&rsquo;Azerba\u00efdjan et r\u00e9unionnais fut d\u2019aborder le concept de la merveille qui a pour fonction de bouleverser, de transformer Ie quotidien en Ie d\u00e9tournant du r\u00e9el.<\/p>\n\n\n\n<p class=\"has-large-font-size\">Vous pouvez lire cet ebook <strong><a rel=\"noreferrer noopener\" href=\"https:\/\/read.bookcreator.com\/oqPbNSFIAZfRqIs8lOIIQ73hlqj2\/vSiUcrXnQXSIslhnBbJU7Q?fbclid=IwAR3RleCLQsaLFgZc4CqN9Z-uW_ejxbH0nj-Y_b0qbcmfKJBGsqK6YwqplFQ\" target=\"_blank\">ici<\/a><\/strong><\/p>\n\n\n\n<figure class=\"wp-block-gallery has-nested-images columns-default is-cropped wp-block-gallery-1 is-layout-flex wp-block-gallery-is-layout-flex\">\n<figure class=\"wp-block-image size-large\"><img loading=\"lazy\" decoding=\"async\" width=\"1024\" height=\"451\" data-id=\"14810\" src=\"https:\/\/etab.ac-reunion.fr\/lyc-bel-air\/wp-content\/uploads\/sites\/71\/2022\/05\/etwinning-1024x451.png\" alt=\"\" class=\"wp-image-14810\" srcset=\"https:\/\/etab.ac-reunion.fr\/lyc-bel-air\/wp-content\/uploads\/sites\/71\/2022\/05\/etwinning-1024x451.png 1024w, https:\/\/etab.ac-reunion.fr\/lyc-bel-air\/wp-content\/uploads\/sites\/71\/2022\/05\/etwinning-300x132.png 300w, https:\/\/etab.ac-reunion.fr\/lyc-bel-air\/wp-content\/uploads\/sites\/71\/2022\/05\/etwinning-768x338.png 768w, https:\/\/etab.ac-reunion.fr\/lyc-bel-air\/wp-content\/uploads\/sites\/71\/2022\/05\/etwinning-1536x676.png 1536w, https:\/\/etab.ac-reunion.fr\/lyc-bel-air\/wp-content\/uploads\/sites\/71\/2022\/05\/etwinning.png 1922w\" sizes=\"(max-width: 1024px) 100vw, 1024px\" \/><\/figure>\n<\/figure>\n<!-- AddThis Advanced Settings generic via filter on the_content --><!-- AddThis Share Buttons generic via filter on the_content -->","protected":false},"excerpt":{"rendered":"<p>Dans le cadre d&rsquo;un projet men\u00e9 en EMC, les \u00e9l\u00e8ves de 103 Lamia, Orane, Ang\u00e9lique, L\u00e9a et L\u00e9na, accompagn\u00e9es de leur professeure Mme Kuyten, ont r\u00e9alis\u00e9 un ebook. Il \u00e9tait une fois\u2026.la Merveille, un monde fond\u00e9 sur la libert\u00e9 d\u2019invention. L&rsquo;exp\u00e9rimentation des possibles de la nature et des \u00e9motions humaines. Un voyage extraordinaire dans des [&hellip;]<!-- AddThis Advanced Settings generic via filter on get_the_excerpt --><!-- AddThis Share Buttons generic via filter on get_the_excerpt --><\/p>\n","protected":false},"author":5029,"featured_media":15464,"comment_status":"closed","ping_status":"closed","sticky":false,"template":"","format":"standard","meta":{"_et_pb_use_builder":"","_et_pb_old_content":"","_et_gb_content_width":"","footnotes":"","_links_to":"","_links_to_target":""},"categories":[6,39,7,147,116],"tags":[],"class_list":["post-14808","post","type-post","status-publish","format-standard","has-post-thumbnail","hentry","category-a-afficher-sur-la-page-daccueil","category-actualites","category-afficher-sur-slider","category-ouverture-sur-leurope","category-voyage"],"_links":{"self":[{"href":"https:\/\/etab.ac-reunion.fr\/lyc-bel-air\/wp-json\/wp\/v2\/posts\/14808","targetHints":{"allow":["GET"]}}],"collection":[{"href":"https:\/\/etab.ac-reunion.fr\/lyc-bel-air\/wp-json\/wp\/v2\/posts"}],"about":[{"href":"https:\/\/etab.ac-reunion.fr\/lyc-bel-air\/wp-json\/wp\/v2\/types\/post"}],"author":[{"embeddable":true,"href":"https:\/\/etab.ac-reunion.fr\/lyc-bel-air\/wp-json\/wp\/v2\/users\/5029"}],"replies":[{"embeddable":true,"href":"https:\/\/etab.ac-reunion.fr\/lyc-bel-air\/wp-json\/wp\/v2\/comments?post=14808"}],"version-history":[{"count":9,"href":"https:\/\/etab.ac-reunion.fr\/lyc-bel-air\/wp-json\/wp\/v2\/posts\/14808\/revisions"}],"predecessor-version":[{"id":14845,"href":"https:\/\/etab.ac-reunion.fr\/lyc-bel-air\/wp-json\/wp\/v2\/posts\/14808\/revisions\/14845"}],"wp:featuredmedia":[{"embeddable":true,"href":"https:\/\/etab.ac-reunion.fr\/lyc-bel-air\/wp-json\/wp\/v2\/media\/15464"}],"wp:attachment":[{"href":"https:\/\/etab.ac-reunion.fr\/lyc-bel-air\/wp-json\/wp\/v2\/media?parent=14808"}],"wp:term":[{"taxonomy":"category","embeddable":true,"href":"https:\/\/etab.ac-reunion.fr\/lyc-bel-air\/wp-json\/wp\/v2\/categories?post=14808"},{"taxonomy":"post_tag","embeddable":true,"href":"https:\/\/etab.ac-reunion.fr\/lyc-bel-air\/wp-json\/wp\/v2\/tags?post=14808"}],"curies":[{"name":"wp","href":"https:\/\/api.w.org\/{rel}","templated":true}]}}