{"id":16140,"date":"2022-10-02T07:21:44","date_gmt":"2022-10-02T03:21:44","guid":{"rendered":"https:\/\/etab.ac-reunion.fr\/lyc-bel-air\/?p=16140"},"modified":"2022-10-02T07:23:51","modified_gmt":"2022-10-02T03:23:51","slug":"atelier-poetique-face-a-la-mer-2","status":"publish","type":"post","link":"https:\/\/etab.ac-reunion.fr\/lyc-bel-air\/2022\/10\/02\/atelier-poetique-face-a-la-mer-2\/","title":{"rendered":"Atelier po\u00e9tique face \u00e0 la mer"},"content":{"rendered":"\n<figure class=\"wp-block-image size-full\"><img loading=\"lazy\" decoding=\"async\" width=\"320\" height=\"172\" src=\"https:\/\/etab.ac-reunion.fr\/lyc-bel-air\/wp-content\/uploads\/sites\/71\/2022\/10\/IMG_4353-2-rotated.jpg\" alt=\"\" class=\"wp-image-16151\" srcset=\"https:\/\/etab.ac-reunion.fr\/lyc-bel-air\/wp-content\/uploads\/sites\/71\/2022\/10\/IMG_4353-2-rotated.jpg 320w, https:\/\/etab.ac-reunion.fr\/lyc-bel-air\/wp-content\/uploads\/sites\/71\/2022\/10\/IMG_4353-2-300x161.jpg 300w\" sizes=\"(max-width: 320px) 100vw, 320px\" \/><\/figure>\n\n\n\n<p>N\u2019avez-vous jamais souhait\u00e9 conserver un moment fugitif&nbsp;? N\u2019est-il pas agr\u00e9able de garder une trace d\u2019un atelier d\u2019\u00e9criture en immersion face \u00e0 la mer&nbsp;? C\u2019est ce que les \u00e9l\u00e8ves de 204 ont exp\u00e9riment\u00e9 en septembre 2022. Face \u00e0 l\u2019oc\u00e9an, les \u00e9l\u00e8ves ont \u00e9cout\u00e9 leurs sensations, ont observ\u00e9 le paysage, travers\u00e9 \u00e0 un moment par un c\u00e9tac\u00e9.<\/p>\n\n\n\n<p>De retour en classe, ils ont retravaill\u00e9 leurs textes et ont cr\u00e9\u00e9 un recueil collectif, donnant un \u00e9crin et une structure \u00e0 leurs po\u00e8mes. Ils ont augment\u00e9 leur production par un atelier d\u2019\u00e9criture de calligrammes.<\/p>\n\n\n\n<p>Bonne lecture ! <\/p>\n\n\n\n<p>Extraits : <\/p>\n\n\n\n<p><strong>La voix de l\u2019oc\u00e9an<\/strong><\/p>\n\n\n\n<p>Assise sur les roches<\/p>\n\n\n\n<p>Le son de la mer emporte<\/p>\n\n\n\n<p>La fra\u00eecheur marine<\/p>\n\n\n\n<p>&nbsp;&nbsp;&nbsp;&nbsp;&nbsp;&nbsp;&nbsp;&nbsp;&nbsp;&nbsp;&nbsp;&nbsp;&nbsp;&nbsp;&nbsp;&nbsp;&nbsp;&nbsp;&nbsp;&nbsp;&nbsp;&nbsp;&nbsp;&nbsp;&nbsp;&nbsp;&nbsp; ***<\/p>\n\n\n\n<p>L\u2019odeur du soleil<\/p>\n\n\n\n<p>Traverse le ciel bleu<\/p>\n\n\n\n<p>Rien ne reste mis \u00e0 part ce moment merveilleux.<\/p>\n\n\n\n<p><\/p>\n\n\n\n<p><strong>Rayons agr\u00e9ables<\/strong><\/p>\n\n\n\n<p>&nbsp;&nbsp;&nbsp;&nbsp;&nbsp;&nbsp;&nbsp;&nbsp;&nbsp;&nbsp;&nbsp; Ah, douce lumi\u00e8re<\/p>\n\n\n\n<p>Caressant ma peau<\/p>\n\n\n\n<p>Signe de bonheur<\/p>\n\n\n\n<p><strong>&nbsp;&nbsp;&nbsp;&nbsp;&nbsp;&nbsp;&nbsp;&nbsp;&nbsp;&nbsp;&nbsp;&nbsp;&nbsp;&nbsp;&nbsp;&nbsp;&nbsp;&nbsp;&nbsp;&nbsp;&nbsp;&nbsp;&nbsp; Vie au loin<\/strong><\/p>\n\n\n\n<p>La force des vagues<\/p>\n\n\n\n<p>Anthracite \u00e0 l\u2019horizon<\/p>\n\n\n\n<p>Au loin la baleine est l\u00e0<\/p>\n\n\n\n<p><\/p>\n\n\n\n<figure class=\"wp-block-image size-full\"><img loading=\"lazy\" decoding=\"async\" width=\"475\" height=\"707\" src=\"https:\/\/etab.ac-reunion.fr\/lyc-bel-air\/wp-content\/uploads\/sites\/71\/2022\/10\/image.png\" alt=\"\" class=\"wp-image-16142\" srcset=\"https:\/\/etab.ac-reunion.fr\/lyc-bel-air\/wp-content\/uploads\/sites\/71\/2022\/10\/image.png 475w, https:\/\/etab.ac-reunion.fr\/lyc-bel-air\/wp-content\/uploads\/sites\/71\/2022\/10\/image-202x300.png 202w\" sizes=\"(max-width: 475px) 100vw, 475px\" \/><\/figure>\n\n\n<a href=\"https:\/\/etab.ac-reunion.fr\/lyc-bel-air\/wp-content\/uploads\/sites\/71\/2022\/10\/recueil-haikus-calligrammes-204.pdf\" class=\"pdfemb-viewer\" style=\"\" data-width=\"max\" data-height=\"max\" data-toolbar=\"bottom\" data-toolbar-fixed=\"off\">recueil-haikus-calligrammes-204<\/a>\n<p class=\"wp-block-pdfemb-pdf-embedder-viewer\"><\/p>\n<!-- AddThis Advanced Settings generic via filter on the_content --><!-- AddThis Share Buttons generic via filter on the_content -->","protected":false},"excerpt":{"rendered":"<p>N\u2019avez-vous jamais souhait\u00e9 conserver un moment fugitif&nbsp;? N\u2019est-il pas agr\u00e9able de garder une trace d\u2019un atelier d\u2019\u00e9criture en immersion face \u00e0 la mer&nbsp;? C\u2019est ce que les \u00e9l\u00e8ves de 204 ont exp\u00e9riment\u00e9 en septembre 2022. Face \u00e0 l\u2019oc\u00e9an, les \u00e9l\u00e8ves ont \u00e9cout\u00e9 leurs sensations, ont observ\u00e9 le paysage, travers\u00e9 \u00e0 un moment par un c\u00e9tac\u00e9. [&hellip;]<!-- AddThis Advanced Settings generic via filter on get_the_excerpt --><!-- AddThis Share Buttons generic via filter on get_the_excerpt --><\/p>\n","protected":false},"author":12331,"featured_media":16151,"comment_status":"closed","ping_status":"closed","sticky":false,"template":"","format":"standard","meta":{"_et_pb_use_builder":"off","_et_pb_old_content":"","_et_gb_content_width":"","footnotes":"","_links_to":"","_links_to_target":""},"categories":[6,39,7,38,85],"tags":[],"class_list":["post-16140","post","type-post","status-publish","format-standard","has-post-thumbnail","hentry","category-a-afficher-sur-la-page-daccueil","category-actualites","category-afficher-sur-slider","category-articles-les-plus-lus","category-francais"],"_links":{"self":[{"href":"https:\/\/etab.ac-reunion.fr\/lyc-bel-air\/wp-json\/wp\/v2\/posts\/16140","targetHints":{"allow":["GET"]}}],"collection":[{"href":"https:\/\/etab.ac-reunion.fr\/lyc-bel-air\/wp-json\/wp\/v2\/posts"}],"about":[{"href":"https:\/\/etab.ac-reunion.fr\/lyc-bel-air\/wp-json\/wp\/v2\/types\/post"}],"author":[{"embeddable":true,"href":"https:\/\/etab.ac-reunion.fr\/lyc-bel-air\/wp-json\/wp\/v2\/users\/12331"}],"replies":[{"embeddable":true,"href":"https:\/\/etab.ac-reunion.fr\/lyc-bel-air\/wp-json\/wp\/v2\/comments?post=16140"}],"version-history":[{"count":6,"href":"https:\/\/etab.ac-reunion.fr\/lyc-bel-air\/wp-json\/wp\/v2\/posts\/16140\/revisions"}],"predecessor-version":[{"id":16154,"href":"https:\/\/etab.ac-reunion.fr\/lyc-bel-air\/wp-json\/wp\/v2\/posts\/16140\/revisions\/16154"}],"wp:featuredmedia":[{"embeddable":true,"href":"https:\/\/etab.ac-reunion.fr\/lyc-bel-air\/wp-json\/wp\/v2\/media\/16151"}],"wp:attachment":[{"href":"https:\/\/etab.ac-reunion.fr\/lyc-bel-air\/wp-json\/wp\/v2\/media?parent=16140"}],"wp:term":[{"taxonomy":"category","embeddable":true,"href":"https:\/\/etab.ac-reunion.fr\/lyc-bel-air\/wp-json\/wp\/v2\/categories?post=16140"},{"taxonomy":"post_tag","embeddable":true,"href":"https:\/\/etab.ac-reunion.fr\/lyc-bel-air\/wp-json\/wp\/v2\/tags?post=16140"}],"curies":[{"name":"wp","href":"https:\/\/api.w.org\/{rel}","templated":true}]}}