{"id":17979,"date":"2024-01-23T16:16:35","date_gmt":"2024-01-23T12:16:35","guid":{"rendered":"https:\/\/etab.ac-reunion.fr\/lyc-bel-air\/?p=17979"},"modified":"2024-06-25T10:59:18","modified_gmt":"2024-06-25T06:59:18","slug":"taxe-dapprentissage-soutenir-le-lycee-bel-air","status":"publish","type":"post","link":"https:\/\/etab.ac-reunion.fr\/lyc-bel-air\/2024\/01\/23\/taxe-dapprentissage-soutenir-le-lycee-bel-air\/","title":{"rendered":"Taxe d&rsquo;apprentissage : Soutenir le lyc\u00e9e Bel Air"},"content":{"rendered":"\n<p class=\"has-text-align-center has-medium-font-size\">Gr\u00e2ce \u00e0 la collecte de la taxe d\u2019apprentissage aupr\u00e8s de nos partenaires, les entreprises contribuent \u00e0 la formation de professionnels dans des secteurs porteurs. Cela permet de financer les d\u00e9penses n\u00e9cessaires au d\u00e9veloppement de notre \u00e9cole tout en renfor\u00e7ant nos axes strat\u00e9giques.<\/p>\n\n\n\n<p class=\"has-text-align-center has-medium-font-size\">Le lyc\u00e9e Bel Air offre un \u00e9ventail de formation professionnelle du CAP \u00e0 la licence Pro dans les m\u00e9tiers du B\u00e2timent ( Architecture en m\u00e9tal, Enveloppe du b\u00e2timent, Menuiseries aluminium, ouvrage de b\u00e2timent m\u00e9tallerie, ferronnerie d&rsquo;art et m\u00e9tallier), r\u00e9pondant ainsi aux besoins et enjeux \u00e9conomiques du territoire r\u00e9unionnais d&rsquo;aujourd&rsquo;hui et de demain.<\/p>\n\n\n\n<h4 class=\"wp-block-heading has-text-align-center has-medium-font-size\">Vous avez l&rsquo;opportunit\u00e9 d\u2019\u00eatre un partenaire privil\u00e9gi\u00e9 en soutenant le Lyc\u00e9e Bel Air !<\/h4>\n\n\n\n<p class=\"has-text-align-center has-medium-font-size\"><strong>Comment ?<\/strong><\/p>\n\n\n\n<p class=\"has-text-align-center has-medium-font-size\">En nous reversant au lyc\u00e9e votre taxe d&rsquo;apprentissage (0.09% de votre masse salariale brute), pour cela il vous faudra avoir au pr\u00e9alable, un Compte <a href=\"https:\/\/www.net-entreprises.fr\/\">Net-entreprise<\/a>, le m\u00eame qui vous sert \u00e0 faire votre DSN (D\u00e9claration Sociale Nominative) sur internet.  <\/p>\n\n\n\n<figure class=\"wp-block-image aligncenter size-full is-style-default\"><a href=\"https:\/\/www.net-entreprises.fr\/\"><img loading=\"lazy\" decoding=\"async\" width=\"597\" height=\"288\" src=\"https:\/\/etab.ac-reunion.fr\/lyc-bel-air\/wp-content\/uploads\/sites\/71\/2024\/01\/netentreprise.png\" alt=\"\" class=\"wp-image-17980\" srcset=\"https:\/\/etab.ac-reunion.fr\/lyc-bel-air\/wp-content\/uploads\/sites\/71\/2024\/01\/netentreprise.png 597w, https:\/\/etab.ac-reunion.fr\/lyc-bel-air\/wp-content\/uploads\/sites\/71\/2024\/01\/netentreprise-480x232.png 480w\" sizes=\"(min-width: 0px) and (max-width: 480px) 480px, (min-width: 481px) 597px, 100vw\" \/><\/a><\/figure>\n\n\n\n<p class=\"has-text-align-center has-medium-font-size\">Vous pourrez ensuite cr\u00e9er, votre compte sur l&rsquo;espace employeur <a href=\"https:\/\/employeurs.soltea.education.gouv.fr\/idp\/ta5\/oauth\/authorize?provider=netentreprise&amp;target=employeur&amp;response_type=code&amp;client_id=819066ca-4142-4050-bc4e-94442482ef27&amp;state=Ui51cTJlTi1sX1A1anp2UDVTQjVBM0xIZX5TRHdhMlozNGFGaE9hTk0wcmp5&amp;redirect_uri=https:%2F%2Femployeurs.soltea.education.gouv.fr%2Fespace-prive%2F&amp;scope=openid%20profile%20TA5_READ%20TA5_WRITE&amp;code_challenge=tqSJk5dnnSdKtvfZgD_Jw5crFrlPUao380__XDzizPY&amp;code_challenge_method=S256&amp;nonce=Ui51cTJlTi1sX1A1anp2UDVTQjVBM0xIZX5TRHdhMlozNGFGaE9hTk0wcmp5\">SOLT\u00e9A<\/a> (Plateforme de r\u00e9partition de la taxe d&rsquo;apprentissage) qui vous permettra de s\u00e9lectionner notre \u00e9tablissement, et la d\u00e9signer b\u00e9n\u00e9ficiaire de votre solde de la taxe d&rsquo;apprentissage. <\/p>\n\n\n\n<figure class=\"wp-block-embed is-type-video is-provider-youtube wp-block-embed-youtube wp-embed-aspect-16-9 wp-has-aspect-ratio\"><div class=\"wp-block-embed__wrapper\">\n<iframe loading=\"lazy\" title=\"Solde taxe d\u2019apprentissage : le nouveau service SOLT\u00e9A pour les employeurs\" width=\"1080\" height=\"608\" src=\"https:\/\/www.youtube.com\/embed\/dM_q0J6r39U?feature=oembed\"  allow=\"accelerometer; autoplay; clipboard-write; encrypted-media; gyroscope; picture-in-picture; web-share\" allowfullscreen><\/iframe>\n<\/div><\/figure>\n\n\n\n<p class=\"has-text-align-center has-medium-font-size\">Sur SOLT\u00e9A, vous aurez besoin de renseigner l\u2019identifiant d\u2019Unit\u00e9 administrative d\u2019immatriculation (UAI) de l\u2019\u00e9tablissement b\u00e9n\u00e9ficiaire.<\/p>\n\n\n\n<h3 class=\"wp-block-heading has-text-align-center has-medium-font-size\"><strong>Le code UAI du Lyc\u00e9e Bel Air est le suivant : 9741277<strong>V<\/strong><\/strong><\/h3>\n\n\n\n<p class=\"has-text-align-center has-medium-font-size\"><strong>SIRET : <strong>199 749 797 00015<\/strong><\/strong><\/p>\n\n\n\n<p class=\"has-text-align-center has-medium-font-size\">Vous pouvez, si vous le souhaitez (facultatif), cibler une ou plusieurs formations en indiquant son intitul\u00e9 lors de votre versement.<\/p>\n\n\n\n<figure class=\"wp-block-image aligncenter size-full is-resized\"><a href=\"https:\/\/employeurs.soltea.education.gouv.fr\/idp\/ta5\/oauth\/authorize?provider=netentreprise&amp;target=employeur&amp;response_type=code&amp;client_id=819066ca-4142-4050-bc4e-94442482ef27&amp;state=SUJXb0l5bnRWTEhEYTdUX2RZQ3hybGkxOFkwb0FxcllXSnFpVE01UzAxc3VL&amp;redirect_uri=https:%2F%2Femployeurs.soltea.education.gouv.fr%2Fespace-prive%2F&amp;scope=openid%20profile%20TA5_READ%20TA5_WRITE&amp;code_challenge=_IgNSW2ATQ0sIQaEN6KfIslm05HtNsPV5VbNdcpasKA&amp;code_challenge_method=S256&amp;nonce=SUJXb0l5bnRWTEhEYTdUX2RZQ3hybGkxOFkwb0FxcllXSnFpVE01UzAxc3VL\"><img loading=\"lazy\" decoding=\"async\" width=\"486\" height=\"324\" src=\"https:\/\/etab.ac-reunion.fr\/lyc-bel-air\/wp-content\/uploads\/sites\/71\/2024\/01\/SOLTeA.jpg\" alt=\"\" class=\"wp-image-17981\" style=\"width:273px;height:auto\" srcset=\"https:\/\/etab.ac-reunion.fr\/lyc-bel-air\/wp-content\/uploads\/sites\/71\/2024\/01\/SOLTeA.jpg 486w, https:\/\/etab.ac-reunion.fr\/lyc-bel-air\/wp-content\/uploads\/sites\/71\/2024\/01\/SOLTeA-480x320.jpg 480w\" sizes=\"(min-width: 0px) and (max-width: 480px) 480px, (min-width: 481px) 486px, 100vw\" \/><\/a><\/figure>\n\n\n\n<h5 class=\"wp-block-heading has-text-align-center has-medium-font-size\">En nous soutenant financi\u00e8rement vous nous permettrez d\u2019acqu\u00e9rir des mat\u00e9riels et \u00e9quipements performants, modernes, innovants et adapt\u00e9s aux exigences m\u00e9tiers et aux \u00e9volutions technologiques. Nous pr\u00e9parerons au mieux l\u2019insertion professionnelle, sociale et citoyenne des \u00e9l\u00e8ves et apprentis.<\/h5>\n\n\n\n<p class=\"has-text-align-center has-medium-font-size\">Pour vous accompagner dans cette d\u00e9marche, <a href=\"https:\/\/etab.ac-reunion.fr\/lyc-bel-air\/2024\/01\/23\/le-b-d-e-au-lycee-bel-air\/\"><strong>le Bureau Des Entreprises du Lyc\u00e9e Bel Air<\/strong><\/a> se tient \u00e0 votre disposition.<\/p>\n\n\n\n<p><\/p>\n<!-- AddThis Advanced Settings generic via filter on the_content --><!-- AddThis Share Buttons generic via filter on the_content -->","protected":false},"excerpt":{"rendered":"<p>Gr\u00e2ce \u00e0 la collecte de la taxe d\u2019apprentissage aupr\u00e8s de nos partenaires, les entreprises contribuent \u00e0 la formation de professionnels dans des secteurs porteurs. Cela permet de financer les d\u00e9penses n\u00e9cessaires au d\u00e9veloppement de notre \u00e9cole tout en renfor\u00e7ant nos axes strat\u00e9giques. Le lyc\u00e9e Bel Air offre un \u00e9ventail de formation professionnelle du CAP \u00e0 [&hellip;]<!-- AddThis Advanced Settings generic via filter on get_the_excerpt --><!-- AddThis Share Buttons generic via filter on get_the_excerpt --><\/p>\n","protected":false},"author":36133,"featured_media":17981,"comment_status":"closed","ping_status":"closed","sticky":false,"template":"","format":"standard","meta":{"_et_pb_use_builder":"off","_et_pb_old_content":"","_et_gb_content_width":"","footnotes":"","_links_to":"","_links_to_target":""},"categories":[217],"tags":[236,242,228,239,240,237,241,238,235],"class_list":["post-17979","post","type-post","status-publish","format-standard","has-post-thumbnail","hentry","category-taxe-dapprentissage","tag-apprentissage","tag-bureau-des-entreprises","tag-entreprises","tag-formation-professionnelle","tag-partenaire","tag-solde","tag-soltea","tag-soutien","tag-taxe"],"_links":{"self":[{"href":"https:\/\/etab.ac-reunion.fr\/lyc-bel-air\/wp-json\/wp\/v2\/posts\/17979","targetHints":{"allow":["GET"]}}],"collection":[{"href":"https:\/\/etab.ac-reunion.fr\/lyc-bel-air\/wp-json\/wp\/v2\/posts"}],"about":[{"href":"https:\/\/etab.ac-reunion.fr\/lyc-bel-air\/wp-json\/wp\/v2\/types\/post"}],"author":[{"embeddable":true,"href":"https:\/\/etab.ac-reunion.fr\/lyc-bel-air\/wp-json\/wp\/v2\/users\/36133"}],"replies":[{"embeddable":true,"href":"https:\/\/etab.ac-reunion.fr\/lyc-bel-air\/wp-json\/wp\/v2\/comments?post=17979"}],"version-history":[{"count":6,"href":"https:\/\/etab.ac-reunion.fr\/lyc-bel-air\/wp-json\/wp\/v2\/posts\/17979\/revisions"}],"predecessor-version":[{"id":18848,"href":"https:\/\/etab.ac-reunion.fr\/lyc-bel-air\/wp-json\/wp\/v2\/posts\/17979\/revisions\/18848"}],"wp:featuredmedia":[{"embeddable":true,"href":"https:\/\/etab.ac-reunion.fr\/lyc-bel-air\/wp-json\/wp\/v2\/media\/17981"}],"wp:attachment":[{"href":"https:\/\/etab.ac-reunion.fr\/lyc-bel-air\/wp-json\/wp\/v2\/media?parent=17979"}],"wp:term":[{"taxonomy":"category","embeddable":true,"href":"https:\/\/etab.ac-reunion.fr\/lyc-bel-air\/wp-json\/wp\/v2\/categories?post=17979"},{"taxonomy":"post_tag","embeddable":true,"href":"https:\/\/etab.ac-reunion.fr\/lyc-bel-air\/wp-json\/wp\/v2\/tags?post=17979"}],"curies":[{"name":"wp","href":"https:\/\/api.w.org\/{rel}","templated":true}]}}