{"id":19144,"date":"2025-03-12T17:51:11","date_gmt":"2025-03-12T13:51:11","guid":{"rendered":"https:\/\/etab.ac-reunion.fr\/lyc-bel-air\/?p=19144"},"modified":"2025-03-13T18:49:46","modified_gmt":"2025-03-13T14:49:46","slug":"les-lyceens-au-coeur-de-la-memoire-ensemble-contre-le-terrorisme","status":"publish","type":"post","link":"https:\/\/etab.ac-reunion.fr\/lyc-bel-air\/2025\/03\/12\/les-lyceens-au-coeur-de-la-memoire-ensemble-contre-le-terrorisme\/","title":{"rendered":"Les lyc\u00e9ens au C\u0153ur de la M\u00e9moire : Ensemble Contre le Terrorisme"},"content":{"rendered":"\n<p class=\"has-white-color has-text-color has-link-color wp-elements-c645e628e62f8fbab9d9726851472d16\"><\/p>\n\n\n\n<p><strong>Le mardi 11 mars 2025 <\/strong>, une c\u00e9r\u00e9monie \u00e9mouvante a eu lieu au parvis des Droits de l&rsquo;Homme \u00e0 Champ Fleuri, en m\u00e9moire des victimes du terrorisme. Cette date a \u00e9t\u00e9 choisie par l\u2019Union Europ\u00e9enne pour honorer les victimes de l&rsquo;attentat tragique de Madrid en 2004, qui a co\u00fbt\u00e9 la vie \u00e0 191 personnes et bless\u00e9 pr\u00e8s de 2 000 autres. Sous l&rsquo;autorit\u00e9 de Vincent Bernard-Lafoucri\u00e8re, sous-pr\u00e9fet et directeur de cabinet du pr\u00e9fet de La R\u00e9union, des \u00e9l\u00e8ves du lyc\u00e9e ont eu l&rsquo;honneur de participer \u00e0 cet \u00e9v\u00e9nement significatif.<\/p>\n\n\n\n<p>La c\u00e9r\u00e9monie a d\u00e9but\u00e9 par la lecture de textes \u00e9mouvants \u00e9crit par des \u00e9l\u00e8ves du primaire, suivie du d\u00e9p\u00f4t de fleurs devant la sculpture \u00e9rig\u00e9e en hommage aux victimes. Ce moment de recueillement a permis aux jeunes de prendre conscience de l&rsquo;importance de se souvenir des trag\u00e9dies pass\u00e9es et de la n\u00e9cessit\u00e9 de lutter contre toutes les formes de violence.<\/p>\n\n\n\n<p>Ensuite, un repr\u00e9sentant du Groupe de Dialogues Interreligieux a prononc\u00e9 une allocution, mettant en lumi\u00e8re l&rsquo;importance du dialogue et de la paix entre les diff\u00e9rentes communaut\u00e9s.<\/p>\n\n\n\n<p>Monsieur le sous-pr\u00e9fet a \u00e0 son tour pris la parole, soulignant le devoir de m\u00e9moire et l&rsquo;importance de rester vigilant face aux menaces qui p\u00e8sent sur nos soci\u00e9t\u00e9s. Son allocution a r\u00e9sonn\u00e9 dans le c\u0153ur des participants, renfor\u00e7ant le message d&rsquo;unit\u00e9 face \u00e0 l&rsquo;horreur du terrorisme.<\/p>\n\n\n\n<p>Le d\u00e9p\u00f4t d&rsquo;une fleur par le sous-pr\u00e9fet et les autres autorit\u00e9s pr\u00e9sentes a \u00e9t\u00e9 un moment poignant, suivi d&rsquo;une minute de silence respectueuse, pendant laquelle l\u2019assembl\u00e9e a r\u00e9fl\u00e9chi \u00e0 la souffrance des victimes et de leurs familles.<\/p>\n\n\n\n<p>\u00a0L\u2019Hymne europ\u00e9en a retenti, , renfor\u00e7ant le sentiment d&rsquo;appartenance \u00e0 une communaut\u00e9 europ\u00e9enne unie dans la lutte contre le terrorisme, suivi du refrain de la Marseillaise chant\u00e9e par les lyc\u00e9ens. <\/p>\n\n\n\n<p>Les autorit\u00e9s civiles et militaires ont ensuite salu\u00e9 les porte-drapeaux et les diff\u00e9rentes d\u00e9l\u00e9gations pr\u00e9sentes.<\/p>\n\n\n\n<p>&nbsp;L\u2019impact de cet hommage perdurera dans les esprits et les c\u0153urs des participants. Les \u00e9l\u00e8ves, accompagn\u00e9s de leurs professeurs, Madame Clain et Madame Maillot, ainsi que des chefs d&rsquo;\u00e9tablissement du lyc\u00e9e, ont particip\u00e9 avec s\u00e9rieux et respect, t\u00e9moignant de leur engagement envers les valeurs de paix, de solidarit\u00e9 et de m\u00e9moire.<\/p>\n\n\n\n<p>Cet \u00e9v\u00e9nement a non seulement permis de rendre hommage aux victimes, mais \u00e9galement d&rsquo;\u00e9duquer la jeunesse sur l&rsquo;importance de la tol\u00e9rance et de la paix dans notre soci\u00e9t\u00e9. Les \u00e9l\u00e8ves du lyc\u00e9e ont montr\u00e9 qu&rsquo;ils sont non seulement conscients des enjeux contemporains, mais aussi pr\u00eats \u00e0 s&rsquo;engager activement pour un avenir meilleur.<\/p>\n\n\n\n<p><a href=\"https:\/\/la1ere.francetvinfo.fr\/reunion\/programme-video\/info_journal-de-19h-en-langue-des-signes\/diffusion\/7016686-edition-du-11-mars-2025.html\" data-type=\"link\" data-id=\"https:\/\/la1ere.francetvinfo.fr\/reunion\/programme-video\/info_journal-de-19h-en-langue-des-signes\/diffusion\/7016686-edition-du-11-mars-2025.html\">https:\/\/la1ere.francetvinfo.fr\/reunion\/programme-video\/info_journal-de-19h-en-langue-des-signes\/diffusion\/7016686-edition-du-11-mars-2025.html<\/a><\/p>\n\n\n\n<figure class=\"wp-block-gallery has-nested-images columns-default is-cropped wp-block-gallery-1 is-layout-flex wp-block-gallery-is-layout-flex\">\n<figure class=\"wp-block-image size-large\"><img loading=\"lazy\" decoding=\"async\" width=\"1024\" height=\"461\" data-id=\"19149\" src=\"https:\/\/etab.ac-reunion.fr\/lyc-bel-air\/wp-content\/uploads\/sites\/71\/2025\/03\/att.ml7cFsZ8YaogtvRONaVKmjikbC8Jmo0twLYG7gjP9i0-2-1-1024x461.jpg\" alt=\"\" class=\"wp-image-19149\" srcset=\"https:\/\/etab.ac-reunion.fr\/lyc-bel-air\/wp-content\/uploads\/sites\/71\/2025\/03\/att.ml7cFsZ8YaogtvRONaVKmjikbC8Jmo0twLYG7gjP9i0-2-1-980x441.jpg 980w, https:\/\/etab.ac-reunion.fr\/lyc-bel-air\/wp-content\/uploads\/sites\/71\/2025\/03\/att.ml7cFsZ8YaogtvRONaVKmjikbC8Jmo0twLYG7gjP9i0-2-1-480x216.jpg 480w\" sizes=\"(min-width: 0px) and (max-width: 480px) 480px, (min-width: 481px) and (max-width: 980px) 980px, (min-width: 981px) 1024px, 100vw\" \/><\/figure>\n\n\n\n<figure class=\"wp-block-image size-large\"><img loading=\"lazy\" decoding=\"async\" width=\"1024\" height=\"771\" data-id=\"19151\" src=\"https:\/\/etab.ac-reunion.fr\/lyc-bel-air\/wp-content\/uploads\/sites\/71\/2025\/03\/IMG_20250311_084436-1024x771.jpg\" alt=\"\" class=\"wp-image-19151\" srcset=\"https:\/\/etab.ac-reunion.fr\/lyc-bel-air\/wp-content\/uploads\/sites\/71\/2025\/03\/IMG_20250311_084436-980x738.jpg 980w, https:\/\/etab.ac-reunion.fr\/lyc-bel-air\/wp-content\/uploads\/sites\/71\/2025\/03\/IMG_20250311_084436-480x362.jpg 480w\" sizes=\"(min-width: 0px) and (max-width: 480px) 480px, (min-width: 481px) and (max-width: 980px) 980px, (min-width: 981px) 1024px, 100vw\" \/><\/figure>\n\n\n\n<figure class=\"wp-block-image size-large\"><img loading=\"lazy\" decoding=\"async\" width=\"1024\" height=\"771\" data-id=\"19150\" src=\"https:\/\/etab.ac-reunion.fr\/lyc-bel-air\/wp-content\/uploads\/sites\/71\/2025\/03\/IMG_20250311_092913-1-1024x771.jpg\" alt=\"\" class=\"wp-image-19150\" srcset=\"https:\/\/etab.ac-reunion.fr\/lyc-bel-air\/wp-content\/uploads\/sites\/71\/2025\/03\/IMG_20250311_092913-1-980x738.jpg 980w, https:\/\/etab.ac-reunion.fr\/lyc-bel-air\/wp-content\/uploads\/sites\/71\/2025\/03\/IMG_20250311_092913-1-480x362.jpg 480w\" sizes=\"(min-width: 0px) and (max-width: 480px) 480px, (min-width: 481px) and (max-width: 980px) 980px, (min-width: 981px) 1024px, 100vw\" \/><\/figure>\n\n\n\n<figure class=\"wp-block-image size-large\"><img loading=\"lazy\" decoding=\"async\" width=\"1024\" height=\"771\" data-id=\"19152\" src=\"https:\/\/etab.ac-reunion.fr\/lyc-bel-air\/wp-content\/uploads\/sites\/71\/2025\/03\/IMG_20250311_093113-1-1024x771.jpg\" alt=\"\" class=\"wp-image-19152\" srcset=\"https:\/\/etab.ac-reunion.fr\/lyc-bel-air\/wp-content\/uploads\/sites\/71\/2025\/03\/IMG_20250311_093113-1-980x738.jpg 980w, https:\/\/etab.ac-reunion.fr\/lyc-bel-air\/wp-content\/uploads\/sites\/71\/2025\/03\/IMG_20250311_093113-1-480x362.jpg 480w\" sizes=\"(min-width: 0px) and (max-width: 480px) 480px, (min-width: 481px) and (max-width: 980px) 980px, (min-width: 981px) 1024px, 100vw\" \/><\/figure>\n<\/figure>\n<!-- AddThis Advanced Settings generic via filter on the_content --><!-- AddThis Share Buttons generic via filter on the_content -->","protected":false},"excerpt":{"rendered":"<p>Le mardi 11 mars 2025 , une c\u00e9r\u00e9monie \u00e9mouvante a eu lieu au parvis des Droits de l&rsquo;Homme \u00e0 Champ Fleuri, en m\u00e9moire des victimes du terrorisme. Cette date a \u00e9t\u00e9 choisie par l\u2019Union Europ\u00e9enne pour honorer les victimes de l&rsquo;attentat tragique de Madrid en 2004, qui a co\u00fbt\u00e9 la vie \u00e0 191 personnes et [&hellip;]<!-- AddThis Advanced Settings generic via filter on get_the_excerpt --><!-- AddThis Share Buttons generic via filter on get_the_excerpt --><\/p>\n","protected":false},"author":20269,"featured_media":19146,"comment_status":"closed","ping_status":"closed","sticky":false,"template":"","format":"standard","meta":{"_et_pb_use_builder":"off","_et_pb_old_content":"","_et_gb_content_width":"","footnotes":"","_links_to":"","_links_to_target":""},"categories":[6,39,191,4],"tags":[266,265,267],"class_list":["post-19144","post","type-post","status-publish","format-standard","has-post-thumbnail","hentry","category-a-afficher-sur-la-page-daccueil","category-actualites","category-la-vie-au-lycee","category-presentation-du-lycee","tag-11-mars","tag-ceremonie","tag-lycee-bel-air-2"],"_links":{"self":[{"href":"https:\/\/etab.ac-reunion.fr\/lyc-bel-air\/wp-json\/wp\/v2\/posts\/19144","targetHints":{"allow":["GET"]}}],"collection":[{"href":"https:\/\/etab.ac-reunion.fr\/lyc-bel-air\/wp-json\/wp\/v2\/posts"}],"about":[{"href":"https:\/\/etab.ac-reunion.fr\/lyc-bel-air\/wp-json\/wp\/v2\/types\/post"}],"author":[{"embeddable":true,"href":"https:\/\/etab.ac-reunion.fr\/lyc-bel-air\/wp-json\/wp\/v2\/users\/20269"}],"replies":[{"embeddable":true,"href":"https:\/\/etab.ac-reunion.fr\/lyc-bel-air\/wp-json\/wp\/v2\/comments?post=19144"}],"version-history":[{"count":3,"href":"https:\/\/etab.ac-reunion.fr\/lyc-bel-air\/wp-json\/wp\/v2\/posts\/19144\/revisions"}],"predecessor-version":[{"id":19154,"href":"https:\/\/etab.ac-reunion.fr\/lyc-bel-air\/wp-json\/wp\/v2\/posts\/19144\/revisions\/19154"}],"wp:featuredmedia":[{"embeddable":true,"href":"https:\/\/etab.ac-reunion.fr\/lyc-bel-air\/wp-json\/wp\/v2\/media\/19146"}],"wp:attachment":[{"href":"https:\/\/etab.ac-reunion.fr\/lyc-bel-air\/wp-json\/wp\/v2\/media?parent=19144"}],"wp:term":[{"taxonomy":"category","embeddable":true,"href":"https:\/\/etab.ac-reunion.fr\/lyc-bel-air\/wp-json\/wp\/v2\/categories?post=19144"},{"taxonomy":"post_tag","embeddable":true,"href":"https:\/\/etab.ac-reunion.fr\/lyc-bel-air\/wp-json\/wp\/v2\/tags?post=19144"}],"curies":[{"name":"wp","href":"https:\/\/api.w.org\/{rel}","templated":true}]}}