{"id":19609,"date":"2025-06-20T14:59:30","date_gmt":"2025-06-20T10:59:30","guid":{"rendered":"https:\/\/etab.ac-reunion.fr\/lyc-bel-air\/?p=19609"},"modified":"2025-06-21T06:18:14","modified_gmt":"2025-06-21T02:18:14","slug":"bia-une-experience-exceptionnelle-daviation-pour-nos-eleves-survol-de-lile-avec-laeroclub-roland-garros","status":"publish","type":"post","link":"https:\/\/etab.ac-reunion.fr\/lyc-bel-air\/2025\/06\/20\/bia-une-experience-exceptionnelle-daviation-pour-nos-eleves-survol-de-lile-avec-laeroclub-roland-garros\/","title":{"rendered":"BIA : Une exp\u00e9rience exceptionnelle d\u2019aviation pour nos \u00e9l\u00e8ves : survol de l\u2019\u00eele avec l\u2019A\u00e9roclub Roland Garros"},"content":{"rendered":"\n<p><\/p>\n\n\n\n<p><strong><mark style=\"background-color:#ffffff\" class=\"has-inline-color has-black-color\">L<\/mark><\/strong><mark style=\"background-color:#ffffff\" class=\"has-inline-color has-black-color\"><strong>e samedi 24 mai 2025,<\/strong> le lyc\u00e9e a  offert \u00e0 ses \u00e9l\u00e8ves une exp\u00e9rience inoubliable en partenariat avec l\u2019A\u00e9roclub ROLAND GARROS : un survol de l\u2019\u00eele, m\u00ealant d\u00e9couverte, initiation et plaisir de l\u2019aviation. Cet \u00e9v\u00e9nement a permis \u00e0 certains de vivre leur tout premier bapt\u00eame de l\u2019air, tandis que d\u2019autres ont eu l\u2019opportunit\u00e9 de piloter aux c\u00f4t\u00e9s d\u2019un pilote de ligne professionnel.<\/mark><\/p>\n\n\n\n<figure class=\"wp-block-gallery has-nested-images columns-default is-cropped wp-block-gallery-1 is-layout-flex wp-block-gallery-is-layout-flex\">\n<figure class=\"wp-block-image size-large\"><img loading=\"lazy\" decoding=\"async\" width=\"907\" height=\"827\" data-id=\"19613\" src=\"https:\/\/etab.ac-reunion.fr\/lyc-bel-air\/wp-content\/uploads\/sites\/71\/2025\/06\/photo6.jpeg\" alt=\"\" class=\"wp-image-19613\" srcset=\"https:\/\/etab.ac-reunion.fr\/lyc-bel-air\/wp-content\/uploads\/sites\/71\/2025\/06\/photo6.jpeg 907w, https:\/\/etab.ac-reunion.fr\/lyc-bel-air\/wp-content\/uploads\/sites\/71\/2025\/06\/photo6-480x438.jpeg 480w\" sizes=\"(min-width: 0px) and (max-width: 480px) 480px, (min-width: 481px) 907px, 100vw\" \/><\/figure>\n\n\n\n<figure class=\"wp-block-image size-large\"><img loading=\"lazy\" decoding=\"async\" width=\"907\" height=\"830\" data-id=\"19614\" src=\"https:\/\/etab.ac-reunion.fr\/lyc-bel-air\/wp-content\/uploads\/sites\/71\/2025\/06\/photo7-1.jpeg\" alt=\"\" class=\"wp-image-19614\" srcset=\"https:\/\/etab.ac-reunion.fr\/lyc-bel-air\/wp-content\/uploads\/sites\/71\/2025\/06\/photo7-1.jpeg 907w, https:\/\/etab.ac-reunion.fr\/lyc-bel-air\/wp-content\/uploads\/sites\/71\/2025\/06\/photo7-1-480x439.jpeg 480w\" sizes=\"(min-width: 0px) and (max-width: 480px) 480px, (min-width: 481px) 907px, 100vw\" \/><\/figure>\n<\/figure>\n\n\n\n<p><\/p>\n\n\n\n<p><\/p>\n\n\n\n<p><mark style=\"background-color:#ffffff\" class=\"has-inline-color has-black-color\">La matin\u00e9e a d\u00e9but\u00e9 par une phase d\u2019exploration et de pr\u00e9paration, essentielle \u00e0 toute activit\u00e9 a\u00e9ronautique. Les \u00e9l\u00e8ves ont ainsi eu l&rsquo;occasion d&rsquo;examiner en profondeur l&rsquo;appareil utilis\u00e9, de comprendre son fonctionnement et de mettre en pratique les connaissances th\u00e9oriques acquises lors des formations dispens\u00e9es par M. Dalch\u00e9-Desplanels Bernard. Ces sessions, organis\u00e9es dans le cadre du Brevet d\u2019Initiation A\u00e9ronautique (BIA), ont permis aux \u00e9l\u00e8ves de mieux saisir les aspects techniques et s\u00e9curitaires li\u00e9s au vol.<\/mark><\/p>\n\n\n\n<p><\/p>\n\n\n\n<figure class=\"wp-block-gallery has-nested-images columns-default is-cropped wp-block-gallery-2 is-layout-flex wp-block-gallery-is-layout-flex\">\n<figure class=\"wp-block-image size-large\"><img loading=\"lazy\" decoding=\"async\" width=\"834\" height=\"821\" data-id=\"19615\" src=\"https:\/\/etab.ac-reunion.fr\/lyc-bel-air\/wp-content\/uploads\/sites\/71\/2025\/06\/photo1.jpeg\" alt=\"\" class=\"wp-image-19615\" srcset=\"https:\/\/etab.ac-reunion.fr\/lyc-bel-air\/wp-content\/uploads\/sites\/71\/2025\/06\/photo1.jpeg 834w, https:\/\/etab.ac-reunion.fr\/lyc-bel-air\/wp-content\/uploads\/sites\/71\/2025\/06\/photo1-480x473.jpeg 480w\" sizes=\"(min-width: 0px) and (max-width: 480px) 480px, (min-width: 481px) 834px, 100vw\" \/><\/figure>\n\n\n\n<figure class=\"wp-block-image size-large\"><img loading=\"lazy\" decoding=\"async\" width=\"908\" height=\"770\" data-id=\"19616\" src=\"https:\/\/etab.ac-reunion.fr\/lyc-bel-air\/wp-content\/uploads\/sites\/71\/2025\/06\/photo2.jpeg\" alt=\"\" class=\"wp-image-19616\" srcset=\"https:\/\/etab.ac-reunion.fr\/lyc-bel-air\/wp-content\/uploads\/sites\/71\/2025\/06\/photo2.jpeg 908w, https:\/\/etab.ac-reunion.fr\/lyc-bel-air\/wp-content\/uploads\/sites\/71\/2025\/06\/photo2-480x407.jpeg 480w\" sizes=\"(min-width: 0px) and (max-width: 480px) 480px, (min-width: 481px) 908px, 100vw\" \/><\/figure>\n\n\n\n<figure class=\"wp-block-image size-large\"><img loading=\"lazy\" decoding=\"async\" width=\"1024\" height=\"759\" data-id=\"19617\" src=\"https:\/\/etab.ac-reunion.fr\/lyc-bel-air\/wp-content\/uploads\/sites\/71\/2025\/06\/photo13-avion-cessna-172-F-GDIT-1024x759.jpeg\" alt=\"\" class=\"wp-image-19617\" srcset=\"https:\/\/etab.ac-reunion.fr\/lyc-bel-air\/wp-content\/uploads\/sites\/71\/2025\/06\/photo13-avion-cessna-172-F-GDIT-1024x759.jpeg 1024w, https:\/\/etab.ac-reunion.fr\/lyc-bel-air\/wp-content\/uploads\/sites\/71\/2025\/06\/photo13-avion-cessna-172-F-GDIT-980x726.jpeg 980w, https:\/\/etab.ac-reunion.fr\/lyc-bel-air\/wp-content\/uploads\/sites\/71\/2025\/06\/photo13-avion-cessna-172-F-GDIT-480x356.jpeg 480w\" sizes=\"(min-width: 0px) and (max-width: 480px) 480px, (min-width: 481px) and (max-width: 980px) 980px, (min-width: 981px) 1024px, 100vw\" \/><figcaption class=\"wp-element-caption\">CESSNA 172P<\/figcaption><\/figure>\n\n\n\n<figure class=\"wp-block-image size-large\"><img loading=\"lazy\" decoding=\"async\" width=\"1024\" height=\"771\" data-id=\"19618\" src=\"https:\/\/etab.ac-reunion.fr\/lyc-bel-air\/wp-content\/uploads\/sites\/71\/2025\/06\/photo20cockpitbis-1024x771.jpeg\" alt=\"\" class=\"wp-image-19618\" srcset=\"https:\/\/etab.ac-reunion.fr\/lyc-bel-air\/wp-content\/uploads\/sites\/71\/2025\/06\/photo20cockpitbis-1024x771.jpeg 1024w, https:\/\/etab.ac-reunion.fr\/lyc-bel-air\/wp-content\/uploads\/sites\/71\/2025\/06\/photo20cockpitbis-980x738.jpeg 980w, https:\/\/etab.ac-reunion.fr\/lyc-bel-air\/wp-content\/uploads\/sites\/71\/2025\/06\/photo20cockpitbis-480x362.jpeg 480w\" sizes=\"(min-width: 0px) and (max-width: 480px) 480px, (min-width: 481px) and (max-width: 980px) 980px, (min-width: 981px) 1024px, 100vw\" \/><figcaption class=\"wp-element-caption\">COCKPIT<\/figcaption><\/figure>\n\n\n\n<figure class=\"wp-block-image size-large\"><img loading=\"lazy\" decoding=\"async\" width=\"1024\" height=\"768\" data-id=\"19619\" src=\"https:\/\/etab.ac-reunion.fr\/lyc-bel-air\/wp-content\/uploads\/sites\/71\/2025\/06\/photo24carteaero-1024x768.jpeg\" alt=\"\" class=\"wp-image-19619\" srcset=\"https:\/\/etab.ac-reunion.fr\/lyc-bel-air\/wp-content\/uploads\/sites\/71\/2025\/06\/photo24carteaero-1024x768.jpeg 1024w, https:\/\/etab.ac-reunion.fr\/lyc-bel-air\/wp-content\/uploads\/sites\/71\/2025\/06\/photo24carteaero-980x735.jpeg 980w, https:\/\/etab.ac-reunion.fr\/lyc-bel-air\/wp-content\/uploads\/sites\/71\/2025\/06\/photo24carteaero-480x360.jpeg 480w\" sizes=\"(min-width: 0px) and (max-width: 480px) 480px, (min-width: 481px) and (max-width: 980px) 980px, (min-width: 981px) 1024px, 100vw\" \/><figcaption class=\"wp-element-caption\">CARTE A\u00c9RONAUTIQUE<\/figcaption><\/figure>\n\n\n\n<figure class=\"wp-block-image size-large\"><img loading=\"lazy\" decoding=\"async\" width=\"1024\" height=\"771\" data-id=\"19625\" src=\"https:\/\/etab.ac-reunion.fr\/lyc-bel-air\/wp-content\/uploads\/sites\/71\/2025\/06\/IMG_20250524_082439-1024x771.jpg\" alt=\"\" class=\"wp-image-19625\" srcset=\"https:\/\/etab.ac-reunion.fr\/lyc-bel-air\/wp-content\/uploads\/sites\/71\/2025\/06\/IMG_20250524_082439-1024x771.jpg 1024w, https:\/\/etab.ac-reunion.fr\/lyc-bel-air\/wp-content\/uploads\/sites\/71\/2025\/06\/IMG_20250524_082439-980x737.jpg 980w, https:\/\/etab.ac-reunion.fr\/lyc-bel-air\/wp-content\/uploads\/sites\/71\/2025\/06\/IMG_20250524_082439-480x361.jpg 480w\" sizes=\"(min-width: 0px) and (max-width: 480px) 480px, (min-width: 481px) and (max-width: 980px) 980px, (min-width: 981px) 1024px, 100vw\" \/><\/figure>\n\n\n\n<figure class=\"wp-block-image size-large\"><img loading=\"lazy\" decoding=\"async\" width=\"1024\" height=\"771\" data-id=\"19626\" src=\"https:\/\/etab.ac-reunion.fr\/lyc-bel-air\/wp-content\/uploads\/sites\/71\/2025\/06\/IMG_20250524_082710-1024x771.jpg\" alt=\"\" class=\"wp-image-19626\" srcset=\"https:\/\/etab.ac-reunion.fr\/lyc-bel-air\/wp-content\/uploads\/sites\/71\/2025\/06\/IMG_20250524_082710-1024x771.jpg 1024w, https:\/\/etab.ac-reunion.fr\/lyc-bel-air\/wp-content\/uploads\/sites\/71\/2025\/06\/IMG_20250524_082710-980x737.jpg 980w, https:\/\/etab.ac-reunion.fr\/lyc-bel-air\/wp-content\/uploads\/sites\/71\/2025\/06\/IMG_20250524_082710-480x361.jpg 480w\" sizes=\"(min-width: 0px) and (max-width: 480px) 480px, (min-width: 481px) and (max-width: 980px) 980px, (min-width: 981px) 1024px, 100vw\" \/><\/figure>\n<\/figure>\n\n\n\n<p><\/p>\n\n\n\n<p><mark style=\"background-color:#ffffff\" class=\"has-inline-color has-black-color\">Cet \u00e9v\u00e8nement exceptionnel a \u00e9t\u00e9 la concr\u00e9tisation de l\u2019investissement de nos jeunes passionn\u00e9s par le secteur a\u00e9ronautique. C\u2019\u00e9tait aussi une occasion unique pour tous de vivre une exp\u00e9rience enrichissante, m\u00ealant th\u00e9orie et pratique, dans un cadre convivial et s\u00e9curis\u00e9.<\/mark><\/p>\n\n\n\n<p><\/p>\n\n\n\n<figure class=\"wp-block-gallery has-nested-images columns-default is-cropped wp-block-gallery-3 is-layout-flex wp-block-gallery-is-layout-flex\">\n<figure class=\"wp-block-image size-large\"><img loading=\"lazy\" decoding=\"async\" width=\"1024\" height=\"576\" data-id=\"19628\" src=\"https:\/\/etab.ac-reunion.fr\/lyc-bel-air\/wp-content\/uploads\/sites\/71\/2025\/06\/IMG_20250524_084226-1024x576.jpg\" alt=\"\" class=\"wp-image-19628\" srcset=\"https:\/\/etab.ac-reunion.fr\/lyc-bel-air\/wp-content\/uploads\/sites\/71\/2025\/06\/IMG_20250524_084226-980x551.jpg 980w, https:\/\/etab.ac-reunion.fr\/lyc-bel-air\/wp-content\/uploads\/sites\/71\/2025\/06\/IMG_20250524_084226-480x270.jpg 480w\" sizes=\"(min-width: 0px) and (max-width: 480px) 480px, (min-width: 481px) and (max-width: 980px) 980px, (min-width: 981px) 1024px, 100vw\" \/><\/figure>\n\n\n\n<figure class=\"wp-block-image size-large\"><img loading=\"lazy\" decoding=\"async\" width=\"1024\" height=\"576\" data-id=\"19627\" src=\"https:\/\/etab.ac-reunion.fr\/lyc-bel-air\/wp-content\/uploads\/sites\/71\/2025\/06\/IMG_20250524_084233-1024x576.jpg\" alt=\"\" class=\"wp-image-19627\" srcset=\"https:\/\/etab.ac-reunion.fr\/lyc-bel-air\/wp-content\/uploads\/sites\/71\/2025\/06\/IMG_20250524_084233-980x551.jpg 980w, https:\/\/etab.ac-reunion.fr\/lyc-bel-air\/wp-content\/uploads\/sites\/71\/2025\/06\/IMG_20250524_084233-480x270.jpg 480w\" sizes=\"(min-width: 0px) and (max-width: 480px) 480px, (min-width: 481px) and (max-width: 980px) 980px, (min-width: 981px) 1024px, 100vw\" \/><\/figure>\n\n\n\n<figure class=\"wp-block-image size-large\"><img loading=\"lazy\" decoding=\"async\" width=\"1024\" height=\"771\" data-id=\"19629\" src=\"https:\/\/etab.ac-reunion.fr\/lyc-bel-air\/wp-content\/uploads\/sites\/71\/2025\/06\/IMG_20250524_111340-1024x771.jpg\" alt=\"\" class=\"wp-image-19629\" srcset=\"https:\/\/etab.ac-reunion.fr\/lyc-bel-air\/wp-content\/uploads\/sites\/71\/2025\/06\/IMG_20250524_111340-1024x771.jpg 1024w, https:\/\/etab.ac-reunion.fr\/lyc-bel-air\/wp-content\/uploads\/sites\/71\/2025\/06\/IMG_20250524_111340-980x737.jpg 980w, https:\/\/etab.ac-reunion.fr\/lyc-bel-air\/wp-content\/uploads\/sites\/71\/2025\/06\/IMG_20250524_111340-480x361.jpg 480w\" sizes=\"(min-width: 0px) and (max-width: 480px) 480px, (min-width: 481px) and (max-width: 980px) 980px, (min-width: 981px) 1024px, 100vw\" \/><\/figure>\n<\/figure>\n\n\n\n<figure class=\"wp-block-gallery has-nested-images columns-default is-cropped wp-block-gallery-4 is-layout-flex wp-block-gallery-is-layout-flex\">\n<figure class=\"wp-block-image size-large\"><img loading=\"lazy\" decoding=\"async\" width=\"896\" height=\"827\" data-id=\"19620\" src=\"https:\/\/etab.ac-reunion.fr\/lyc-bel-air\/wp-content\/uploads\/sites\/71\/2025\/06\/photo8-virage-apres-decollage.jpeg\" alt=\"Virage apr\u00e8s d\u00e9collage\n\" class=\"wp-image-19620\" srcset=\"https:\/\/etab.ac-reunion.fr\/lyc-bel-air\/wp-content\/uploads\/sites\/71\/2025\/06\/photo8-virage-apres-decollage.jpeg 896w, https:\/\/etab.ac-reunion.fr\/lyc-bel-air\/wp-content\/uploads\/sites\/71\/2025\/06\/photo8-virage-apres-decollage-480x443.jpeg 480w\" sizes=\"(min-width: 0px) and (max-width: 480px) 480px, (min-width: 481px) 896px, 100vw\" \/><figcaption class=\"wp-element-caption\">VIRAGE APR\u00c8S DECOLLAGE<\/figcaption><\/figure>\n\n\n\n<figure class=\"wp-block-image size-large\"><img loading=\"lazy\" decoding=\"async\" width=\"908\" height=\"830\" data-id=\"19621\" src=\"https:\/\/etab.ac-reunion.fr\/lyc-bel-air\/wp-content\/uploads\/sites\/71\/2025\/06\/photo9bassin-boeuf.jpeg\" alt=\"\n\" class=\"wp-image-19621\" srcset=\"https:\/\/etab.ac-reunion.fr\/lyc-bel-air\/wp-content\/uploads\/sites\/71\/2025\/06\/photo9bassin-boeuf.jpeg 908w, https:\/\/etab.ac-reunion.fr\/lyc-bel-air\/wp-content\/uploads\/sites\/71\/2025\/06\/photo9bassin-boeuf-480x439.jpeg 480w\" sizes=\"(min-width: 0px) and (max-width: 480px) 480px, (min-width: 481px) 908px, 100vw\" \/><figcaption class=\"wp-element-caption\">BASSIN BOEUF<\/figcaption><\/figure>\n\n\n\n<figure class=\"wp-block-image size-large\"><img loading=\"lazy\" decoding=\"async\" width=\"897\" height=\"794\" data-id=\"19623\" src=\"https:\/\/etab.ac-reunion.fr\/lyc-bel-air\/wp-content\/uploads\/sites\/71\/2025\/06\/photo10cascadeblanche.jpeg\" alt=\"\n\" class=\"wp-image-19623\" srcset=\"https:\/\/etab.ac-reunion.fr\/lyc-bel-air\/wp-content\/uploads\/sites\/71\/2025\/06\/photo10cascadeblanche.jpeg 897w, https:\/\/etab.ac-reunion.fr\/lyc-bel-air\/wp-content\/uploads\/sites\/71\/2025\/06\/photo10cascadeblanche-480x425.jpeg 480w\" sizes=\"(min-width: 0px) and (max-width: 480px) 480px, (min-width: 481px) 897px, 100vw\" \/><figcaption class=\"wp-element-caption\">CASCADE BLANCHE<\/figcaption><\/figure>\n\n\n\n<figure class=\"wp-block-image size-large\"><img loading=\"lazy\" decoding=\"async\" width=\"893\" height=\"836\" data-id=\"19622\" src=\"https:\/\/etab.ac-reunion.fr\/lyc-bel-air\/wp-content\/uploads\/sites\/71\/2025\/06\/photo11grandetang.jpeg\" alt=\"\" class=\"wp-image-19622\" srcset=\"https:\/\/etab.ac-reunion.fr\/lyc-bel-air\/wp-content\/uploads\/sites\/71\/2025\/06\/photo11grandetang.jpeg 893w, https:\/\/etab.ac-reunion.fr\/lyc-bel-air\/wp-content\/uploads\/sites\/71\/2025\/06\/photo11grandetang-480x449.jpeg 480w\" sizes=\"(min-width: 0px) and (max-width: 480px) 480px, (min-width: 481px) 893px, 100vw\" \/><figcaption class=\"wp-element-caption\">GRAND \u00c9TANG<\/figcaption><\/figure>\n\n\n\n<figure class=\"wp-block-image size-large\"><img loading=\"lazy\" decoding=\"async\" width=\"907\" height=\"839\" data-id=\"19624\" src=\"https:\/\/etab.ac-reunion.fr\/lyc-bel-air\/wp-content\/uploads\/sites\/71\/2025\/06\/photo12stbenoit.jpeg\" alt=\"\" class=\"wp-image-19624\" srcset=\"https:\/\/etab.ac-reunion.fr\/lyc-bel-air\/wp-content\/uploads\/sites\/71\/2025\/06\/photo12stbenoit.jpeg 907w, https:\/\/etab.ac-reunion.fr\/lyc-bel-air\/wp-content\/uploads\/sites\/71\/2025\/06\/photo12stbenoit-480x444.jpeg 480w\" sizes=\"(min-width: 0px) and (max-width: 480px) 480px, (min-width: 481px) 907px, 100vw\" \/><figcaption class=\"wp-element-caption\">SAINT-BENO\u00cfT<\/figcaption><\/figure>\n<\/figure>\n\n\n\n<p><\/p>\n\n\n\n<p><mark style=\"background-color:#ffffff\" class=\"has-inline-color has-black-color\">Nous remercions chaleureusement<strong> l\u2019A\u00e9roclub Roland Garros <\/strong>pour leur collaboration et leur professionnalisme, ainsi que tous les participants pour leur enthousiasme. Cette manifestation illustre parfaitement la volont\u00e9 de notre lyc\u00e9e d\u2019offrir \u00e0 nos \u00e9l\u00e8ves des activit\u00e9s p\u00e9dagogiques innovantes, leur permettant d\u2019\u00e9largir leurs horizons et de d\u00e9couvrir de nouvelles passions.<\/mark><\/p>\n\n\n\n<p><\/p>\n\n\n\n<p><mark style=\"background-color:#ffffff\" class=\"has-inline-color has-black-color\"><strong>Le BIA se poursuit l\u2019ann\u00e9e scolaire prochaine , afin de continuer \u00e0 inspirer la jeunesse et \u00e0 promouvoir la culture a\u00e9ronautique au sein de notre \u00e9tablissement.&nbsp; Jeunes et moins jeunes, n&rsquo;h\u00e9sitez pas \u00e0 vous inscrire<\/strong><\/mark> !<\/p>\n<!-- AddThis Advanced Settings generic via filter on the_content --><!-- AddThis Share Buttons generic via filter on the_content -->","protected":false},"excerpt":{"rendered":"<p>Le samedi 24 mai 2025, le lyc\u00e9e a offert \u00e0 ses \u00e9l\u00e8ves une exp\u00e9rience inoubliable en partenariat avec l\u2019A\u00e9roclub ROLAND GARROS : un survol de l\u2019\u00eele, m\u00ealant d\u00e9couverte, initiation et plaisir de l\u2019aviation. Cet \u00e9v\u00e9nement a permis \u00e0 certains de vivre leur tout premier bapt\u00eame de l\u2019air, tandis que d\u2019autres ont eu l\u2019opportunit\u00e9 de piloter [&hellip;]<!-- AddThis Advanced Settings generic via filter on get_the_excerpt --><!-- AddThis Share Buttons generic via filter on get_the_excerpt --><\/p>\n","protected":false},"author":20269,"featured_media":19611,"comment_status":"closed","ping_status":"closed","sticky":false,"template":"","format":"standard","meta":{"_et_pb_use_builder":"off","_et_pb_old_content":"","_et_gb_content_width":"","footnotes":"","_links_to":"","_links_to_target":""},"categories":[6,76,39,119,161,220,191,35,173,189],"tags":[274,179],"class_list":["post-19609","post","type-post","status-publish","format-standard","has-post-thumbnail","hentry","category-a-afficher-sur-la-page-daccueil","category-actions-des-eleves","category-actualites","category-actualites-vie-scolaire","category-brevet-dinitiation-aeronautique-bia","category-evenement","category-la-vie-au-lycee","category-le-projet-detablissement","category-les-projets","category-site-web-2022","tag-aeronautique","tag-bia"],"_links":{"self":[{"href":"https:\/\/etab.ac-reunion.fr\/lyc-bel-air\/wp-json\/wp\/v2\/posts\/19609","targetHints":{"allow":["GET"]}}],"collection":[{"href":"https:\/\/etab.ac-reunion.fr\/lyc-bel-air\/wp-json\/wp\/v2\/posts"}],"about":[{"href":"https:\/\/etab.ac-reunion.fr\/lyc-bel-air\/wp-json\/wp\/v2\/types\/post"}],"author":[{"embeddable":true,"href":"https:\/\/etab.ac-reunion.fr\/lyc-bel-air\/wp-json\/wp\/v2\/users\/20269"}],"replies":[{"embeddable":true,"href":"https:\/\/etab.ac-reunion.fr\/lyc-bel-air\/wp-json\/wp\/v2\/comments?post=19609"}],"version-history":[{"count":10,"href":"https:\/\/etab.ac-reunion.fr\/lyc-bel-air\/wp-json\/wp\/v2\/posts\/19609\/revisions"}],"predecessor-version":[{"id":19642,"href":"https:\/\/etab.ac-reunion.fr\/lyc-bel-air\/wp-json\/wp\/v2\/posts\/19609\/revisions\/19642"}],"wp:featuredmedia":[{"embeddable":true,"href":"https:\/\/etab.ac-reunion.fr\/lyc-bel-air\/wp-json\/wp\/v2\/media\/19611"}],"wp:attachment":[{"href":"https:\/\/etab.ac-reunion.fr\/lyc-bel-air\/wp-json\/wp\/v2\/media?parent=19609"}],"wp:term":[{"taxonomy":"category","embeddable":true,"href":"https:\/\/etab.ac-reunion.fr\/lyc-bel-air\/wp-json\/wp\/v2\/categories?post=19609"},{"taxonomy":"post_tag","embeddable":true,"href":"https:\/\/etab.ac-reunion.fr\/lyc-bel-air\/wp-json\/wp\/v2\/tags?post=19609"}],"curies":[{"name":"wp","href":"https:\/\/api.w.org\/{rel}","templated":true}]}}