{"id":19791,"date":"2025-09-24T22:36:01","date_gmt":"2025-09-24T18:36:01","guid":{"rendered":"https:\/\/etab.ac-reunion.fr\/lyc-bel-air\/?p=19791"},"modified":"2025-12-12T08:36:13","modified_gmt":"2025-12-12T04:36:13","slug":"%f0%9f%8c%8d-erasmus-2025-une-ouverture-europeenne-pour-nos-eleves-et-enseignants","status":"publish","type":"post","link":"https:\/\/etab.ac-reunion.fr\/lyc-bel-air\/2025\/09\/24\/%f0%9f%8c%8d-erasmus-2025-une-ouverture-europeenne-pour-nos-eleves-et-enseignants\/","title":{"rendered":"\ud83c\udf0d Erasmus 2025 : une ouverture europ\u00e9enne pour nos \u00e9l\u00e8ves et enseignants"},"content":{"rendered":"\n<h1 class=\"wp-block-heading\"><\/h1>\n\n\n\n<p class=\"has-black-color has-text-color has-link-color wp-elements-8cac3f8a2be20cf761394a859b0fca8d\">En mai et juin 2025, notre lyc\u00e9e a v\u00e9cu au rythme des <strong>mobilit\u00e9s Erasmus+<\/strong>.<\/p>\n\n\n\n<ul class=\"wp-block-list has-black-color has-text-color has-link-color wp-elements-972739f74d7531cc795ec0d0f742432d\">\n<li class=\"has-black-color has-text-color has-link-color wp-elements-8943f283ffe8e63370859b9593907759\"><strong>Enseignants<\/strong> : des coll\u00e8gues sont partis en <strong>Job Shadowing en Finlande (Helsinki)<\/strong> et en <strong>formation linguistique en Irlande (Galway)<\/strong>.<\/li>\n\n\n\n<li><strong>\u00c9l\u00e8ves<\/strong> : treize \u00e9l\u00e8ves de Seconde ont r\u00e9alis\u00e9 un <strong>stage d\u2019observation \u00e0 Valence, en Espagne<\/strong>, d\u00e9couvrant le monde professionnel et la richesse culturelle locale.<\/li>\n<\/ul>\n\n\n\n<p class=\"has-black-color has-text-color has-link-color wp-elements-715e35be2aa5c203bde6f18fe74495ce\">Ces exp\u00e9riences ont permis de d\u00e9velopper les comp\u00e9tences, de renforcer l\u2019anglais et surtout de vivre l\u2019<strong>interculturalit\u00e9<\/strong>, au c\u0153ur du projet Erasmus+.<\/p>\n\n\n\n<p class=\"has-black-color has-text-color has-link-color wp-elements-66c7968f2f99982c66f166e72c8d2789\"><em>\ud83d\udcc4 D\u00e9couvrez le t\u00e9moignage complet d\u2019une \u00e9l\u00e8ve, <strong>Valmont-tetia Rihanna<\/strong>, dans le [PDF joint]<\/em><\/p>\n\n\n\n<div data-wp-interactive=\"core\/file\" class=\"wp-block-file\"><object data-wp-bind--hidden=\"!state.hasPdfPreview\" hidden class=\"wp-block-file__embed\" data=\"https:\/\/etab.ac-reunion.fr\/lyc-bel-air\/wp-content\/uploads\/sites\/71\/2025\/09\/ERAMUS-2025.pdf\" type=\"application\/pdf\" style=\"width:100%;height:600px\" aria-label=\"Contenu embarqu\u00e9 ERAMUS 2025+.\"><\/object><a id=\"wp-block-file--media-a8b9a3d4-cb1e-4665-bae6-ca8faf5f9787\" href=\"https:\/\/etab.ac-reunion.fr\/lyc-bel-air\/wp-content\/uploads\/sites\/71\/2025\/09\/ERAMUS-2025.pdf\">ERAMUS 2025+<\/a><a href=\"https:\/\/etab.ac-reunion.fr\/lyc-bel-air\/wp-content\/uploads\/sites\/71\/2025\/09\/ERAMUS-2025.pdf\" class=\"wp-block-file__button wp-element-button\" download aria-describedby=\"wp-block-file--media-a8b9a3d4-cb1e-4665-bae6-ca8faf5f9787\">T\u00e9l\u00e9charger<\/a><\/div>\n<!-- AddThis Advanced Settings generic via filter on the_content --><!-- AddThis Share Buttons generic via filter on the_content -->","protected":false},"excerpt":{"rendered":"<p>En mai et juin 2025, notre lyc\u00e9e a v\u00e9cu au rythme des mobilit\u00e9s Erasmus+. Ces exp\u00e9riences ont permis de d\u00e9velopper les comp\u00e9tences, de renforcer l\u2019anglais et surtout de vivre l\u2019interculturalit\u00e9, au c\u0153ur du projet Erasmus+. \ud83d\udcc4 D\u00e9couvrez le t\u00e9moignage complet d\u2019une \u00e9l\u00e8ve, Valmont-tetia Rihanna, dans le [PDF joint]<!-- AddThis Advanced Settings generic via filter on get_the_excerpt --><!-- AddThis Share Buttons generic via filter on get_the_excerpt --><\/p>\n","protected":false},"author":28281,"featured_media":19796,"comment_status":"closed","ping_status":"closed","sticky":false,"template":"","format":"standard","meta":{"_et_pb_use_builder":"off","_et_pb_old_content":"","_et_gb_content_width":"","footnotes":"","_links_to":"","_links_to_target":""},"categories":[6,39,210,189],"tags":[],"class_list":["post-19791","post","type-post","status-publish","format-standard","has-post-thumbnail","hentry","category-a-afficher-sur-la-page-daccueil","category-actualites","category-erasmus","category-site-web-2022"],"_links":{"self":[{"href":"https:\/\/etab.ac-reunion.fr\/lyc-bel-air\/wp-json\/wp\/v2\/posts\/19791","targetHints":{"allow":["GET"]}}],"collection":[{"href":"https:\/\/etab.ac-reunion.fr\/lyc-bel-air\/wp-json\/wp\/v2\/posts"}],"about":[{"href":"https:\/\/etab.ac-reunion.fr\/lyc-bel-air\/wp-json\/wp\/v2\/types\/post"}],"author":[{"embeddable":true,"href":"https:\/\/etab.ac-reunion.fr\/lyc-bel-air\/wp-json\/wp\/v2\/users\/28281"}],"replies":[{"embeddable":true,"href":"https:\/\/etab.ac-reunion.fr\/lyc-bel-air\/wp-json\/wp\/v2\/comments?post=19791"}],"version-history":[{"count":2,"href":"https:\/\/etab.ac-reunion.fr\/lyc-bel-air\/wp-json\/wp\/v2\/posts\/19791\/revisions"}],"predecessor-version":[{"id":19795,"href":"https:\/\/etab.ac-reunion.fr\/lyc-bel-air\/wp-json\/wp\/v2\/posts\/19791\/revisions\/19795"}],"wp:featuredmedia":[{"embeddable":true,"href":"https:\/\/etab.ac-reunion.fr\/lyc-bel-air\/wp-json\/wp\/v2\/media\/19796"}],"wp:attachment":[{"href":"https:\/\/etab.ac-reunion.fr\/lyc-bel-air\/wp-json\/wp\/v2\/media?parent=19791"}],"wp:term":[{"taxonomy":"category","embeddable":true,"href":"https:\/\/etab.ac-reunion.fr\/lyc-bel-air\/wp-json\/wp\/v2\/categories?post=19791"},{"taxonomy":"post_tag","embeddable":true,"href":"https:\/\/etab.ac-reunion.fr\/lyc-bel-air\/wp-json\/wp\/v2\/tags?post=19791"}],"curies":[{"name":"wp","href":"https:\/\/api.w.org\/{rel}","templated":true}]}}