{"id":19875,"date":"2025-10-14T16:30:49","date_gmt":"2025-10-14T12:30:49","guid":{"rendered":"https:\/\/etab.ac-reunion.fr\/lyc-bel-air\/?p=19875"},"modified":"2025-10-14T16:30:49","modified_gmt":"2025-10-14T12:30:49","slug":"%f0%9f%8f%97%ef%b8%8f-les-coulisses-du-batiment-2025","status":"publish","type":"post","link":"https:\/\/etab.ac-reunion.fr\/lyc-bel-air\/2025\/10\/14\/%f0%9f%8f%97%ef%b8%8f-les-coulisses-du-batiment-2025\/","title":{"rendered":"\ud83c\udfd7\ufe0f Les Coulisses du B\u00e2timent 2025"},"content":{"rendered":"\n<hr class=\"wp-block-separator has-alpha-channel-opacity\" \/>\n\n\n\n<h2 class=\"wp-block-heading\">Une exp\u00e9rience inspirante pour notre BTS EBCR<\/h2>\n\n\n\n<p class=\"has-black-color has-text-color has-link-color wp-elements-6177e8300b6c419c7eac06435398b58f\">Cette ann\u00e9e, \u00e0 l\u2019occasion des <strong>Coulisses du B\u00e2timent 2025<\/strong>, nous avons eu la chance de repr\u00e9senter notre section <strong>BTS Enveloppe des B\u00e2timents : Conception et R\u00e9alisation (EBCR)<\/strong>.<br>Trois d\u2019entre nous \u2013 <strong>Chaka, Yohannes et Gauri<\/strong> \u2013 ont tenu un <strong>stand<\/strong> pour pr\u00e9senter la formation aux visiteurs. Nous avons rencontr\u00e9 des lyc\u00e9ens du <strong>Lyc\u00e9e Roland Garros<\/strong>, du <strong>Lyc\u00e9e Jean Hinglo<\/strong>, ainsi que nos camarades de <strong>STI2D AC<\/strong> qui participaient \u00e0 la <strong>visite de chantier<\/strong> organis\u00e9e sur place.<\/p>\n\n\n\n<p class=\"has-black-color has-text-color has-link-color wp-elements-3017774d4cabbdafd5fad096193600e0\">\ud83e\uddf1 <strong>La visite du chantier EPSMR de Saint-Paul<\/strong> a \u00e9t\u00e9 un moment fort. Accompagn\u00e9s par un <strong>conducteur de travaux<\/strong> et un <strong>chef de chantier<\/strong>, nous avons d\u00e9couvert l\u2019organisation, la s\u00e9curit\u00e9 et la coordination des m\u00e9tiers sur un chantier r\u00e9el.<\/p>\n\n\n\n<p class=\"has-black-color has-text-color has-link-color wp-elements-a5c2ef7d29e10d43617386e6747e1335\">Le chef de chantier nous a dit une phrase qui nous a marqu\u00e9s :<\/p>\n\n\n\n<p class=\"has-black-color has-text-color has-link-color wp-elements-26a16ba1ba84db503a4459ef9d950c36\"><em>\u00ab Profitez \u00e0 fond de votre formation, car le b\u00e2timent aura vraiment besoin de jeunes R\u00e9unionnais motiv\u00e9s. Une g\u00e9n\u00e9ration, celle qui a construit notre \u00eele, va bient\u00f4t partir \u00e0 la retraite. \u00c0 vous de prendre la rel\u00e8ve, de prendre La R\u00e9union en main et d\u2019accompagner son \u00e9volution \u2014 avec l\u2019\u00e9cologie, la rapidit\u00e9 d\u2019ex\u00e9cution, la modernisation et les nouvelles technologies. Tous les chantiers se ressemblent parfois, mais aucun ne se construit exactement pareil : \u00e0 chaque projet, on se forge de nouvelles exp\u00e9riences. \u00bb<\/em><\/p>\n\n\n\n<p class=\"has-black-color has-text-color has-link-color wp-elements-ec4ec87fde9c3d45d0195b5b5153a35a\">\ud83d\udc77 <strong>C\u00f4t\u00e9 entreprises<\/strong>, nous avons \u00e9chang\u00e9 sur le <strong>stand de GTOI<\/strong> avec des personnels du <strong>recrutement<\/strong> : pr\u00e9sentation des m\u00e9tiers, des parcours possibles et des opportunit\u00e9s en <strong>alternance<\/strong> (jusqu\u2019\u00e0 la <strong>licence pro<\/strong>).<br>\ud83e\udd1d <strong>Un stand d\u2019int\u00e9rim<\/strong> \u00e9tait \u00e9galement pr\u00e9sent : les conseillers nous ont expliqu\u00e9 les <strong>d\u00e9marches pour s\u2019inscrire<\/strong>, les <strong>types de missions<\/strong> accessibles aux \u00e9tudiants (vacances \/ week-ends) et comment ces exp\u00e9riences peuvent aider \u00e0 <strong>mettre un pied dans la vie active<\/strong>.<\/p>\n\n\n\n<p class=\"has-black-color has-text-color has-link-color wp-elements-8cae77d7c961fbc0c6fbfee31c060af0\">\ud83d\udd25 Malgr\u00e9 la <strong>chaleur<\/strong> et le <strong>soleil de l\u2019Ouest<\/strong>, la journ\u00e9e a \u00e9t\u00e9 <strong>tr\u00e8s enrichissante<\/strong>. Nous repartons motiv\u00e9s, avec une vision plus claire de notre avenir et la certitude que le <strong>BTP \u00e0 La R\u00e9union<\/strong> offre de belles perspectives. \ud83d\udcaa\ud83c\udfd7\ufe0f\ud83c\udf34<\/p>\n\n\n\n<p class=\"has-black-color has-text-color has-link-color has-medium-font-size wp-elements-114c3e1a761c2ea69e3e3ac17d6e7fa7\">#BTSEBCR<\/p>\n\n\n\n<hr class=\"wp-block-separator has-alpha-channel-opacity\" \/>\n\n\n\n<figure class=\"wp-block-embed is-type-video is-provider-youtube wp-block-embed-youtube wp-embed-aspect-9-16 wp-has-aspect-ratio\"><div class=\"wp-block-embed__wrapper\">\n<iframe loading=\"lazy\" title=\"14 octobre 2025\" width=\"563\" height=\"1000\" src=\"https:\/\/www.youtube.com\/embed\/o2yaDnc_WLI?feature=oembed\"  allow=\"accelerometer; autoplay; clipboard-write; encrypted-media; gyroscope; picture-in-picture; web-share\" referrerpolicy=\"strict-origin-when-cross-origin\" allowfullscreen><\/iframe>\n<\/div><\/figure>\n\n\n\n<p><\/p>\n<!-- AddThis Advanced Settings generic via filter on the_content --><!-- AddThis Share Buttons generic via filter on the_content -->","protected":false},"excerpt":{"rendered":"<p>Une exp\u00e9rience inspirante pour notre BTS EBCR Cette ann\u00e9e, \u00e0 l\u2019occasion des Coulisses du B\u00e2timent 2025, nous avons eu la chance de repr\u00e9senter notre section BTS Enveloppe des B\u00e2timents : Conception et R\u00e9alisation (EBCR).Trois d\u2019entre nous \u2013 Chaka, Yohannes et Gauri \u2013 ont tenu un stand pour pr\u00e9senter la formation aux visiteurs. Nous avons rencontr\u00e9 [&hellip;]<!-- AddThis Advanced Settings generic via filter on get_the_excerpt --><!-- AddThis Share Buttons generic via filter on get_the_excerpt --><\/p>\n","protected":false},"author":17512,"featured_media":19876,"comment_status":"closed","ping_status":"closed","sticky":false,"template":"","format":"standard","meta":{"_et_pb_use_builder":"off","_et_pb_old_content":"","_et_gb_content_width":"","footnotes":"","_links_to":"","_links_to_target":""},"categories":[6,39,7,221],"tags":[],"class_list":["post-19875","post","type-post","status-publish","format-standard","has-post-thumbnail","hentry","category-a-afficher-sur-la-page-daccueil","category-actualites","category-afficher-sur-slider","category-bts-ebcr"],"_links":{"self":[{"href":"https:\/\/etab.ac-reunion.fr\/lyc-bel-air\/wp-json\/wp\/v2\/posts\/19875","targetHints":{"allow":["GET"]}}],"collection":[{"href":"https:\/\/etab.ac-reunion.fr\/lyc-bel-air\/wp-json\/wp\/v2\/posts"}],"about":[{"href":"https:\/\/etab.ac-reunion.fr\/lyc-bel-air\/wp-json\/wp\/v2\/types\/post"}],"author":[{"embeddable":true,"href":"https:\/\/etab.ac-reunion.fr\/lyc-bel-air\/wp-json\/wp\/v2\/users\/17512"}],"replies":[{"embeddable":true,"href":"https:\/\/etab.ac-reunion.fr\/lyc-bel-air\/wp-json\/wp\/v2\/comments?post=19875"}],"version-history":[{"count":2,"href":"https:\/\/etab.ac-reunion.fr\/lyc-bel-air\/wp-json\/wp\/v2\/posts\/19875\/revisions"}],"predecessor-version":[{"id":19878,"href":"https:\/\/etab.ac-reunion.fr\/lyc-bel-air\/wp-json\/wp\/v2\/posts\/19875\/revisions\/19878"}],"wp:featuredmedia":[{"embeddable":true,"href":"https:\/\/etab.ac-reunion.fr\/lyc-bel-air\/wp-json\/wp\/v2\/media\/19876"}],"wp:attachment":[{"href":"https:\/\/etab.ac-reunion.fr\/lyc-bel-air\/wp-json\/wp\/v2\/media?parent=19875"}],"wp:term":[{"taxonomy":"category","embeddable":true,"href":"https:\/\/etab.ac-reunion.fr\/lyc-bel-air\/wp-json\/wp\/v2\/categories?post=19875"},{"taxonomy":"post_tag","embeddable":true,"href":"https:\/\/etab.ac-reunion.fr\/lyc-bel-air\/wp-json\/wp\/v2\/tags?post=19875"}],"curies":[{"name":"wp","href":"https:\/\/api.w.org\/{rel}","templated":true}]}}