{"id":20079,"date":"2025-11-22T11:16:11","date_gmt":"2025-11-22T07:16:11","guid":{"rendered":"https:\/\/etab.ac-reunion.fr\/lyc-bel-air\/?p=20079"},"modified":"2025-11-22T11:20:41","modified_gmt":"2025-11-22T07:20:41","slug":"120-annees-de-la-laicite-un-principe-toujours-fondamental","status":"publish","type":"post","link":"https:\/\/etab.ac-reunion.fr\/lyc-bel-air\/2025\/11\/22\/120-annees-de-la-laicite-un-principe-toujours-fondamental\/","title":{"rendered":"120 ann\u00e9es de la la\u00efcit\u00e9 : un principe toujours fondamental"},"content":{"rendered":"\n<p class=\"has-text-align-center has-vivid-red-color has-text-color has-link-color has-large-font-size wp-elements-c08fc7575ad6fb7b45106f138b85183d\"><strong>SEMAINE DE LA LA\u00cfCITE <\/strong><\/p>\n\n\n\n<p class=\"has-text-align-center has-vivid-red-color has-text-color has-link-color has-large-font-size wp-elements-12e34020b7f05b92f534227eb57f180a\"><strong>DU 1er AU 9 d\u00e9cembre<\/strong><\/p>\n\n\n\n<p class=\"has-text-align-center has-vivid-red-color has-text-color has-link-color has-large-font-size wp-elements-1825c12c190c1e9b31f0f68f8cecd907\"><strong> 2025 au lyc\u00e9e<\/strong><\/p>\n\n\n\n<p class=\"has-text-align-center\"><a href=\"https:\/\/www.interieur.gouv.fr\/laicite-120-ans\">120 ann\u00e9es de la\u00efcit\u00e9 : la force d\u2019une loi au c\u0153ur de la R\u00e9publique | Minist\u00e8re de l&rsquo;Int\u00e9rieur<\/a><\/p>\n\n\n\n<figure class=\"wp-block-image size-large\"><img loading=\"lazy\" decoding=\"async\" width=\"1024\" height=\"321\" src=\"https:\/\/etab.ac-reunion.fr\/lyc-bel-air\/wp-content\/uploads\/sites\/71\/2025\/11\/Capture-decran_22-11-2025_11104_www.laicite.gouv_.fr_-1024x321.jpeg\" alt=\"\" class=\"wp-image-20081\" srcset=\"https:\/\/etab.ac-reunion.fr\/lyc-bel-air\/wp-content\/uploads\/sites\/71\/2025\/11\/Capture-decran_22-11-2025_11104_www.laicite.gouv_.fr_-980x307.jpeg 980w, https:\/\/etab.ac-reunion.fr\/lyc-bel-air\/wp-content\/uploads\/sites\/71\/2025\/11\/Capture-decran_22-11-2025_11104_www.laicite.gouv_.fr_-480x151.jpeg 480w\" sizes=\"(min-width: 0px) and (max-width: 480px) 480px, (min-width: 481px) and (max-width: 980px) 980px, (min-width: 981px) 1024px, 100vw\" \/><\/figure>\n<!-- AddThis Advanced Settings generic via filter on the_content --><!-- AddThis Share Buttons generic via filter on the_content -->","protected":false},"excerpt":{"rendered":"<p>SEMAINE DE LA LA\u00cfCITE DU 1er AU 9 d\u00e9cembre 2025 au lyc\u00e9e 120 ann\u00e9es de la\u00efcit\u00e9 : la force d\u2019une loi au c\u0153ur de la R\u00e9publique | Minist\u00e8re de l&rsquo;Int\u00e9rieur<!-- AddThis Advanced Settings generic via filter on get_the_excerpt --><!-- AddThis Share Buttons generic via filter on get_the_excerpt --><\/p>\n","protected":false},"author":20269,"featured_media":20081,"comment_status":"closed","ping_status":"closed","sticky":false,"template":"","format":"standard","meta":{"_et_pb_use_builder":"off","_et_pb_old_content":"","_et_gb_content_width":"","footnotes":"","_links_to":"","_links_to_target":""},"categories":[6,121,39,119,92,40,11,56,118,12,14,219,187,194,191,4,35,196,122,189,186],"tags":[],"class_list":["post-20079","post","type-post","status-publish","format-standard","has-post-thumbnail","hentry","category-a-afficher-sur-la-page-daccueil","category-actualites-cvl","category-actualites","category-actualites-vie-scolaire","category-administration","category-ancien-site","category-association-sportive","category-bts","category-conseil-vie-lyceenne","category-espaces-prives","category-eps","category-evenements","category-evenements-a-venir","category-letablissement","category-la-vie-au-lycee","category-presentation-du-lycee","category-le-projet-detablissement","category-les-espaces","category-projet-cvl","category-site-web-2022","category-une-actualites"],"_links":{"self":[{"href":"https:\/\/etab.ac-reunion.fr\/lyc-bel-air\/wp-json\/wp\/v2\/posts\/20079","targetHints":{"allow":["GET"]}}],"collection":[{"href":"https:\/\/etab.ac-reunion.fr\/lyc-bel-air\/wp-json\/wp\/v2\/posts"}],"about":[{"href":"https:\/\/etab.ac-reunion.fr\/lyc-bel-air\/wp-json\/wp\/v2\/types\/post"}],"author":[{"embeddable":true,"href":"https:\/\/etab.ac-reunion.fr\/lyc-bel-air\/wp-json\/wp\/v2\/users\/20269"}],"replies":[{"embeddable":true,"href":"https:\/\/etab.ac-reunion.fr\/lyc-bel-air\/wp-json\/wp\/v2\/comments?post=20079"}],"version-history":[{"count":1,"href":"https:\/\/etab.ac-reunion.fr\/lyc-bel-air\/wp-json\/wp\/v2\/posts\/20079\/revisions"}],"predecessor-version":[{"id":20082,"href":"https:\/\/etab.ac-reunion.fr\/lyc-bel-air\/wp-json\/wp\/v2\/posts\/20079\/revisions\/20082"}],"wp:featuredmedia":[{"embeddable":true,"href":"https:\/\/etab.ac-reunion.fr\/lyc-bel-air\/wp-json\/wp\/v2\/media\/20081"}],"wp:attachment":[{"href":"https:\/\/etab.ac-reunion.fr\/lyc-bel-air\/wp-json\/wp\/v2\/media?parent=20079"}],"wp:term":[{"taxonomy":"category","embeddable":true,"href":"https:\/\/etab.ac-reunion.fr\/lyc-bel-air\/wp-json\/wp\/v2\/categories?post=20079"},{"taxonomy":"post_tag","embeddable":true,"href":"https:\/\/etab.ac-reunion.fr\/lyc-bel-air\/wp-json\/wp\/v2\/tags?post=20079"}],"curies":[{"name":"wp","href":"https:\/\/api.w.org\/{rel}","templated":true}]}}