{"id":20224,"date":"2025-12-10T07:30:48","date_gmt":"2025-12-10T03:30:48","guid":{"rendered":"https:\/\/etab.ac-reunion.fr\/lyc-bel-air\/?p=20224"},"modified":"2025-12-10T07:30:49","modified_gmt":"2025-12-10T03:30:49","slug":"lesiroi-est-venue-a-notre-rencontre-le-futur-de-lingenierie-au-coeur-des-cordees-de-la-reussite","status":"publish","type":"post","link":"https:\/\/etab.ac-reunion.fr\/lyc-bel-air\/2025\/12\/10\/lesiroi-est-venue-a-notre-rencontre-le-futur-de-lingenierie-au-coeur-des-cordees-de-la-reussite\/","title":{"rendered":"L&rsquo;ESIROI EST VENUE \u00c0 NOTRE RENCONTRE : Le futur de l&rsquo;ing\u00e9nierie au c\u0153ur des Cord\u00e9es de la R\u00e9ussite"},"content":{"rendered":"\n<figure class=\"wp-block-image size-large\"><img loading=\"lazy\" decoding=\"async\" width=\"1024\" height=\"767\" src=\"https:\/\/etab.ac-reunion.fr\/lyc-bel-air\/wp-content\/uploads\/sites\/71\/2025\/12\/image-6-1024x767.png\" alt=\"\" class=\"wp-image-20225\" srcset=\"https:\/\/etab.ac-reunion.fr\/lyc-bel-air\/wp-content\/uploads\/sites\/71\/2025\/12\/image-6-1024x767.png 1024w, https:\/\/etab.ac-reunion.fr\/lyc-bel-air\/wp-content\/uploads\/sites\/71\/2025\/12\/image-6-980x734.png 980w, https:\/\/etab.ac-reunion.fr\/lyc-bel-air\/wp-content\/uploads\/sites\/71\/2025\/12\/image-6-480x360.png 480w\" sizes=\"(min-width: 0px) and (max-width: 480px) 480px, (min-width: 481px) and (max-width: 980px) 980px, (min-width: 981px) 1024px, 100vw\" \/><\/figure>\n\n\n\n<p>L&rsquo;ambition et l&rsquo;orientation ont r\u00e9cemment \u00e9t\u00e9 mises \u00e0 l&rsquo;honneur dans notre \u00e9tablissement ! C&rsquo;est en effet le <strong>Mardi 2 d\u00e9cembre dernier, \u00e0 10h30<\/strong>, que notre lyc\u00e9e a eu le privil\u00e8ge d&rsquo;accueillir <strong>Monsieur Amangoua<\/strong>, repr\u00e9sentant de l&rsquo;<strong>ESIROI (\u00c9cole Sup\u00e9rieure d&rsquo;Ing\u00e9nieurs R\u00e9union Oc\u00e9an Indien)<\/strong>.<\/p>\n\n\n\n<p>Mais cette venue a pris une dimension particuli\u00e8rement inspirante : Monsieur Amangoua \u00e9tait accompagn\u00e9 de <strong>deux anciens \u00e9l\u00e8ves de notre lyc\u00e9e<\/strong>, actuellement \u00e9tudiants \u00e0 l&rsquo;ESIROI !<\/p>\n\n\n\n<p>Cette rencontre, inscrite dans le cadre dynamique du dispositif national des <strong>\u00ab Cord\u00e9es de la R\u00e9ussite \u00bb<\/strong>, a permis non seulement d&rsquo;obtenir des informations pr\u00e9cises sur l&rsquo;\u00e9cole, mais aussi de b\u00e9n\u00e9ficier d&rsquo;un t\u00e9moignage concret sur la transition lyc\u00e9e-\u00e9tudes sup\u00e9rieures.<\/p>\n\n\n\n<figure class=\"wp-block-image size-large\"><img loading=\"lazy\" decoding=\"async\" width=\"1024\" height=\"767\" src=\"https:\/\/etab.ac-reunion.fr\/lyc-bel-air\/wp-content\/uploads\/sites\/71\/2025\/12\/image-8-1024x767.png\" alt=\"\" class=\"wp-image-20227\" srcset=\"https:\/\/etab.ac-reunion.fr\/lyc-bel-air\/wp-content\/uploads\/sites\/71\/2025\/12\/image-8-1024x767.png 1024w, https:\/\/etab.ac-reunion.fr\/lyc-bel-air\/wp-content\/uploads\/sites\/71\/2025\/12\/image-8-980x734.png 980w, https:\/\/etab.ac-reunion.fr\/lyc-bel-air\/wp-content\/uploads\/sites\/71\/2025\/12\/image-8-480x360.png 480w\" sizes=\"(min-width: 0px) and (max-width: 480px) 480px, (min-width: 481px) and (max-width: 980px) 980px, (min-width: 981px) 1024px, 100vw\" \/><\/figure>\n\n\n\n<h3 class=\"wp-block-heading\">L&rsquo;ESIROI : Un Tremplin pour les futurs Ing\u00e9nieurs de la Zone<\/h3>\n\n\n\n<p>Monsieur Amangoua a commenc\u00e9 par pr\u00e9senter l&rsquo;ESIROI comme l&rsquo;\u00e9cole d&rsquo;ing\u00e9nieurs de l&rsquo;Universit\u00e9 de La R\u00e9union, une institution dont la mission est de former des ing\u00e9nieurs Bac+5 sp\u00e9cifiquement pr\u00e9par\u00e9s aux d\u00e9fis locaux et internationaux, notamment dans la zone Oc\u00e9an Indien.<\/p>\n\n\n\n<figure class=\"wp-block-image size-large\"><img loading=\"lazy\" decoding=\"async\" width=\"1024\" height=\"767\" src=\"https:\/\/etab.ac-reunion.fr\/lyc-bel-air\/wp-content\/uploads\/sites\/71\/2025\/12\/image-7-1024x767.png\" alt=\"\" class=\"wp-image-20226\" srcset=\"https:\/\/etab.ac-reunion.fr\/lyc-bel-air\/wp-content\/uploads\/sites\/71\/2025\/12\/image-7-1024x767.png 1024w, https:\/\/etab.ac-reunion.fr\/lyc-bel-air\/wp-content\/uploads\/sites\/71\/2025\/12\/image-7-980x734.png 980w, https:\/\/etab.ac-reunion.fr\/lyc-bel-air\/wp-content\/uploads\/sites\/71\/2025\/12\/image-7-480x360.png 480w\" sizes=\"(min-width: 0px) and (max-width: 480px) 480px, (min-width: 481px) and (max-width: 980px) 980px, (min-width: 981px) 1024px, 100vw\" \/><\/figure>\n\n\n\n<p>Il a soulign\u00e9 le r\u00f4le central de l&rsquo;\u00e9cole dans le programme des Cord\u00e9es de la R\u00e9ussite (\u00e0 travers la cord\u00e9e \u00ab\u00a0ANSAMB &#8211; Avenir durable, Ing\u00e9nierie et Mixit\u00e9\u00a0\u00bb), expliquant que le dispositif visait \u00e0 <strong>lever l&rsquo;autocensure<\/strong> et \u00e0 rendre le parcours d&rsquo;ing\u00e9nieur accessible \u00e0 tous les jeunes motiv\u00e9s, quel que soit leur milieu socio-\u00e9conomique.<\/p>\n\n\n\n<h3 class=\"wp-block-heading\">Les Formations : Des Comp\u00e9tences Cl\u00e9s pour l&rsquo;Avenir<\/h3>\n\n\n\n<p>L&rsquo;essentiel de la pr\u00e9sentation a \u00e9t\u00e9 consacr\u00e9 aux cycles de formation et aux sp\u00e9cialit\u00e9s de l&rsquo;\u00e9cole. L&rsquo;ESIROI propose un cursus en 5 ans, d\u00e9butant par un <strong>Cycle Pr\u00e9paratoire Int\u00e9gr\u00e9 (CPI)<\/strong> de deux ans, suivi du <strong>Cycle Ing\u00e9nieur<\/strong> de trois ans.<\/p>\n\n\n\n<p>Monsieur Amangoua a mis en lumi\u00e8re les trois grandes sp\u00e9cialit\u00e9s propos\u00e9es, toutes orient\u00e9es vers l&rsquo;innovation et le d\u00e9veloppement durable :<\/p>\n\n\n\n<ol start=\"1\" class=\"wp-block-list\">\n<li><strong>Sp\u00e9cialit\u00e9 Agroalimentaire :<\/strong> Elle forme des professionnels capables d&rsquo;innover sur les produits et les proc\u00e9d\u00e9s, en int\u00e9grant les dimensions \u00e9conomiques et manag\u00e9riales.<\/li>\n\n\n\n<li><strong>Sp\u00e9cialit\u00e9 Informatique :<\/strong> Elle pr\u00e9pare aux m\u00e9tiers des syst\u00e8mes d&rsquo;information, du num\u00e9rique et des technologies de pointe.<\/li>\n\n\n\n<li><strong>Sp\u00e9cialit\u00e9 B\u00e2timent et \u00c9nergie :<\/strong> L&rsquo;accent a \u00e9t\u00e9 mis sur cette sp\u00e9cialit\u00e9 qui forme des ing\u00e9nieurs en <strong>b\u00e2timent durable<\/strong> et <strong>\u00e9nergies renouvelables<\/strong>, un secteur vital pour l&rsquo;\u00eele et les pays tropicaux.<\/li>\n<\/ol>\n\n\n\n<h3 class=\"wp-block-heading\">Int\u00e9grer l&rsquo;\u00c9cole : L&rsquo;Exp\u00e9rience de Nos Anciens<\/h3>\n\n\n\n<p>Concernant l&rsquo;int\u00e9gration, il a \u00e9t\u00e9 pr\u00e9cis\u00e9 que l&rsquo;admission se fait principalement apr\u00e8s le bac, via la plateforme <strong>Parcoursup<\/strong> et le <strong>Concours Geipi Polytech<\/strong>.<\/p>\n\n\n\n<p>Le point fort de la rencontre a r\u00e9sid\u00e9 dans l&rsquo;intervention de nos deux anciens camarades. Leurs t\u00e9moignages ont rendu les perspectives de poursuite d&rsquo;\u00e9tudes tr\u00e8s concr\u00e8tes. Ils ont pu rassurer les lyc\u00e9ens sur la transition et insister sur les dispositifs d&rsquo;accompagnement de l&rsquo;ESIROI :<\/p>\n\n\n\n<ul class=\"wp-block-list\">\n<li><strong>Le r\u00f4le des Cord\u00e9es de la R\u00e9ussite :<\/strong> Un soutien pour s\u00e9curiser le projet d&rsquo;orientation.<\/li>\n\n\n\n<li><strong>Le S\u00e9minaire d&rsquo;Int\u00e9gration :<\/strong> Un programme de soutien en d\u00e9but d&rsquo;ann\u00e9e pour faciliter l&rsquo;adaptation \u00e0 l&rsquo;\u00e9cole.<\/li>\n<\/ul>\n\n\n\n<p>Leurs parcours ont clairement illustr\u00e9 que l&rsquo;excellence et les \u00e9tudes d&rsquo;ing\u00e9nieurs sont \u00e0 notre port\u00e9e.<\/p>\n\n\n\n<p>La venue de Monsieur Amangoua, \u00e9paul\u00e9 par deux \u00e9l\u00e8ves-ing\u00e9nieurs issus de nos bancs, a \u00e9t\u00e9 une source d&rsquo;information et de motivation. Elle a rappel\u00e9 que la voie de l&rsquo;ing\u00e9nierie est exigeante mais passionnante, et que l&rsquo;ESIROI offre des opportunit\u00e9s de carri\u00e8re concr\u00e8tes et impactantes pour notre territoire. Nous avons tous \u00e9t\u00e9 encourag\u00e9s \u00e0 oser l&rsquo;ambition et \u00e0 ne pas h\u00e9siter \u00e0 postuler.<\/p>\n<!-- AddThis Advanced Settings generic via filter on the_content --><!-- AddThis Share Buttons generic via filter on the_content -->","protected":false},"excerpt":{"rendered":"<p>L&rsquo;ambition et l&rsquo;orientation ont r\u00e9cemment \u00e9t\u00e9 mises \u00e0 l&rsquo;honneur dans notre \u00e9tablissement ! C&rsquo;est en effet le Mardi 2 d\u00e9cembre dernier, \u00e0 10h30, que notre lyc\u00e9e a eu le privil\u00e8ge d&rsquo;accueillir Monsieur Amangoua, repr\u00e9sentant de l&rsquo;ESIROI (\u00c9cole Sup\u00e9rieure d&rsquo;Ing\u00e9nieurs R\u00e9union Oc\u00e9an Indien). Mais cette venue a pris une dimension particuli\u00e8rement inspirante : Monsieur Amangoua \u00e9tait [&hellip;]<!-- AddThis Advanced Settings generic via filter on get_the_excerpt --><!-- AddThis Share Buttons generic via filter on get_the_excerpt --><\/p>\n","protected":false},"author":20269,"featured_media":20227,"comment_status":"closed","ping_status":"closed","sticky":false,"template":"","format":"standard","meta":{"_et_pb_use_builder":"off","_et_pb_old_content":"","_et_gb_content_width":"","footnotes":"","_links_to":"","_links_to_target":""},"categories":[6,76,121,39,119,130,219,220,187,194,191,4,196,158,189],"tags":[],"class_list":["post-20224","post","type-post","status-publish","format-standard","has-post-thumbnail","hentry","category-a-afficher-sur-la-page-daccueil","category-actions-des-eleves","category-actualites-cvl","category-actualites","category-actualites-vie-scolaire","category-cordees-de-la-reussite","category-evenements","category-evenement","category-evenements-a-venir","category-letablissement","category-la-vie-au-lycee","category-presentation-du-lycee","category-les-espaces","category-les-parents","category-site-web-2022"],"_links":{"self":[{"href":"https:\/\/etab.ac-reunion.fr\/lyc-bel-air\/wp-json\/wp\/v2\/posts\/20224","targetHints":{"allow":["GET"]}}],"collection":[{"href":"https:\/\/etab.ac-reunion.fr\/lyc-bel-air\/wp-json\/wp\/v2\/posts"}],"about":[{"href":"https:\/\/etab.ac-reunion.fr\/lyc-bel-air\/wp-json\/wp\/v2\/types\/post"}],"author":[{"embeddable":true,"href":"https:\/\/etab.ac-reunion.fr\/lyc-bel-air\/wp-json\/wp\/v2\/users\/20269"}],"replies":[{"embeddable":true,"href":"https:\/\/etab.ac-reunion.fr\/lyc-bel-air\/wp-json\/wp\/v2\/comments?post=20224"}],"version-history":[{"count":1,"href":"https:\/\/etab.ac-reunion.fr\/lyc-bel-air\/wp-json\/wp\/v2\/posts\/20224\/revisions"}],"predecessor-version":[{"id":20228,"href":"https:\/\/etab.ac-reunion.fr\/lyc-bel-air\/wp-json\/wp\/v2\/posts\/20224\/revisions\/20228"}],"wp:featuredmedia":[{"embeddable":true,"href":"https:\/\/etab.ac-reunion.fr\/lyc-bel-air\/wp-json\/wp\/v2\/media\/20227"}],"wp:attachment":[{"href":"https:\/\/etab.ac-reunion.fr\/lyc-bel-air\/wp-json\/wp\/v2\/media?parent=20224"}],"wp:term":[{"taxonomy":"category","embeddable":true,"href":"https:\/\/etab.ac-reunion.fr\/lyc-bel-air\/wp-json\/wp\/v2\/categories?post=20224"},{"taxonomy":"post_tag","embeddable":true,"href":"https:\/\/etab.ac-reunion.fr\/lyc-bel-air\/wp-json\/wp\/v2\/tags?post=20224"}],"curies":[{"name":"wp","href":"https:\/\/api.w.org\/{rel}","templated":true}]}}