{"id":20501,"date":"2026-03-23T12:43:44","date_gmt":"2026-03-23T08:43:44","guid":{"rendered":"https:\/\/etab.ac-reunion.fr\/lyc-bel-air\/?p=20501"},"modified":"2026-03-29T21:15:18","modified_gmt":"2026-03-29T17:15:18","slug":"sinspirer-de-la-finlande-un-podcast-pour-repenser-notre-regard-sur-les-apprentissages","status":"publish","type":"post","link":"https:\/\/etab.ac-reunion.fr\/lyc-bel-air\/2026\/03\/23\/sinspirer-de-la-finlande-un-podcast-pour-repenser-notre-regard-sur-les-apprentissages\/","title":{"rendered":"S&rsquo;inspirer de la Finlande : un podcast pour repenser notre regard sur les apprentissages.\u00a0"},"content":{"rendered":"\n<figure class=\"wp-block-embed is-type-rich is-provider-soundcloud wp-block-embed-soundcloud\"><div class=\"wp-block-embed__wrapper\">\n<iframe loading=\"lazy\" title=\"Diss\u00e9mination projet ERASMUS \u00e9mission sur l&#039;\u00e9ducation en Finlande par H\u00e9l\u00e8ne Penverne et C\u00e9line Almar by Celine Almar\" width=\"1080\" height=\"400\" scrolling=\"no\" frameborder=\"no\" src=\"https:\/\/w.soundcloud.com\/player\/?visual=true&#038;url=https%3A%2F%2Fapi.soundcloud.com%2Ftracks%2F2292787985&#038;show_artwork=true&#038;maxheight=1000&#038;maxwidth=1080\"><\/iframe>\n<\/div><\/figure>\n\n\n\n<p>Bonne \u00e9coute ! Nous esp\u00e9rons que ce podcast contribuera \u00e0 diffuser les id\u00e9es sur l&rsquo;\u00e9ducation \u00e0 la Finlandaise, pour nourrir le dialogue et encourager chacun \u00e0 se les approprier.&nbsp;<\/p>\n\n\n\n<figure class=\"wp-block-gallery has-nested-images columns-default is-cropped wp-block-gallery-1 is-layout-flex wp-block-gallery-is-layout-flex\">\n<figure class=\"wp-block-image size-large\"><img loading=\"lazy\" decoding=\"async\" width=\"768\" height=\"1024\" data-id=\"20506\" src=\"https:\/\/etab.ac-reunion.fr\/lyc-bel-air\/wp-content\/uploads\/sites\/71\/2026\/03\/IMG_20250514_164631-768x1024.jpg\" alt=\"\" class=\"wp-image-20506\" \/><\/figure>\n\n\n\n<figure class=\"wp-block-image size-large\"><img loading=\"lazy\" decoding=\"async\" width=\"768\" height=\"1024\" data-id=\"20508\" src=\"https:\/\/etab.ac-reunion.fr\/lyc-bel-air\/wp-content\/uploads\/sites\/71\/2026\/03\/IMG_20250513_095919-768x1024.jpg\" alt=\"\" class=\"wp-image-20508\" \/><\/figure>\n\n\n\n<figure class=\"wp-block-image size-large\"><img loading=\"lazy\" decoding=\"async\" width=\"768\" height=\"1024\" data-id=\"20509\" src=\"https:\/\/etab.ac-reunion.fr\/lyc-bel-air\/wp-content\/uploads\/sites\/71\/2026\/03\/IMG_20250509_092740-768x1024.jpg\" alt=\"\" class=\"wp-image-20509\" \/><\/figure>\n\n\n\n<figure class=\"wp-block-image size-large\"><img loading=\"lazy\" decoding=\"async\" width=\"1024\" height=\"811\" data-id=\"20507\" src=\"https:\/\/etab.ac-reunion.fr\/lyc-bel-air\/wp-content\/uploads\/sites\/71\/2026\/03\/IMG_20250513_114905-1024x811.jpg\" alt=\"\" class=\"wp-image-20507\" srcset=\"https:\/\/etab.ac-reunion.fr\/lyc-bel-air\/wp-content\/uploads\/sites\/71\/2026\/03\/IMG_20250513_114905-980x776.jpg 980w, https:\/\/etab.ac-reunion.fr\/lyc-bel-air\/wp-content\/uploads\/sites\/71\/2026\/03\/IMG_20250513_114905-480x380.jpg 480w\" sizes=\"(min-width: 0px) and (max-width: 480px) 480px, (min-width: 481px) and (max-width: 980px) 980px, (min-width: 981px) 1024px, 100vw\" \/><\/figure>\n<\/figure>\n\n\n\n<figure class=\"wp-block-gallery has-nested-images columns-default is-cropped wp-block-gallery-2 is-layout-flex wp-block-gallery-is-layout-flex\">\n<figure class=\"wp-block-image size-large\"><img loading=\"lazy\" decoding=\"async\" width=\"983\" height=\"768\" data-id=\"20516\" src=\"https:\/\/etab.ac-reunion.fr\/lyc-bel-air\/wp-content\/uploads\/sites\/71\/2026\/03\/musique-helsinki.jpg\" alt=\"\" class=\"wp-image-20516\" srcset=\"https:\/\/etab.ac-reunion.fr\/lyc-bel-air\/wp-content\/uploads\/sites\/71\/2026\/03\/musique-helsinki.jpg 983w, https:\/\/etab.ac-reunion.fr\/lyc-bel-air\/wp-content\/uploads\/sites\/71\/2026\/03\/musique-helsinki-980x766.jpg 980w, https:\/\/etab.ac-reunion.fr\/lyc-bel-air\/wp-content\/uploads\/sites\/71\/2026\/03\/musique-helsinki-480x375.jpg 480w\" sizes=\"(min-width: 0px) and (max-width: 480px) 480px, (min-width: 481px) and (max-width: 980px) 980px, (min-width: 981px) 983px, 100vw\" \/><figcaption class=\"wp-element-caption\"><strong>Centre de musique Helsinki<\/strong><\/figcaption><\/figure>\n<\/figure>\n\n\n\n<p>Par H\u00e9l\u00e8ne PENVERNE et C\u00e9line ALMAR<\/p>\n<!-- AddThis Advanced Settings generic via filter on the_content --><!-- AddThis Share Buttons generic via filter on the_content -->","protected":false},"excerpt":{"rendered":"<p>Bonne \u00e9coute ! Nous esp\u00e9rons que ce podcast contribuera \u00e0 diffuser les id\u00e9es sur l&rsquo;\u00e9ducation \u00e0 la Finlandaise, pour nourrir le dialogue et encourager chacun \u00e0 se les approprier.&nbsp; Par H\u00e9l\u00e8ne PENVERNE et C\u00e9line ALMAR<!-- AddThis Advanced Settings generic via filter on get_the_excerpt --><!-- AddThis Share Buttons generic via filter on get_the_excerpt --><\/p>\n","protected":false},"author":12331,"featured_media":20511,"comment_status":"closed","ping_status":"closed","sticky":false,"template":"","format":"standard","meta":{"_et_pb_use_builder":"off","_et_pb_old_content":"<!-- wp:paragraph -->\n<p>Bonne \u00e9coute ! Nous esp\u00e9rons que ce podcast contribuera \u00e0 diffuser les id\u00e9es sur l'\u00e9ducation \u00e0 la Finlandaise, pour nourrir le dialogue et encourager chacun \u00e0 se les approprier.&nbsp;<\/p>\n<!-- \/wp:paragraph -->\n\n<!-- wp:paragraph -->\n<p>Par C\u00e9line ALMAR et H\u00e9l\u00e8ne PENVERNE<\/p>\n<!-- \/wp:paragraph -->","_et_gb_content_width":"","footnotes":"","_links_to":"","_links_to_target":""},"categories":[39,210,147],"tags":[],"class_list":["post-20501","post","type-post","status-publish","format-standard","has-post-thumbnail","hentry","category-actualites","category-erasmus","category-ouverture-sur-leurope"],"_links":{"self":[{"href":"https:\/\/etab.ac-reunion.fr\/lyc-bel-air\/wp-json\/wp\/v2\/posts\/20501","targetHints":{"allow":["GET"]}}],"collection":[{"href":"https:\/\/etab.ac-reunion.fr\/lyc-bel-air\/wp-json\/wp\/v2\/posts"}],"about":[{"href":"https:\/\/etab.ac-reunion.fr\/lyc-bel-air\/wp-json\/wp\/v2\/types\/post"}],"author":[{"embeddable":true,"href":"https:\/\/etab.ac-reunion.fr\/lyc-bel-air\/wp-json\/wp\/v2\/users\/12331"}],"replies":[{"embeddable":true,"href":"https:\/\/etab.ac-reunion.fr\/lyc-bel-air\/wp-json\/wp\/v2\/comments?post=20501"}],"version-history":[{"count":10,"href":"https:\/\/etab.ac-reunion.fr\/lyc-bel-air\/wp-json\/wp\/v2\/posts\/20501\/revisions"}],"predecessor-version":[{"id":20597,"href":"https:\/\/etab.ac-reunion.fr\/lyc-bel-air\/wp-json\/wp\/v2\/posts\/20501\/revisions\/20597"}],"wp:featuredmedia":[{"embeddable":true,"href":"https:\/\/etab.ac-reunion.fr\/lyc-bel-air\/wp-json\/wp\/v2\/media\/20511"}],"wp:attachment":[{"href":"https:\/\/etab.ac-reunion.fr\/lyc-bel-air\/wp-json\/wp\/v2\/media?parent=20501"}],"wp:term":[{"taxonomy":"category","embeddable":true,"href":"https:\/\/etab.ac-reunion.fr\/lyc-bel-air\/wp-json\/wp\/v2\/categories?post=20501"},{"taxonomy":"post_tag","embeddable":true,"href":"https:\/\/etab.ac-reunion.fr\/lyc-bel-air\/wp-json\/wp\/v2\/tags?post=20501"}],"curies":[{"name":"wp","href":"https:\/\/api.w.org\/{rel}","templated":true}]}}