{"id":20773,"date":"2026-04-24T16:29:34","date_gmt":"2026-04-24T12:29:34","guid":{"rendered":"https:\/\/etab.ac-reunion.fr\/lyc-bel-air\/?p=20773"},"modified":"2026-04-25T10:20:05","modified_gmt":"2026-04-25T06:20:05","slug":"champion-academique-run-cup-badminton","status":"publish","type":"post","link":"https:\/\/etab.ac-reunion.fr\/lyc-bel-air\/2026\/04\/24\/champion-academique-run-cup-badminton\/","title":{"rendered":"CHAMPION ACADEMIQUE RUN CUP BADMINTON"},"content":{"rendered":"[et_pb_section fb_built=\u00a0\u00bb1&Prime; _builder_version=\u00a0\u00bb4.27.6&Prime; _module_preset=\u00a0\u00bbdefault\u00a0\u00bb global_colors_info=\u00a0\u00bb{}\u00a0\u00bb][et_pb_row _builder_version=\u00a0\u00bb4.27.6&Prime; _module_preset=\u00a0\u00bbdefault\u00a0\u00bb global_colors_info=\u00a0\u00bb{}\u00a0\u00bb][et_pb_column type=\u00a0\u00bb4_4&Prime; _builder_version=\u00a0\u00bb4.27.6&Prime; _module_preset=\u00a0\u00bbdefault\u00a0\u00bb global_colors_info=\u00a0\u00bb{}\u00a0\u00bb][et_pb_code _builder_version=\u00a0\u00bb4.27.6&Prime; _module_preset=\u00a0\u00bbdefault\u00a0\u00bb global_colors_info=\u00a0\u00bb{}\u00a0\u00bb]<!-- Conteneur Principal (Styles int\u00e9gr\u00e9s 100% compatibles WordPress\/Divi\/Elementor) --><!-- [et_pb_line_break_holder] --><div style=\"font-family: 'Segoe UI', Roboto, Helvetica, Arial, sans-serif;background-color: #ffffff;color: #1f2937;line-height: 1.5;border-radius: 15px;overflow: hidden;max-width: 1100px;margin: 0 auto\"><!-- [et_pb_line_break_holder] --><!-- [et_pb_line_break_holder] --><!-- HEADER BADMINTON (Rouge Dynamique et Bleu Nuit) --><!-- [et_pb_line_break_holder] --><div style=\"background: linear-gradient(135deg, #1e3a8a 0%, #dc2626 100%);padding: clamp(20px, 5vw, 40px) 10px;text-align: center;color: white;position: relative;border-bottom: 5px solid #fbbf24\"><!-- [et_pb_line_break_holder] -->    <div style=\"color: #fde68a;padding: 6px 15px;border-radius: 30px;font-weight: bold;font-size: clamp(12px, 2vw, 14px);text-transform: uppercase;margin-bottom: 15px;letter-spacing: 1px\"><!-- [et_pb_line_break_holder] -->        <span style=\"font-size: 16px;margin-right: 5px;vertical-align: middle\">\ud83c\udff8<\/span><!-- [et_pb_line_break_holder] -->        Exploit Sportif &#8211; UNSS<!-- [et_pb_line_break_holder] -->    <\/div><!-- [et_pb_line_break_holder] -->    <h1 style=\"color: white;font-size: clamp(24px, 5vw, 32px);margin: 0 0 15px 0;font-weight: 900;line-height: 1.2;text-transform: uppercase\"><!-- [et_pb_line_break_holder] -->        Champions Acad\u00e9miques ! <!\u2013- [et_pb_br_holder] -\u2013><!-- [et_pb_line_break_holder] -->        <span style=\"color: #fbbf24\">Run Cup Badminton<\/span><!-- [et_pb_line_break_holder] -->    <\/h1><!-- [et_pb_line_break_holder] -->    <pee style=\"color: #f1f5f9;max-width: 800px;margin: 0 auto;font-size: clamp(14px, 3vw, 16px);font-weight: 500\"><!-- [et_pb_line_break_holder] -->        Fiert\u00e9 immense pour le Lyc\u00e9e Bel Air : nos jeunes athl\u00e8tes se hissent sur la plus haute marche du podium. Un parcours sans faute marqu\u00e9 par l&rsquo;esprit d&rsquo;\u00e9quipe et le d\u00e9passement de soi.<!-- [et_pb_line_break_holder] -->    <\/pee><!-- [et_pb_line_break_holder] --><\/div><!-- [et_pb_line_break_holder] --><!-- [et_pb_line_break_holder] --><!-- CONTENU PRINCIPAL --><!-- [et_pb_line_break_holder] --><div style=\"padding: clamp(15px, 4vw, 30px) 10px\"><!-- [et_pb_line_break_holder] --><!-- [et_pb_line_break_holder] -->    <!-- BLOC 1 : LE TEXTE ORIGINAL DE L'EPS (Mis en valeur) --><!-- [et_pb_line_break_holder] -->    <div style=\"background-color: #f8fafc;border-radius: 15px;padding: clamp(15px, 3vw, 25px) 10px;border-left: 5px solid #dc2626;margin-bottom: 30px\"><!-- [et_pb_line_break_holder] -->        <div style=\"align-items: center;margin-bottom: 15px\"><!-- [et_pb_line_break_holder] -->            <div style=\"min-width: 40px;height: 40px;background-color: #dc2626;color: white;border-radius: 10px;align-items: center;justify-content: center;font-size: 20px;margin-right: 12px\"><!-- [et_pb_line_break_holder] -->                \u23f1\ufe0f<!-- [et_pb_line_break_holder] -->            <\/div><!-- [et_pb_line_break_holder] -->            <h2 style=\"color: #1e3a8a;font-size: clamp(18px, 4vw, 24px);font-weight: 800;margin: 0\">Le compte-rendu EPS<\/h2><!-- [et_pb_line_break_holder] -->        <\/div><!-- [et_pb_line_break_holder] -->        <!-- [et_pb_line_break_holder] -->        <!-- TEXTE ORIGINAL MIS EN PAGE --><!-- [et_pb_line_break_holder] -->        <div style=\"color: #334155;font-size: clamp(14px, 2.5vw, 16px);line-height: 1.6;text-align: left;background-color: white;padding: clamp(15px, 3vw, 20px) 10px;border-radius: 12px;border: 1px solid #e2e8f0\"><!-- [et_pb_line_break_holder] -->            <pee style=\"font-size: clamp(15px, 3vw, 18px);color: #1e40af;font-weight: 600;margin-top: 0;margin-bottom: 15px\"><!-- [et_pb_line_break_holder] -->                Apr\u00e8s une belle 4\u1d49 place aux championnats acad\u00e9miques par \u00e9quipes en janvier, le lyc\u00e9e de Bel Air a de nouveau brill\u00e9 lors des comp\u00e9titions RUN CUP non class\u00e9es le 22 AVRIL en BADMINTON.<!-- [et_pb_line_break_holder] -->            <\/pee><!-- [et_pb_line_break_holder] -->            <pee style=\"margin-bottom: 20px\"><!-- [et_pb_line_break_holder] -->                Champions des lyc\u00e9es de l\u2019Est toutes cat\u00e9gories, nos \u00e9l\u00e8ves ont fr\u00f4l\u00e9 l\u2019exploit de tout remporter au niveau ACAD\u00c9MIQUE :<!-- [et_pb_line_break_holder] -->            <\/pee><!-- [et_pb_line_break_holder] -->            <!-- [et_pb_line_break_holder] -->            <h4 style=\"color: #dc2626;font-size: clamp(16px, 3vw, 18px);font-weight: bold;margin-bottom: 12px;border-bottom: 2px solid #f1f5f9;padding-bottom: 5px\">\ud83c\udfc6 Niveau Acad\u00e9mique<\/h4><!-- [et_pb_line_break_holder] -->            <ul style=\"list-style-type: none;padding-left: 0;margin-top: 0;margin-bottom: 20px\"><!-- [et_pb_line_break_holder] -->                <li style=\"margin-bottom: 6px\">\ud83e\udd47 <strong>Championnes filles :<\/strong> Maurane Narsapa et Axelle Hoareau<\/li><!-- [et_pb_line_break_holder] -->                <li style=\"margin-bottom: 6px\">\ud83e\udd47 <strong>Champions mixtes :<\/strong> Sacha Gence et Kimea Darmalingom<\/li><!-- [et_pb_line_break_holder] -->                <li style=\"margin-bottom: 6px\">\ud83e\udd48 <strong>Vice Champions mixtes :<\/strong> Emma Gregoire et Noa Haw-dock-dian<\/li><!-- [et_pb_line_break_holder] -->                <li style=\"margin-bottom: 6px\">\ud83e\udd49 <strong>3\u00e8me gar\u00e7ons :<\/strong> Jonathan Barbier et Fr\u00e9d\u00e9ric Trille<\/li><!-- [et_pb_line_break_holder] -->            <\/ul><!-- [et_pb_line_break_holder] --><!-- [et_pb_line_break_holder] -->            <h4 style=\"color: #dc2626;font-size: clamp(16px, 3vw, 18px);font-weight: bold;margin-bottom: 12px;border-bottom: 2px solid #f1f5f9;padding-bottom: 5px\">\ud83c\udf1f Niveau de l&rsquo;Est<\/h4><!-- [et_pb_line_break_holder] -->            <ul style=\"list-style-type: none;padding-left: 0;margin-top: 0;margin-bottom: 20px\"><!-- [et_pb_line_break_holder] -->                <li style=\"margin-bottom: 6px\">\ud83e\udd47 <strong>Championnes de l\u2019Est filles :<\/strong> Maurane Narsapa et Axelle Hoareau<\/li><!-- [et_pb_line_break_holder] -->                <li style=\"margin-bottom: 6px\">\ud83e\udd48 <strong>Vice-championne de l\u2019Est Filles :<\/strong> Emma Lallemand et Ines Coindin Alama<\/li><!-- [et_pb_line_break_holder] -->                <li style=\"margin-bottom: 6px\">\ud83e\udd47 <strong>Champions de l\u2019Est mixtes :<\/strong> Maurane Narsapa et Axelle Hoareau<\/li><!-- [et_pb_line_break_holder] -->                <li style=\"margin-bottom: 6px\">\ud83e\udd48 <strong>Vice champion de l\u2019Est Mixte :<\/strong> Louane et Aymeric<\/li><!-- [et_pb_line_break_holder] -->                <li style=\"margin-bottom: 6px\">\ud83e\udd49 <strong>3\u00e8me de l&rsquo;Est Mixte :<\/strong> Kenjy Duchemann Vialamee et Melissa Hoareau<\/li><!-- [et_pb_line_break_holder] -->                <li style=\"margin-bottom: 6px\">\ud83e\udd47 <strong>Champions de l\u2019Est gar\u00e7ons :<\/strong> Jonathan Barbier et Fr\u00e9d\u00e9ric Trille<\/li><!-- [et_pb_line_break_holder] -->            <\/ul><!-- [et_pb_line_break_holder] --><!-- [et_pb_line_break_holder] -->            <div style=\"background-color: #f0fdf4;border-left: 4px solid #16a34a;padding: 12px;border-radius: 0 8px 8px 0;margin-top: 20px\"><!-- [et_pb_line_break_holder] -->                <pee style=\"color: #15803d;font-weight: bold;margin: 0;font-size: clamp(13px, 2.5vw, 15px)\"><!-- [et_pb_line_break_holder] -->                    \u00c0 noter \u00e9galement un record de participation avec 24 \u00e9l\u00e8ves engag\u00e9s, preuve de l\u2019engouement et de l\u2019investissement du groupe.<!-- [et_pb_line_break_holder] -->                <\/pee><!-- [et_pb_line_break_holder] -->            <\/div><!-- [et_pb_line_break_holder] -->            <!-- [et_pb_line_break_holder] -->            <pee style=\"font-size: clamp(16px, 3vw, 20px);color: #b45309;font-weight: bold;margin-top: 25px;margin-bottom: 0;text-align: center\"><!-- [et_pb_line_break_holder] -->                \ud83d\udc4f Bravo \u00e0 tous pour ces performances remarquables !<!\u2013- [et_pb_br_holder] -\u2013><!-- [et_pb_line_break_holder] -->                <span style=\"font-size: clamp(13px, 2.5vw, 15px);font-weight: normal;color: #64748b;margin-top: 5px\">N\u2019h\u00e9sitez pas \u00e0 les f\u00e9liciter si vous les croisez.<\/span><!-- [et_pb_line_break_holder] -->            <\/pee><!-- [et_pb_line_break_holder] -->        <\/div><!-- [et_pb_line_break_holder] -->    <\/div><!-- [et_pb_line_break_holder] --><!-- [et_pb_line_break_holder] -->    <!-- BLOC 2 : L'AJOUT \"FA\u00c7ON RAMA\" (Valeurs &amp; Dynamisme) --><!-- [et_pb_line_break_holder] -->    <div style=\"margin-bottom: 30px\"><!-- [et_pb_line_break_holder] -->        <div style=\"background-color: #eff6ff;padding: clamp(15px, 3vw, 25px) 10px;border-radius: 15px;border: 1px solid #bfdbfe\"><!-- [et_pb_line_break_holder] -->            <h3 style=\"color: #1e40af;font-size: clamp(18px, 4vw, 22px);font-weight: 800;margin-top: 0;margin-bottom: 12px;align-items: center\"><!-- [et_pb_line_break_holder] -->                <span style=\"font-size: 20px;margin-right: 8px\">\ud83c\udf1f<\/span> L&rsquo;Esprit Bel Air<!-- [et_pb_line_break_holder] -->            <\/h3><!-- [et_pb_line_break_holder] -->            <pee style=\"color: #1e3a8a;font-size: clamp(14px, 2.5vw, 15px);line-height: 1.6;margin-bottom: 0;text-align: left\"><!-- [et_pb_line_break_holder] -->                Au-del\u00e0 de la victoire, ce titre acad\u00e9mique illustre parfaitement les valeurs que nous d\u00e9fendons au quotidien au sein du Lyc\u00e9e Bel Air : <strong>l&rsquo;engagement, la rigueur, le respect de l&rsquo;adversaire et la solidarit\u00e9.<\/strong> Qu&rsquo;ils soient sur un terrain de sport ou dans les ateliers professionnels, nos jeunes prouvent qu&rsquo;ils ont le talent et l&rsquo;envie de r\u00e9ussir !<!-- [et_pb_line_break_holder] -->            <\/pee><!-- [et_pb_line_break_holder] -->        <\/div><!-- [et_pb_line_break_holder] -->    <\/div><!-- [et_pb_line_break_holder] --><!-- [et_pb_line_break_holder] -->    <!-- FIERT\u00c9 R\u00c9UNIONNAISE --><!-- [et_pb_line_break_holder] -->    <div style=\"text-align: center;margin-bottom: 30px;background-color: white;padding: clamp(15px, 3vw, 25px) 10px;border-radius: 15px;border: 2px solid #fbbf24\"><!-- [et_pb_line_break_holder] -->        <pee style=\"font-size: clamp(16px, 3.5vw, 22px);font-weight: 900;color: #b45309;margin: 0;letter-spacing: -0.5px\"><!-- [et_pb_line_break_holder] -->            \ud83c\uddf7\ud83c\uddea Un immense bravo \u00e0 nos champions et \u00e0 l&rsquo;\u00e9quipe encadrante EPS !<!-- [et_pb_line_break_holder] -->        <\/pee><!-- [et_pb_line_break_holder] -->    <\/div><!-- [et_pb_line_break_holder] --><!-- [et_pb_line_break_holder] -->    <!-- SIGNATURE &amp; HASHTAGS --><!-- [et_pb_line_break_holder] -->    <div style=\"margin-top: 30px;padding-top: 20px;border-top: 2px dashed #e5e7eb;flex-wrap: wrap;align-items: center;justify-content: flex-end;gap: 10px\"><!-- [et_pb_line_break_holder] -->        <div style=\"text-align: right\"><!-- [et_pb_line_break_holder] -->            <pee style=\"margin: 0;font-size: clamp(13px, 2vw, 15px);color: #6b7280;font-style: italic\">L&rsquo;\u00e9quipe P\u00e9dagogique du Lyc\u00e9e<\/pee><!-- [et_pb_line_break_holder] -->            <pee style=\"margin: 0;font-size: clamp(12px, 2vw, 14px);color: #dc2626;font-weight: 800;text-transform: uppercase\">#RunCup #Badminton #TeamBelAir #UNSS<\/pee><!-- [et_pb_line_break_holder] -->        <\/div><!-- [et_pb_line_break_holder] -->        <div style=\"width: 40px;height: 40px;background-color: #f8fafc;border: 2px solid #e5e7eb;border-radius: 50%;align-items: center;justify-content: center;font-size: 20px\"><!-- [et_pb_line_break_holder] -->            \ud83c\udfc6<!-- [et_pb_line_break_holder] -->        <\/div><!-- [et_pb_line_break_holder] -->    <\/div><!-- [et_pb_line_break_holder] --><!-- [et_pb_line_break_holder] --><\/div><!-- [et_pb_line_break_holder] --><!-- [et_pb_line_break_holder] --><!-- FOOTER --><!-- [et_pb_line_break_holder] --><div style=\"background-color: #0f172a;padding: 20px 10px;text-align: center;border-top: 1px solid #1e293b\"><!-- [et_pb_line_break_holder] -->    <div style=\"width: 30px;height: 4px;background-color: #dc2626;border-radius: 5px;margin: 0 auto 10px auto\"><\/div><!-- [et_pb_line_break_holder] -->    <pee style=\"color: #94a3b8;font-size: clamp(10px, 2vw, 11px);font-weight: 800;text-transform: uppercase;letter-spacing: 2px;margin: 0\"><!-- [et_pb_line_break_holder] -->        Lyc\u00e9e Bel Air \u2022 Association Sportive<!-- [et_pb_line_break_holder] -->    <\/pee><!-- [et_pb_line_break_holder] --><\/div><!-- [et_pb_line_break_holder] --><!-- [et_pb_line_break_holder] --><\/div>[\/et_pb_code][\/et_pb_column][\/et_pb_row][\/et_pb_section][et_pb_section fb_built=\u00a0\u00bb1&Prime; admin_label=\u00a0\u00bbsection\u00a0\u00bb _builder_version=\u00a0\u00bb4.16&Prime; custom_padding=\u00a0\u00bb21px|||||\u00a0\u00bb global_colors_info=\u00a0\u00bb{}\u00a0\u00bb][et_pb_row admin_label=\u00a0\u00bbrow\u00a0\u00bb _builder_version=\u00a0\u00bb4.16&Prime; background_size=\u00a0\u00bbinitial\u00a0\u00bb background_position=\u00a0\u00bbtop_left\u00a0\u00bb background_repeat=\u00a0\u00bbrepeat\u00a0\u00bb global_colors_info=\u00a0\u00bb{}\u00a0\u00bb][et_pb_column type=\u00a0\u00bb4_4&Prime; _builder_version=\u00a0\u00bb4.16&Prime; custom_padding=\u00a0\u00bb|||\u00a0\u00bb global_colors_info=\u00a0\u00bb{}\u00a0\u00bb custom_padding__hover=\u00a0\u00bb|||\u00a0\u00bb][et_pb_text admin_label=\u00a0\u00bbText\u00a0\u00bb _builder_version=\u00a0\u00bb4.16&Prime; background_size=\u00a0\u00bbinitial\u00a0\u00bb background_position=\u00a0\u00bbtop_left\u00a0\u00bb background_repeat=\u00a0\u00bbrepeat\u00a0\u00bb global_colors_info=\u00a0\u00bb{}\u00a0\u00bb]<p>&nbsp;<\/p>\n<p><\/p>\n<p><\/p>\n<p><\/p>\n<figure class=\"wp-block-gallery has-nested-images columns-default is-cropped wp-block-gallery-1 is-layout-flex wp-block-gallery-is-layout-flex\">\n<p>&nbsp;<\/p>\n<figure class=\"wp-block-image size-large\"><img loading=\"lazy\" decoding=\"async\" width=\"1024\" height=\"768\" data-id=\"20774\" src=\"https:\/\/etab.ac-reunion.fr\/lyc-bel-air\/wp-content\/uploads\/sites\/71\/2026\/04\/657355377_851292734651461_7684784972693412990_n-1024x768.jpg\" alt=\"\" class=\"wp-image-20774\" srcset=\"https:\/\/etab.ac-reunion.fr\/lyc-bel-air\/wp-content\/uploads\/sites\/71\/2026\/04\/657355377_851292734651461_7684784972693412990_n-1024x768.jpg 1024w, https:\/\/etab.ac-reunion.fr\/lyc-bel-air\/wp-content\/uploads\/sites\/71\/2026\/04\/657355377_851292734651461_7684784972693412990_n-980x735.jpg 980w, https:\/\/etab.ac-reunion.fr\/lyc-bel-air\/wp-content\/uploads\/sites\/71\/2026\/04\/657355377_851292734651461_7684784972693412990_n-480x360.jpg 480w\" sizes=\"(min-width: 0px) and (max-width: 480px) 480px, (min-width: 481px) and (max-width: 980px) 980px, (min-width: 981px) 1024px, 100vw\" \/><\/figure>\n<p><\/p>\n<p><\/p>\n<figure class=\"wp-block-image size-large\"><img loading=\"lazy\" decoding=\"async\" width=\"1024\" height=\"768\" data-id=\"20775\" src=\"https:\/\/etab.ac-reunion.fr\/lyc-bel-air\/wp-content\/uploads\/sites\/71\/2026\/04\/657515330_2386295728512090_8607018029889084041_n-1024x768.jpg\" alt=\"\" class=\"wp-image-20775\" srcset=\"https:\/\/etab.ac-reunion.fr\/lyc-bel-air\/wp-content\/uploads\/sites\/71\/2026\/04\/657515330_2386295728512090_8607018029889084041_n-1024x768.jpg 1024w, https:\/\/etab.ac-reunion.fr\/lyc-bel-air\/wp-content\/uploads\/sites\/71\/2026\/04\/657515330_2386295728512090_8607018029889084041_n-980x735.jpg 980w, https:\/\/etab.ac-reunion.fr\/lyc-bel-air\/wp-content\/uploads\/sites\/71\/2026\/04\/657515330_2386295728512090_8607018029889084041_n-480x360.jpg 480w\" sizes=\"(min-width: 0px) and (max-width: 480px) 480px, (min-width: 481px) and (max-width: 980px) 980px, (min-width: 981px) 1024px, 100vw\" \/><\/figure>\n<p><\/p>\n<p><\/p>\n<figure class=\"wp-block-image size-large\"><img loading=\"lazy\" decoding=\"async\" width=\"768\" height=\"1024\" data-id=\"20778\" src=\"https:\/\/etab.ac-reunion.fr\/lyc-bel-air\/wp-content\/uploads\/sites\/71\/2026\/04\/658212053_2032509487328210_8016594116911589788_n-768x1024.jpg\" alt=\"\" class=\"wp-image-20778\" \/><\/figure>\n<p><\/p>\n<p><\/p>\n<figure class=\"wp-block-image size-large\"><img loading=\"lazy\" decoding=\"async\" width=\"1024\" height=\"768\" data-id=\"20777\" src=\"https:\/\/etab.ac-reunion.fr\/lyc-bel-air\/wp-content\/uploads\/sites\/71\/2026\/04\/674082314_1469891041537747_1918846103307179248_n-1024x768.jpg\" alt=\"\" class=\"wp-image-20777\" srcset=\"https:\/\/etab.ac-reunion.fr\/lyc-bel-air\/wp-content\/uploads\/sites\/71\/2026\/04\/674082314_1469891041537747_1918846103307179248_n-1024x768.jpg 1024w, https:\/\/etab.ac-reunion.fr\/lyc-bel-air\/wp-content\/uploads\/sites\/71\/2026\/04\/674082314_1469891041537747_1918846103307179248_n-980x735.jpg 980w, https:\/\/etab.ac-reunion.fr\/lyc-bel-air\/wp-content\/uploads\/sites\/71\/2026\/04\/674082314_1469891041537747_1918846103307179248_n-480x360.jpg 480w\" sizes=\"(min-width: 0px) and (max-width: 480px) 480px, (min-width: 481px) and (max-width: 980px) 980px, (min-width: 981px) 1024px, 100vw\" \/><\/figure>\n<p><\/p>\n<p><\/p>\n<figure class=\"wp-block-image size-large\"><img loading=\"lazy\" decoding=\"async\" width=\"768\" height=\"1024\" data-id=\"20779\" src=\"https:\/\/etab.ac-reunion.fr\/lyc-bel-air\/wp-content\/uploads\/sites\/71\/2026\/04\/678298301_1770730243897456_1788239776600157036_n-768x1024.jpg\" alt=\"\" class=\"wp-image-20779\" srcset=\"https:\/\/etab.ac-reunion.fr\/lyc-bel-air\/wp-content\/uploads\/sites\/71\/2026\/04\/678298301_1770730243897456_1788239776600157036_n-768x1024.jpg 768w, https:\/\/etab.ac-reunion.fr\/lyc-bel-air\/wp-content\/uploads\/sites\/71\/2026\/04\/678298301_1770730243897456_1788239776600157036_n-480x640.jpg 480w\" sizes=\"(min-width: 0px) and (max-width: 480px) 480px, (min-width: 481px) 768px, 100vw\" \/><\/figure>\n<p><\/p>\n<p><\/p>\n<figure class=\"wp-block-image size-large\"><img loading=\"lazy\" decoding=\"async\" width=\"768\" height=\"1024\" data-id=\"20776\" src=\"https:\/\/etab.ac-reunion.fr\/lyc-bel-air\/wp-content\/uploads\/sites\/71\/2026\/04\/672635310_791607577118964_2949188868232962530_n-768x1024.jpg\" alt=\"\" class=\"wp-image-20776\" \/><\/figure>\n<p><\/p>\n<p><\/p>\n<figure class=\"wp-block-image size-large\"><img loading=\"lazy\" decoding=\"async\" width=\"768\" height=\"1024\" data-id=\"20780\" src=\"https:\/\/etab.ac-reunion.fr\/lyc-bel-air\/wp-content\/uploads\/sites\/71\/2026\/04\/674292835_2112247452681360_8201671063347718861_n-768x1024.jpg\" alt=\"\" class=\"wp-image-20780\" \/><\/figure>\n<p><\/p>\n<p><\/p>\n<figure class=\"wp-block-image size-large\"><img loading=\"lazy\" decoding=\"async\" width=\"768\" height=\"1024\" data-id=\"20781\" src=\"https:\/\/etab.ac-reunion.fr\/lyc-bel-air\/wp-content\/uploads\/sites\/71\/2026\/04\/673089214_2101432950640372_3720215141917051340_n-768x1024.jpg\" alt=\"\" class=\"wp-image-20781\" \/><\/figure>\n<p><\/p>\n<\/figure>\n<p><\/p>[\/et_pb_text][\/et_pb_column][\/et_pb_row][\/et_pb_section]<!-- AddThis Advanced Settings generic via filter on the_content --><!-- AddThis Share Buttons generic via filter on the_content -->","protected":false},"excerpt":{"rendered":"<p>&nbsp; &nbsp;<\/p>\n<p><!-- AddThis Advanced Settings generic via filter on get_the_excerpt --><!-- AddThis Share Buttons generic via filter on get_the_excerpt --><\/p>\n","protected":false},"author":3366,"featured_media":20777,"comment_status":"closed","ping_status":"closed","sticky":false,"template":"","format":"standard","meta":{"_et_pb_use_builder":"on","_et_pb_old_content":"<!-- wp:paragraph -->\n<p><\/p>\n<!-- \/wp:paragraph -->\n\n<!-- wp:paragraph -->\n<p>Apr\u00e8s une belle <strong>4\u1d49 place aux championnats acad\u00e9miques par \u00e9quipes en janvier<\/strong>, le lyc\u00e9e de Bel Air a de nouveau brill\u00e9 lors des comp\u00e9titions <strong>RUN CUP non class\u00e9es<\/strong> le 22 AVRIL en BADMINTON<\/p>\n<!-- \/wp:paragraph -->\n\n<!-- wp:paragraph -->\n<p><strong>Champions des lyc\u00e9es de l\u2019Est toutes cat\u00e9gories<\/strong>, nos \u00e9l\u00e8ves ont fr\u00f4l\u00e9 l\u2019exploit de de tout remporter au niveau\u00a0<strong>ACADEMIQUE<\/strong>\u00a0 :<\/p>\n<!-- \/wp:paragraph -->\n\n<!-- wp:list -->\n<ul class=\"wp-block-list\"><!-- wp:list-item -->\n<li><strong>Championnes acad\u00e9miques filles<\/strong> : Maurane Narsapa \u00a0 et Axelle\u00a0Hoareau<\/li>\n<!-- \/wp:list-item -->\n\n<!-- wp:list-item -->\n<li><strong>Champions acad\u00e9miques mixtes<\/strong> : Sacha gence&nbsp; et kimea Darmalingom&nbsp;<\/li>\n<!-- \/wp:list-item -->\n\n<!-- wp:list-item -->\n<li><strong>Vice Champions acad\u00e9miques mixtes<\/strong> : Emma Gregoire et Noa Haw-dock-dian<\/li>\n<!-- \/wp:list-item -->\n\n<!-- wp:list-item -->\n<li><strong>3\u00e8me acad\u00e9miques gar\u00e7ons : <\/strong>Jonathan Barbier&nbsp; et Fr\u00e9d\u00e9ric Trille&nbsp;<\/li>\n<!-- \/wp:list-item --><\/ul>\n<!-- \/wp:list -->\n\n<!-- wp:paragraph -->\n<p><\/p>\n<!-- \/wp:paragraph -->\n\n<!-- wp:list -->\n<ul class=\"wp-block-list\"><!-- wp:list-item -->\n<li><strong>Championnes de l\u2019Est filles\u00a0<\/strong> : Maurane Narsapa \u00a0et Axelle\u00a0Hoareau<\/li>\n<!-- \/wp:list-item -->\n\n<!-- wp:list-item -->\n<li><strong>Vice-championne de l\u2019Est Filles :<\/strong> Emma Lallemand et Ines&nbsp;Coindin Alama<\/li>\n<!-- \/wp:list-item -->\n\n<!-- wp:list-item -->\n<li><strong>Champions de l\u2019Est mixtes<\/strong>&nbsp;: Maurane Narsapa &nbsp; et Axelle&nbsp;Hoareau<\/li>\n<!-- \/wp:list-item -->\n\n<!-- wp:list-item -->\n<li><strong>Vice champion de l\u2019Est Mixte<\/strong> : Louane et Aymeric&nbsp;<\/li>\n<!-- \/wp:list-item -->\n\n<!-- wp:list-item -->\n<li><strong>3\u00e8me de l Est Mixte<\/strong> : kenjy Duchemann Vialamee et Melissa Hoareau<\/li>\n<!-- \/wp:list-item -->\n\n<!-- wp:list-item -->\n<li><strong>Champions de l\u2019Est gar\u00e7ons<\/strong> : Jonathan Barbier&nbsp; et Fr\u00e9d\u00e9ric Trille&nbsp;<\/li>\n<!-- \/wp:list-item --><\/ul>\n<!-- \/wp:list -->\n\n<!-- wp:paragraph -->\n<p>\u00c0 noter \u00e9galement un <strong>record de participation avec 24 \u00e9l\u00e8ves engag\u00e9s<\/strong>, preuve de l\u2019engouement et de l\u2019investissement du groupe.<\/p>\n<!-- \/wp:paragraph -->\n\n<!-- wp:paragraph -->\n<p>\ud83d\udc4f <strong>Bravo \u00e0 tous pour ces performances remarquables !<\/strong><br>N\u2019h\u00e9sitez pas \u00e0 les f\u00e9liciter si vous les croisez.<\/p>\n<!-- \/wp:paragraph -->\n\n<!-- wp:paragraph -->\n<p><\/p>\n<!-- \/wp:paragraph -->\n\n<!-- wp:gallery {\"linkTo\":\"none\"} -->\n<figure class=\"wp-block-gallery has-nested-images columns-default is-cropped\"><!-- wp:image {\"id\":20774,\"sizeSlug\":\"large\",\"linkDestination\":\"none\"} -->\n<figure class=\"wp-block-image size-large\"><img src=\"https:\/\/etab.ac-reunion.fr\/lyc-bel-air\/wp-content\/uploads\/sites\/71\/2026\/04\/657355377_851292734651461_7684784972693412990_n-1024x768.jpg\" alt=\"\" class=\"wp-image-20774\" \/><\/figure>\n<!-- \/wp:image -->\n\n<!-- wp:image {\"id\":20775,\"sizeSlug\":\"large\",\"linkDestination\":\"none\"} -->\n<figure class=\"wp-block-image size-large\"><img src=\"https:\/\/etab.ac-reunion.fr\/lyc-bel-air\/wp-content\/uploads\/sites\/71\/2026\/04\/657515330_2386295728512090_8607018029889084041_n-1024x768.jpg\" alt=\"\" class=\"wp-image-20775\" \/><\/figure>\n<!-- \/wp:image -->\n\n<!-- wp:image {\"id\":20778,\"sizeSlug\":\"large\",\"linkDestination\":\"none\"} -->\n<figure class=\"wp-block-image size-large\"><img src=\"https:\/\/etab.ac-reunion.fr\/lyc-bel-air\/wp-content\/uploads\/sites\/71\/2026\/04\/658212053_2032509487328210_8016594116911589788_n-768x1024.jpg\" alt=\"\" class=\"wp-image-20778\" \/><\/figure>\n<!-- \/wp:image -->\n\n<!-- wp:image {\"id\":20777,\"sizeSlug\":\"large\",\"linkDestination\":\"none\"} -->\n<figure class=\"wp-block-image size-large\"><img src=\"https:\/\/etab.ac-reunion.fr\/lyc-bel-air\/wp-content\/uploads\/sites\/71\/2026\/04\/674082314_1469891041537747_1918846103307179248_n-1024x768.jpg\" alt=\"\" class=\"wp-image-20777\" \/><\/figure>\n<!-- \/wp:image -->\n\n<!-- wp:image {\"id\":20779,\"sizeSlug\":\"large\",\"linkDestination\":\"none\"} -->\n<figure class=\"wp-block-image size-large\"><img src=\"https:\/\/etab.ac-reunion.fr\/lyc-bel-air\/wp-content\/uploads\/sites\/71\/2026\/04\/678298301_1770730243897456_1788239776600157036_n-768x1024.jpg\" alt=\"\" class=\"wp-image-20779\" \/><\/figure>\n<!-- \/wp:image -->\n\n<!-- wp:image {\"id\":20776,\"sizeSlug\":\"large\",\"linkDestination\":\"none\"} -->\n<figure class=\"wp-block-image size-large\"><img src=\"https:\/\/etab.ac-reunion.fr\/lyc-bel-air\/wp-content\/uploads\/sites\/71\/2026\/04\/672635310_791607577118964_2949188868232962530_n-768x1024.jpg\" alt=\"\" class=\"wp-image-20776\" \/><\/figure>\n<!-- \/wp:image -->\n\n<!-- wp:image {\"id\":20780,\"sizeSlug\":\"large\",\"linkDestination\":\"none\"} -->\n<figure class=\"wp-block-image size-large\"><img src=\"https:\/\/etab.ac-reunion.fr\/lyc-bel-air\/wp-content\/uploads\/sites\/71\/2026\/04\/674292835_2112247452681360_8201671063347718861_n-768x1024.jpg\" alt=\"\" class=\"wp-image-20780\" \/><\/figure>\n<!-- \/wp:image -->\n\n<!-- wp:image {\"id\":20781,\"sizeSlug\":\"large\",\"linkDestination\":\"none\"} -->\n<figure class=\"wp-block-image size-large\"><img src=\"https:\/\/etab.ac-reunion.fr\/lyc-bel-air\/wp-content\/uploads\/sites\/71\/2026\/04\/673089214_2101432950640372_3720215141917051340_n-768x1024.jpg\" alt=\"\" class=\"wp-image-20781\" \/><\/figure>\n<!-- \/wp:image --><\/figure>\n<!-- \/wp:gallery -->","_et_gb_content_width":"","footnotes":"","_links_to":"","_links_to_target":""},"categories":[55,39,11,44],"tags":[],"class_list":["post-20773","post","type-post","status-publish","format-standard","has-post-thumbnail","hentry","category-actualites-as","category-actualites","category-association-sportive","category-les-activites"],"_links":{"self":[{"href":"https:\/\/etab.ac-reunion.fr\/lyc-bel-air\/wp-json\/wp\/v2\/posts\/20773","targetHints":{"allow":["GET"]}}],"collection":[{"href":"https:\/\/etab.ac-reunion.fr\/lyc-bel-air\/wp-json\/wp\/v2\/posts"}],"about":[{"href":"https:\/\/etab.ac-reunion.fr\/lyc-bel-air\/wp-json\/wp\/v2\/types\/post"}],"author":[{"embeddable":true,"href":"https:\/\/etab.ac-reunion.fr\/lyc-bel-air\/wp-json\/wp\/v2\/users\/3366"}],"replies":[{"embeddable":true,"href":"https:\/\/etab.ac-reunion.fr\/lyc-bel-air\/wp-json\/wp\/v2\/comments?post=20773"}],"version-history":[{"count":13,"href":"https:\/\/etab.ac-reunion.fr\/lyc-bel-air\/wp-json\/wp\/v2\/posts\/20773\/revisions"}],"predecessor-version":[{"id":20814,"href":"https:\/\/etab.ac-reunion.fr\/lyc-bel-air\/wp-json\/wp\/v2\/posts\/20773\/revisions\/20814"}],"wp:featuredmedia":[{"embeddable":true,"href":"https:\/\/etab.ac-reunion.fr\/lyc-bel-air\/wp-json\/wp\/v2\/media\/20777"}],"wp:attachment":[{"href":"https:\/\/etab.ac-reunion.fr\/lyc-bel-air\/wp-json\/wp\/v2\/media?parent=20773"}],"wp:term":[{"taxonomy":"category","embeddable":true,"href":"https:\/\/etab.ac-reunion.fr\/lyc-bel-air\/wp-json\/wp\/v2\/categories?post=20773"},{"taxonomy":"post_tag","embeddable":true,"href":"https:\/\/etab.ac-reunion.fr\/lyc-bel-air\/wp-json\/wp\/v2\/tags?post=20773"}],"curies":[{"name":"wp","href":"https:\/\/api.w.org\/{rel}","templated":true}]}}