{"id":20793,"date":"2026-04-24T21:47:14","date_gmt":"2026-04-24T17:47:14","guid":{"rendered":"https:\/\/etab.ac-reunion.fr\/lyc-bel-air\/?p=20793"},"modified":"2026-04-25T11:32:59","modified_gmt":"2026-04-25T07:32:59","slug":"le-lycee-bel-air-rayonne-au-concours-jeunes-cobaty-2026","status":"publish","type":"post","link":"https:\/\/etab.ac-reunion.fr\/lyc-bel-air\/2026\/04\/24\/le-lycee-bel-air-rayonne-au-concours-jeunes-cobaty-2026\/","title":{"rendered":"Le Lyc\u00e9e Bel Air rayonne au Concours Jeunes Cobaty 2026"},"content":{"rendered":"<p>[et_pb_section fb_built=\u00a0\u00bb1&Prime; _builder_version=\u00a0\u00bb4.27.5&Prime; _module_preset=\u00a0\u00bbdefault\u00a0\u00bb global_colors_info=\u00a0\u00bb{}\u00a0\u00bb][et_pb_row _builder_version=\u00a0\u00bb4.27.5&Prime; _module_preset=\u00a0\u00bbdefault\u00a0\u00bb global_colors_info=\u00a0\u00bb{}\u00a0\u00bb][et_pb_column type=\u00a0\u00bb4_4&Prime; _builder_version=\u00a0\u00bb4.27.5&Prime; _module_preset=\u00a0\u00bbdefault\u00a0\u00bb global_colors_info=\u00a0\u00bb{}\u00a0\u00bb][et_pb_code _builder_version=\u00a0\u00bb4.27.5&Prime; _module_preset=\u00a0\u00bbdefault\u00a0\u00bb global_colors_info=\u00a0\u00bb{}\u00a0\u00bb]<!-- Conteneur Principal (Styles int\u00e9gr\u00e9s 100% compatibles WordPress\/Divi\/Elementor) --><!-- [et_pb_line_break_holder] --><\/p>\n<div style=\"font-family: 'Segoe UI', Roboto, Helvetica, Arial, sans-serif;background-color: #ffffff;color: #1f2937;line-height: 1.5;border-radius: 15px;overflow: hidden;max-width: 1100px;margin: 0 auto\"><!-- [et_pb_line_break_holder] --><!-- [et_pb_line_break_holder] --><!-- HEADER COBATY (Bleu institutionnel et Or) --><!-- [et_pb_line_break_holder] --><\/p>\n<div style=\"background: linear-gradient(135deg, #1e3a8a 0%, #1e40af 100%);padding: clamp(30px, 5vw, 60px) clamp(15px, 3vw, 20px);text-align: center;color: white;position: relative;border-bottom: 5px solid #fbbf24\"><!-- [et_pb_line_break_holder] -->    <\/p>\n<div style=\"color: #fde68a;padding: 6px 20px;border-radius: 30px;font-weight: bold;font-size: clamp(12px, 2vw, 13px);text-transform: uppercase;margin-bottom: 15px\"><!-- [et_pb_line_break_holder] -->        <span style=\"font-size: 16px;margin-right: 5px;vertical-align: middle\">\ud83c\udfc6<\/span><!-- [et_pb_line_break_holder] -->        Excellence &amp; R\u00e9ussite<!-- [et_pb_line_break_holder] -->    <\/div>\n<p><!-- [et_pb_line_break_holder] -->    <\/p>\n<h1 style=\"color: white;font-size: clamp(26px, 5vw, 42px);margin: 0 0 15px 0;font-weight: 800;line-height: 1.2\"><!-- [et_pb_line_break_holder] -->        Le Lyc\u00e9e Bel Air rayonne au <!\u2013- [et_pb_br_holder] -\u2013><!-- [et_pb_line_break_holder] -->        <span style=\"color: #fbbf24\">Concours Jeunes Cobaty 2026<\/span><!-- [et_pb_line_break_holder] -->    <\/h1>\n<p><!-- [et_pb_line_break_holder] -->    <pee style=\"color: #bfdbfe;max-width: 800px;margin: 0 auto;font-size: clamp(15px, 3vw, 18px);font-weight: 500\"><!-- [et_pb_line_break_holder] -->        Retour sur la participation remarquable de Chaka, \u00e9tudiante en 2\u00e8me ann\u00e9e de BTS EBCR, qui a fi\u00e8rement d\u00e9fendu les couleurs de notre \u00e9tablissement lors de la prestigieuse c\u00e9r\u00e9monie \u00e0 la Pyramide Invers\u00e9e ce 23 avril.<!-- [et_pb_line_break_holder] -->    <\/pee><!-- [et_pb_line_break_holder] --><\/div>\n<p><!-- [et_pb_line_break_holder] --><!-- [et_pb_line_break_holder] --><!-- CONTENU PRINCIPAL --><!-- [et_pb_line_break_holder] --><\/p>\n<div style=\"padding: clamp(20px, 4vw, 50px) clamp(15px, 3vw, 30px)\"><!-- [et_pb_line_break_holder] --><!-- [et_pb_line_break_holder] -->    <!-- PHOTO SOUVENIR 1 --><!-- [et_pb_line_break_holder] -->    <\/p>\n<div style=\"margin-bottom: clamp(30px, 5vw, 40px);text-align: center\"><!-- [et_pb_line_break_holder] -->        <!-- Ajout de display: flex et flex-wrap pour les logos --><!-- [et_pb_line_break_holder] -->        <\/p>\n<div style=\"flex-wrap: wrap;justify-content: center;gap: clamp(15px, 3vw, 30px);align-items: center;margin-bottom: clamp(20px, 4vw, 30px)\"><!-- [et_pb_line_break_holder] -->            <img decoding=\"async\" src=\"https:\/\/etab.ac-reunion.fr\/lyc-bel-air\/wp-content\/uploads\/sites\/71\/2026\/04\/Logo-Cobaty.png\" alt=\"Logo Cobaty\" style=\"max-height: clamp(50px, 8vw, 80px)\"><!-- [et_pb_line_break_holder] -->            <img decoding=\"async\" src=\"https:\/\/etab.ac-reunion.fr\/lyc-bel-air\/wp-content\/uploads\/sites\/71\/2026\/04\/images.jpeg\" alt=\"Illustration R\u00e9gion R\u00e9union\" style=\"max-height: clamp(50px, 8vw, 80px);border-radius: 10px\"><!-- [et_pb_line_break_holder] -->        <\/div>\n<p><!-- [et_pb_line_break_holder] -->        <img decoding=\"async\" src=\"https:\/\/etab.ac-reunion.fr\/lyc-bel-air\/wp-content\/uploads\/sites\/71\/2026\/04\/IMG_6666.jpeg\" alt=\"Chaka dans l'H\u00e9micycle\" style=\"max-width: 500px;width: 100%;height: auto;border-radius: 20px;margin: 0 auto\"><!-- [et_pb_line_break_holder] -->        <pee style=\"color: #6b7280;font-size: clamp(12px, 2vw, 14px);font-style: italic;margin-top: 15px\">Chaka rayonnante au c\u0153ur de l&rsquo;H\u00e9micycle de la R\u00e9gion R\u00e9union.<\/pee><!-- [et_pb_line_break_holder] -->    <\/div>\n<p><!-- [et_pb_line_break_holder] --><!-- [et_pb_line_break_holder] -->    <!-- SECTION 1 : LE D\u00c9FI --><!-- [et_pb_line_break_holder] -->    <\/p>\n<div style=\"background-color: white;border-radius: 20px;padding: clamp(20px, 4vw, 40px) clamp(15px, 3vw, 40px);border: 1px solid #f3f4f6;margin-bottom: clamp(30px, 5vw, 50px)\"><!-- [et_pb_line_break_holder] -->        <\/p>\n<h2 style=\"color: #1e3a8a;font-size: clamp(24px, 4vw, 32px);font-weight: 800;margin-top: 0;text-align: center;margin-bottom: 25px;border-bottom: 2px solid #e5e7eb;padding-bottom: 15px\">Un parcours exigeant et formateur<\/h2>\n<p><!-- [et_pb_line_break_holder] -->        <!-- [et_pb_line_break_holder] -->        <!-- AJOUT : L'h\u00e9ritage d'Ali Baco et la motivation de la fili\u00e8re --><!-- [et_pb_line_break_holder] -->        <\/p>\n<div style=\"background-color: #f0fdfa;border-left: 5px solid #0d9488;padding: clamp(15px, 3vw, 25px);border-radius: 0 15px 15px 0;margin-bottom: 25px\"><!-- [et_pb_line_break_holder] -->            <\/p>\n<h4 style=\"color: #0f766e;font-size: clamp(16px, 3vw, 18px);font-weight: 800;margin: 0 0 10px 0\">\ud83c\udf1f Une 2\u00e8me participation sous le signe de l&rsquo;excellence<\/h4>\n<p><!-- [et_pb_line_break_holder] -->            <pee style=\"color: #115e59;font-size: clamp(14px, 2.5vw, 15px);margin: 0;line-height: 1.6;text-align: left\"><!-- [et_pb_line_break_holder] -->                Il est important de souligner que le Lyc\u00e9e Bel Air en est \u00e0 sa <strong>deuxi\u00e8me participation<\/strong> \u00e0 ce prestigieux concours ! Chaka s&rsquo;inscrit dans la brillante continuit\u00e9 d&rsquo;<strong>Ali Baco Nadjidou<\/strong>, \u00e9tudiant en Terminale BTS EBCR, qui avait d\u00e9croch\u00e9 la <strong>premi\u00e8re place de cette m\u00eame cat\u00e9gorie (Bac +2 \/ Bac +3) lors de l&rsquo;\u00e9dition 2023<\/strong>, remportant avec brio le troph\u00e9e et les lots associ\u00e9s. Ce palmar\u00e8s d\u00e9montre que notre fili\u00e8re EBCR motive constamment ses \u00e9tudiants \u00e0 promouvoir leur investissement, \u00e0 se d\u00e9passer et \u00e0 construire un v\u00e9ritable projet de vie professionnel.<!-- [et_pb_line_break_holder] -->            <\/pee><!-- [et_pb_line_break_holder] -->        <\/div>\n<p><!-- [et_pb_line_break_holder] --><!-- [et_pb_line_break_holder] -->        <!-- text-align pass\u00e9 de justify \u00e0 left pour le mobile --><!-- [et_pb_line_break_holder] -->        <pee style=\"color: #4b5563;font-size: clamp(15px, 3vw, 16px);margin-bottom: 20px;line-height: 1.7;text-align: left\"><!-- [et_pb_line_break_holder] -->            Participer au Troph\u00e9e Cobaty n&rsquo;est pas une mince affaire. Le concours a mobilis\u00e9 des jeunes de toute l&rsquo;\u00eele r\u00e9partis dans 3 grandes cat\u00e9gories : <strong>CAP\/BP<\/strong>, <strong>Bac Pro<\/strong>, et <strong>Bac +2 \/ Bac +3<\/strong>. Chaka a concouru dans cette derni\u00e8re cat\u00e9gorie particuli\u00e8rement exigeante, faisant face \u00e0 une concurrence rude compos\u00e9e notamment de quatre \u00e9tudiants de l&rsquo;IUT et de deux \u00e9tudiants du Lyc\u00e9e Jean Hinglo.<!-- [et_pb_line_break_holder] -->        <\/pee><!-- [et_pb_line_break_holder] -->        <pee style=\"color: #4b5563;font-size: clamp(15px, 3vw, 16px);margin-bottom: 25px;line-height: 1.7;text-align: left\"><!-- [et_pb_line_break_holder] -->            Pour arriver jusqu&rsquo;\u00e0 la c\u00e9r\u00e9monie finale, notre \u00e9tudiante a d\u00fb franchir plusieurs \u00e9tapes d\u00e9cisives :<!-- [et_pb_line_break_holder] -->        <\/pee><!-- [et_pb_line_break_holder] --><!-- [et_pb_line_break_holder] -->        <!-- Ajout de display: flex --><!-- [et_pb_line_break_holder] -->        <\/p>\n<div style=\"flex-wrap: wrap;gap: 20px;justify-content: space-between;margin-bottom: 10px\"><!-- [et_pb_line_break_holder] -->            <\/p>\n<div style=\"flex: 1 1 calc(33% - 15px);min-width: 200px;background-color: #f8fafc;padding: 20px;border-radius: 12px;border-left: 4px solid #3b82f6\"><!-- [et_pb_line_break_holder] -->                <\/p>\n<h4 style=\"color: #1e40af;font-size: clamp(15px, 3vw, 16px);font-weight: 700;margin: 0 0 10px 0\">1. Le Dossier<\/h4>\n<p><!-- [et_pb_line_break_holder] -->                <pee style=\"color: #4b5563;font-size: clamp(13px, 2.5vw, 14px);margin: 0\">L&rsquo;\u00e9laboration minutieuse d&rsquo;un dossier technique et personnel mettant en valeur son parcours et sa vision du m\u00e9tier.<\/pee><!-- [et_pb_line_break_holder] -->            <\/div>\n<p><!-- [et_pb_line_break_holder] -->            <\/p>\n<div style=\"flex: 1 1 calc(33% - 15px);min-width: 200px;background-color: #f8fafc;padding: 20px;border-radius: 12px;border-left: 4px solid #3b82f6\"><!-- [et_pb_line_break_holder] -->                <\/p>\n<h4 style=\"color: #1e40af;font-size: clamp(15px, 3vw, 16px);font-weight: 700;margin: 0 0 10px 0\">2. Le Grand Oral<\/h4>\n<p><!-- [et_pb_line_break_holder] -->                <pee style=\"color: #4b5563;font-size: clamp(13px, 2.5vw, 14px);margin: 0\">Un entretien impressionnant face \u00e0 un jury de professionnels chevronn\u00e9s, d&rsquo;architectes et de membres du r\u00e9seau Cobaty.<\/pee><!-- [et_pb_line_break_holder] -->            <\/div>\n<p><!-- [et_pb_line_break_holder] -->            <\/p>\n<div style=\"flex: 1 1 calc(33% - 15px);min-width: 200px;background-color: #f8fafc;padding: 20px;border-radius: 12px;border-left: 4px solid #3b82f6\"><!-- [et_pb_line_break_holder] -->                <\/p>\n<h4 style=\"color: #1e40af;font-size: clamp(15px, 3vw, 16px);font-weight: 700;margin: 0 0 10px 0\">3. La Vid\u00e9o<\/h4>\n<p><!-- [et_pb_line_break_holder] -->                <pee style=\"color: #4b5563;font-size: clamp(13px, 2.5vw, 14px);margin: 0\">La r\u00e9alisation d&rsquo;une pr\u00e9sentation vid\u00e9o de 1 minute 30, diffus\u00e9e lors de la grande c\u00e9r\u00e9monie de remise des prix.<\/pee><!-- [et_pb_line_break_holder] -->            <\/div>\n<p><!-- [et_pb_line_break_holder] -->        <\/div>\n<p><!-- [et_pb_line_break_holder] -->    <\/div>\n<p><!-- [et_pb_line_break_holder] --><!-- [et_pb_line_break_holder] -->    <!-- SECTION 2 : PRESTIGE ET PLACE DE LA FEMME (2 Colonnes) --><!-- [et_pb_line_break_holder] -->    <!-- Ajout de display: flex --><!-- [et_pb_line_break_holder] -->    <\/p>\n<div style=\"flex-wrap: wrap;gap: clamp(20px, 4vw, 40px);margin-bottom: clamp(30px, 5vw, 50px);align-items: stretch\"><!-- [et_pb_line_break_holder] --><!-- [et_pb_line_break_holder] -->        <!-- Colonne 1 : La C\u00e9r\u00e9monie --><!-- [et_pb_line_break_holder] -->        <\/p>\n<div style=\"flex: 1 1 calc(50% - 20px);min-width: 280px;flex-direction: column\"><!-- [et_pb_line_break_holder] -->            <\/p>\n<h3 style=\"color: #1e3a8a;font-size: clamp(22px, 4vw, 26px);font-weight: 800;margin-top: 0;margin-bottom: 20px\">Une soir\u00e9e au c\u0153ur de la Pyramide Invers\u00e9e<\/h3>\n<p><!-- [et_pb_line_break_holder] -->            <pee style=\"color: #4b5563;font-size: clamp(15px, 3vw, 16px);margin-bottom: 20px;line-height: 1.7;text-align: left\"><!-- [et_pb_line_break_holder] -->                L&rsquo;\u00e9v\u00e9nement s&rsquo;est cl\u00f4tur\u00e9 en beaut\u00e9 au sein de l&rsquo;H\u00f4tel de R\u00e9gion (la Pyramide Invers\u00e9e) \u00e0 Saint-Denis. Accompagn\u00e9e de son professeur, notre \u00e9tudiante a eu le privil\u00e8ge de d\u00e9couvrir l&rsquo;<strong>H\u00e9micycle<\/strong>, lieu embl\u00e9matique o\u00f9 se prennent les grandes d\u00e9cisions pour notre \u00eele et pour la construction de La R\u00e9union de demain.<!-- [et_pb_line_break_holder] -->            <\/pee><!-- [et_pb_line_break_holder] -->            <pee style=\"color: #4b5563;font-size: clamp(15px, 3vw, 16px);margin-bottom: 20px;line-height: 1.7;text-align: left\"><!-- [et_pb_line_break_holder] -->                Si Chaka n&rsquo;a pas remport\u00e9 le troph\u00e9e final face \u00e0 une concurrence de niveau bac+3, elle ressort grande gagnante de cette exp\u00e9rience : des cadeaux de participation, mais surtout l&rsquo;opportunit\u00e9 d&rsquo;avoir pu \u00e9changer avec des chefs d&rsquo;entreprise et d\u00e9velopper son r\u00e9seau professionnel en vue de sa future int\u00e9gration dans le monde du travail.<!-- [et_pb_line_break_holder] -->            <\/pee><!-- [et_pb_line_break_holder] -->        <\/div>\n<p><!-- [et_pb_line_break_holder] --><!-- [et_pb_line_break_holder] -->        <!-- Colonne 2 : Bilan &amp; Valorisation --><!-- [et_pb_line_break_holder] -->        <\/p>\n<div style=\"flex: 1 1 calc(50% - 20px);min-width: 280px;background-color: #fffbeb;padding: clamp(20px, 4vw, 35px);border-radius: 20px;border: 1px solid #fde68a;flex-direction: column;justify-content: center\"><!-- [et_pb_line_break_holder] -->            <\/p>\n<div style=\"width: 50px;height: 50px;background-color: #fbbf24;color: white;border-radius: 12px;align-items: center;justify-content: center;margin-bottom: 20px;font-size: 26px\"><!-- [et_pb_line_break_holder] -->                \ud83d\udc77\u200d\u2640\ufe0f<!-- [et_pb_line_break_holder] -->            <\/div>\n<p><!-- [et_pb_line_break_holder] -->            <\/p>\n<h3 style=\"color: #92400e;font-size: clamp(20px, 3vw, 22px);font-weight: 800;margin: 0 0 15px 0\">La place des femmes dans le BTP<\/h3>\n<p><!-- [et_pb_line_break_holder] -->            <pee style=\"color: #92400e;font-size: clamp(14px, 2.5vw, 15px);margin-bottom: 15px;line-height: 1.6;text-align: left\"><!-- [et_pb_line_break_holder] -->                La participation de Chaka est un symbole fort. Elle prouve, s&rsquo;il le fallait encore, que <strong>tout le monde a sa place dans le monde du b\u00e2timent<\/strong>.<!-- [et_pb_line_break_holder] -->            <\/pee><!-- [et_pb_line_break_holder] -->            <pee style=\"color: #92400e;font-size: clamp(14px, 2.5vw, 15px);margin-bottom: 0;line-height: 1.6;text-align: left\"><!-- [et_pb_line_break_holder] -->                C&rsquo;est une magnifique revalorisation de la f\u00e9minit\u00e9 dans ce secteur, mais aussi une valorisation professionnelle de nos fili\u00e8res. Ce concours d\u00e9montre la volont\u00e9 de r\u00e9ussite de nos jeunes : de nos futurs encadrants et chefs d&rsquo;entreprise jusqu&rsquo;aux ouvriers qualifi\u00e9s et op\u00e9rateurs qui font vivre les chantiers de La R\u00e9union.<!-- [et_pb_line_break_holder] -->            <\/pee><!-- [et_pb_line_break_holder] -->        <\/div>\n<p><!-- [et_pb_line_break_holder] -->    <\/div>\n<p><!-- [et_pb_line_break_holder] --><!-- [et_pb_line_break_holder] -->    <!-- SECTION 2.5 : RENCONTRE INSPIRANTE ET GALERIE --><!-- [et_pb_line_break_holder] -->    <\/p>\n<div style=\"margin-bottom: clamp(40px, 6vw, 60px)\"><!-- [et_pb_line_break_holder] -->        <\/p>\n<h2 style=\"color: #1e3a8a;font-size: clamp(24px, 4vw, 32px);font-weight: 800;margin-top: 0;text-align: center;margin-bottom: clamp(20px, 4vw, 30px)\">Rencontre inspirante et transmission<\/h2>\n<p><!-- [et_pb_line_break_holder] --><!-- [et_pb_line_break_holder] -->        <!-- Ajout de display: flex --><!-- [et_pb_line_break_holder] -->        <\/p>\n<div style=\"flex-wrap: wrap;gap: clamp(20px, 4vw, 30px);align-items: center;background-color: white;padding: clamp(20px, 4vw, 30px);border-radius: 20px;border: 1px solid #f3f4f6\"><!-- [et_pb_line_break_holder] -->            <\/p>\n<div style=\"flex: 1 1 45%;min-width: 280px\"><!-- [et_pb_line_break_holder] -->                <img decoding=\"async\" src=\"https:\/\/etab.ac-reunion.fr\/lyc-bel-air\/wp-content\/uploads\/sites\/71\/2026\/04\/IMG_6657-scaled.jpeg\" alt=\"Chaka et M. Nativel\" style=\"max-width: 100%;height: auto;border-radius: 15px;margin: 0 auto\"><!-- [et_pb_line_break_holder] -->                <pee style=\"color: #64748b;font-size: clamp(12px, 2vw, 13px);font-style: italic;margin-top: 10px;text-align: center\">Chaka recevant ses prix de participation des mains de M. Gr\u00e9gory Nativel.<\/pee><!-- [et_pb_line_break_holder] -->            <\/div>\n<p><!-- [et_pb_line_break_holder] -->            <\/p>\n<div style=\"flex: 1 1 45%;min-width: 280px\"><!-- [et_pb_line_break_holder] -->                <pee style=\"color: #4b5563;font-size: clamp(15px, 3vw, 16px);margin-bottom: 15px;line-height: 1.7;text-align: left\"><!-- [et_pb_line_break_holder] -->                    La c\u00e9r\u00e9monie a \u00e9galement \u00e9t\u00e9 l&rsquo;occasion d&rsquo;une rencontre m\u00e9morable. Chaka s&rsquo;est vu remettre un prix de participation (comprenant un bon d&rsquo;achat, un sac et des EPI pour d\u00e9buter ses activit\u00e9s sur chantier en toute s\u00e9curit\u00e9) par <strong>M. Gr\u00e9gory Nativel<\/strong>, repr\u00e9sentant de l&rsquo;entreprise SAV R\u00e9union.<!-- [et_pb_line_break_holder] -->                <\/pee><!-- [et_pb_line_break_holder] -->                <pee style=\"color: #4b5563;font-size: clamp(15px, 3vw, 16px);margin-bottom: 20px;line-height: 1.7;text-align: left\"><!-- [et_pb_line_break_holder] -->                    Le hasard fait bien les choses : M. Nativel est lui-m\u00eame un ancien \u00e9l\u00e8ve du Lyc\u00e9e Bel Air ! Il \u00e9tait d&rsquo;ailleurs pr\u00e9sent lors de l&rsquo;ouverture des sections professionnelles en 2002, dans la fili\u00e8re Menuiserie Aluminium. Un moment d&rsquo;\u00e9change extr\u00eamement motivant pour notre \u00e9tudiante et une grande fiert\u00e9 pour notre \u00e9tablissement.<!-- [et_pb_line_break_holder] -->                <\/pee><!-- [et_pb_line_break_holder] -->                <\/p>\n<div style=\"background-color: #f0fdf4;border-left: 4px solid #16a34a;padding: clamp(15px, 3vw, 20px);border-radius: 0 10px 10px 0\"><!-- [et_pb_line_break_holder] -->                    <pee style=\"color: #15803d;font-size: clamp(14px, 2.5vw, 16px);font-weight: 600;font-style: italic;margin: 0;line-height: 1.6\"><!-- [et_pb_line_break_holder] -->                        \u00ab Localement, nous avons des jeunes comp\u00e9tents. Il faut les former pour qu&rsquo;ils prennent aussi les postes d&rsquo;encadrement sur l&rsquo;\u00eele. La R\u00e9unionnaise et le R\u00e9unionnais ont toute leur place dans les postes d&rsquo;encadrement et de direction. \u00bb<!-- [et_pb_line_break_holder] -->                    <\/pee><!-- [et_pb_line_break_holder] -->                <\/div>\n<p><!-- [et_pb_line_break_holder] -->            <\/div>\n<p><!-- [et_pb_line_break_holder] -->        <\/div>\n<p><!-- [et_pb_line_break_holder] --><!-- [et_pb_line_break_holder] -->        <!-- Galerie Photos (Ajout display: flex) --><!-- [et_pb_line_break_holder] -->        <\/p>\n<div style=\"flex-wrap: wrap;gap: 20px;justify-content: space-between;margin-top: clamp(20px, 4vw, 30px)\"><!-- [et_pb_line_break_holder] -->            <\/p>\n<div style=\"flex: 1 1 calc(50% - 10px);min-width: 280px\"><!-- [et_pb_line_break_holder] -->                <img decoding=\"async\" src=\"https:\/\/etab.ac-reunion.fr\/lyc-bel-air\/wp-content\/uploads\/sites\/71\/2026\/04\/IMG_6654-scaled.jpeg\" alt=\"Les jeunes participants du concours Cobaty\" style=\"max-width: 100%;height: auto;border-radius: 15px\"><!-- [et_pb_line_break_holder] -->            <\/div>\n<p><!-- [et_pb_line_break_holder] -->            <\/p>\n<div style=\"flex: 1 1 calc(50% - 10px);min-width: 280px\"><!-- [et_pb_line_break_holder] -->                <img decoding=\"async\" src=\"https:\/\/etab.ac-reunion.fr\/lyc-bel-air\/wp-content\/uploads\/sites\/71\/2026\/04\/IMG_6624-scaled.jpeg\" alt=\"L'\u00e9quipe et le jury Cobaty lors de la remise des prix\" style=\"max-width: 100%;height: auto;border-radius: 15px\"><!-- [et_pb_line_break_holder] -->            <\/div>\n<p><!-- [et_pb_line_break_holder] -->        <\/div>\n<p><!-- [et_pb_line_break_holder] -->    <\/div>\n<p><!-- [et_pb_line_break_holder] --><!-- [et_pb_line_break_holder] -->    <!-- SECTION 3 : LE T\u00c9MOIGNAGE DE CHAKA --><!-- [et_pb_line_break_holder] -->    <\/p>\n<div style=\"position: relative;background-color: #eff6ff;padding: clamp(30px, 5vw, 40px) clamp(20px, 4vw, 40px) clamp(30px, 5vw, 40px) clamp(30px, 6vw, 60px);border-radius: 20px;border-left: clamp(4px, 1vw, 8px) solid #3b82f6;margin-bottom: clamp(30px, 5vw, 50px)\"><!-- [et_pb_line_break_holder] -->        <span style=\"position: absolute;top: -10px;left: clamp(10px, 2vw, 20px);font-size: clamp(40px, 8vw, 60px);color: #bfdbfe;font-family: serif;line-height: 1\">\u00ab\u00a0<\/span><!-- [et_pb_line_break_holder] -->        <\/p>\n<h3 style=\"color: #1e3a8a;font-size: clamp(18px, 4vw, 20px);font-weight: 800;margin: 0 0 15px 0\">Le mot de notre candidate<\/h3>\n<p><!-- [et_pb_line_break_holder] -->        <pee style=\"color: #1e40af;font-size: clamp(14px, 3vw, 16px);line-height: 1.8;font-style: italic;margin-bottom: 20px;text-align: left\"><!-- [et_pb_line_break_holder] -->            J&rsquo;ai eu l&rsquo;immense honneur de repr\u00e9senter mon lyc\u00e9e au concours Cobaty. M\u00eame si nous n&rsquo;avons pas gagn\u00e9, je ne regrette absolument pas d&rsquo;avoir particip\u00e9 \u00e0 cette aventure. En tant qu&rsquo;\u00e9tudiante en Enveloppe des B\u00e2timents, j&rsquo;ai \u00e9t\u00e9 particuli\u00e8rement marqu\u00e9e par la visite de l&rsquo;H\u00f4tel de R\u00e9gion \u00e0 Saint-Denis. Entrer dans l&rsquo;h\u00e9micycle pour la premi\u00e8re fois \u00e9tait impressionnant : c&rsquo;est un b\u00e2timent vraiment magnifique avec une architecture remarquable qui m&rsquo;a beaucoup plu.<!-- [et_pb_line_break_holder] -->        <\/pee><!-- [et_pb_line_break_holder] -->        <pee style=\"color: #1e40af;font-size: clamp(14px, 3vw, 16px);line-height: 1.8;font-style: italic;margin-bottom: 25px;text-align: left\"><!-- [et_pb_line_break_holder] -->            Je repars de ce concours avec de superbes souvenirs et une belle exp\u00e9rience en plus. Je me suis vraiment amus\u00e9e \u00e0 pr\u00e9parer la vid\u00e9o et j&rsquo;ai pass\u00e9 de tr\u00e8s bons moments avec les personnes que j&rsquo;ai rencontr\u00e9es. Je tiens \u00e0 remercier sinc\u00e8rement les jur\u00e9s de Cobaty pour leur accueil, mon professeur accompagnateur qui m&rsquo;a soutenue tout au long du projet, ainsi que mes parents. C\u2019\u00e9tait une exp\u00e9rience tr\u00e8s enrichissante que je suis ravie d&rsquo;avoir v\u00e9cue.<!-- [et_pb_line_break_holder] -->        <\/pee><!-- [et_pb_line_break_holder] -->        <!-- Ajout display flex --><!-- [et_pb_line_break_holder] -->        <\/p>\n<div style=\"align-items: center;gap: 15px\"><!-- [et_pb_line_break_holder] -->            <\/p>\n<div style=\"width: 40px;height: 40px;border-radius: 50%;background-color: #3b82f6;color: white;align-items: center;justify-content: center;font-weight: bold;font-size: 18px\">C<\/div>\n<p><!-- [et_pb_line_break_holder] -->            <\/p>\n<div><!-- [et_pb_line_break_holder] -->                <pee style=\"margin: 0;font-weight: bold;color: #1e3a8a\">Chaka<\/pee><!-- [et_pb_line_break_holder] -->                <pee style=\"margin: 0;font-size: 12px;color: #60a5fa;text-transform: uppercase;font-weight: bold\">\u00c9tudiante en BTS EBCR<\/pee><!-- [et_pb_line_break_holder] -->            <\/div>\n<p><!-- [et_pb_line_break_holder] -->        <\/div>\n<p><!-- [et_pb_line_break_holder] -->    <\/div>\n<p><!-- [et_pb_line_break_holder] --><!-- [et_pb_line_break_holder] -->    <!-- SECTION 4 : VID\u00c9OS &amp; R\u00c9SEAUX SOCIAUX --><!-- [et_pb_line_break_holder] -->    <\/p>\n<div style=\"margin-bottom: 40px\"><!-- [et_pb_line_break_holder] -->        <\/p>\n<h2 style=\"color: #1e3a8a;font-size: clamp(24px, 4vw, 30px);font-weight: 800;text-align: center;margin-bottom: 20px;margin-top: clamp(30px, 5vw, 50px)\">Revivez l&rsquo;aventure en vid\u00e9o<\/h2>\n<p><!-- [et_pb_line_break_holder] -->        <pee style=\"text-align: center;color: #64748b;font-size: clamp(14px, 3vw, 16px);margin-bottom: clamp(25px, 5vw, 40px);max-width: 700px;margin-left: auto;margin-right: auto\"><!-- [et_pb_line_break_holder] -->            D\u00e9couvrez le travail remarquable r\u00e9alis\u00e9 pour ce concours et plongez dans les coulisses de la remise des prix \u00e0 la Pyramide Invers\u00e9e.<!-- [et_pb_line_break_holder] -->        <\/pee><!-- [et_pb_line_break_holder] --><!-- [et_pb_line_break_holder] -->        <!-- Bloc Vid\u00e9o 1 : Pr\u00e9sentation de Chaka --><!-- [et_pb_line_break_holder] -->        <\/p>\n<div style=\"background-color: #f8fafc;border: 1px solid #e2e8f0;border-radius: 20px;padding: clamp(20px, 4vw, 30px);margin-bottom: 30px;text-align: center\"><!-- [et_pb_line_break_holder] -->            <\/p>\n<div style=\"font-size: 30px;margin-bottom: 10px\">\ud83c\udfa5<\/div>\n<p><!-- [et_pb_line_break_holder] -->            <\/p>\n<h3 style=\"color: #0f172a;font-size: clamp(18px, 4vw, 22px);font-weight: bold;margin-bottom: 10px\">Le Projet : Pr\u00e9sentation de Chaka (1m30)<\/h3>\n<p><!-- [et_pb_line_break_holder] -->            <pee style=\"color: #64748b;font-size: clamp(13px, 2.5vw, 15px);margin-bottom: 25px\">La vid\u00e9o officielle de pr\u00e9sentation projet\u00e9e lors de la c\u00e9r\u00e9monie devant le jury Cobaty.<\/pee><!-- [et_pb_line_break_holder] --><!-- [et_pb_line_break_holder] -->            <!-- Ajout display flex --><!-- [et_pb_line_break_holder] -->            <\/p>\n<div style=\"flex-wrap: wrap;gap: 15px;justify-content: center\"><!-- [et_pb_line_break_holder] -->                <a href=\"https:\/\/fb.watch\/GHrahisnCo\/?\" target=\"_blank\" style=\"align-items: center;gap: 8px;background-color: #1877F2;color: white;padding: 10px 20px;border-radius: 50px;text-decoration: none;font-weight: bold;font-size: clamp(13px, 2.5vw, 15px)\"><!-- [et_pb_line_break_holder] -->                    <span style=\"font-size: 18px\">\ud83d\udcd8<\/span> Voir sur Facebook<!-- [et_pb_line_break_holder] -->                <\/a><!-- [et_pb_line_break_holder] -->                <a href=\"https:\/\/www.instagram.com\/reel\/DXhi5DIgNlf\/?igsh=c3FldHAxbHJ5ZzUx\" target=\"_blank\" style=\"align-items: center;gap: 8px;background: linear-gradient(45deg, #f09433 0%, #e6683c 25%, #dc2743 50%, #cc2366 75%, #bc1888 100%);color: white;padding: 10px 20px;border-radius: 50px;text-decoration: none;font-weight: bold;font-size: clamp(13px, 2.5vw, 15px)\"><!-- [et_pb_line_break_holder] -->                    <span style=\"font-size: 18px\">\ud83d\udcf8<\/span> Voir sur Instagram<!-- [et_pb_line_break_holder] -->                <\/a><!-- [et_pb_line_break_holder] -->            <\/div>\n<p><!-- [et_pb_line_break_holder] -->        <\/div>\n<p><!-- [et_pb_line_break_holder] --><!-- [et_pb_line_break_holder] -->        <!-- Bloc Vid\u00e9o 2 : R\u00e9capitulatif C\u00e9r\u00e9monie --><!-- [et_pb_line_break_holder] -->        <\/p>\n<div style=\"background-color: #f8fafc;border: 1px solid #e2e8f0;border-radius: 20px;padding: clamp(20px, 4vw, 30px);text-align: center\"><!-- [et_pb_line_break_holder] -->            <\/p>\n<div style=\"font-size: 30px;margin-bottom: 10px\">\u2728<\/div>\n<p><!-- [et_pb_line_break_holder] -->            <\/p>\n<h3 style=\"color: #0f172a;font-size: clamp(18px, 4vw, 22px);font-weight: bold;margin-bottom: 10px\">Dans les coulisses de la C\u00e9r\u00e9monie<\/h3>\n<p><!-- [et_pb_line_break_holder] -->            <pee style=\"color: #64748b;font-size: clamp(13px, 2.5vw, 15px);margin-bottom: 25px\">Un r\u00e9sum\u00e9 dynamique de la soir\u00e9e de remise des troph\u00e9es au c\u0153ur de l&rsquo;H\u00e9micycle de la R\u00e9gion.<\/pee><!-- [et_pb_line_break_holder] --><!-- [et_pb_line_break_holder] -->            <!-- Ajout display flex --><!-- [et_pb_line_break_holder] -->            <\/p>\n<div style=\"flex-wrap: wrap;gap: 15px;justify-content: center\"><!-- [et_pb_line_break_holder] -->                <a href=\"https:\/\/fb.watch\/GHrdPMP6PR\/?\" target=\"_blank\" style=\"align-items: center;gap: 8px;background-color: #1877F2;color: white;padding: 10px 20px;border-radius: 50px;text-decoration: none;font-weight: bold;font-size: clamp(13px, 2.5vw, 15px)\"><!-- [et_pb_line_break_holder] -->                    <span style=\"font-size: 18px\">\ud83d\udcd8<\/span> Voir sur Facebook<!-- [et_pb_line_break_holder] -->                <\/a><!-- [et_pb_line_break_holder] -->                <a href=\"https:\/\/www.instagram.com\/reel\/DXhjqqvAHBp\/?igsh=dzdqcnIyNzF3ODIx\" target=\"_blank\" style=\"align-items: center;gap: 8px;background: linear-gradient(45deg, #f09433 0%, #e6683c 25%, #dc2743 50%, #cc2366 75%, #bc1888 100%);color: white;padding: 10px 20px;border-radius: 50px;text-decoration: none;font-weight: bold;font-size: clamp(13px, 2.5vw, 15px)\"><!-- [et_pb_line_break_holder] -->                    <span style=\"font-size: 18px\">\ud83d\udcf8<\/span> Voir sur Instagram<!-- [et_pb_line_break_holder] -->                <\/a><!-- [et_pb_line_break_holder] -->            <\/div>\n<p><!-- [et_pb_line_break_holder] -->        <\/div>\n<p><!-- [et_pb_line_break_holder] --><!-- [et_pb_line_break_holder] -->    <\/div>\n<p><!-- [et_pb_line_break_holder] --><!-- [et_pb_line_break_holder] -->    <!-- FIERT\u00c9 R\u00c9UNIONNAISE ET PHOTO SOUVENIR --><!-- [et_pb_line_break_holder] -->    <\/p>\n<div style=\"text-align: center;margin-bottom: clamp(30px, 5vw, 50px);background-color: #f8fafc;padding: clamp(25px, 4vw, 40px) 15px;border-radius: 20px;border: 1px solid #e2e8f0\"><!-- [et_pb_line_break_holder] -->        <pee style=\"font-size: clamp(20px, 4vw, 26px);font-weight: 900;color: #1e3a8a;margin-bottom: 25px;letter-spacing: -0.5px\"><!-- [et_pb_line_break_holder] -->            \ud83c\uddf7\ud83c\uddea La Jeunesse reunionnaise l\u00e9 Bien la.<!-- [et_pb_line_break_holder] -->        <\/pee><!-- [et_pb_line_break_holder] -->        <img decoding=\"async\" src=\"https:\/\/etab.ac-reunion.fr\/lyc-bel-air\/wp-content\/uploads\/sites\/71\/2026\/04\/IMG_6659.jpeg\" alt=\"M. Ramaye et Chaka devant le kak\u00e9mono Cobaty\" style=\"max-width: 400px;width: 100%;height: auto;border-radius: 15px;margin: 0 auto\"><!-- [et_pb_line_break_holder] -->        <pee style=\"color: #64748b;font-size: clamp(12px, 2vw, 14px);font-style: italic;margin-top: 15px\">Fiers de repr\u00e9senter le Lyc\u00e9e Bel Air et nos fili\u00e8res au concours Cobaty !<\/pee><!-- [et_pb_line_break_holder] -->    <\/div>\n<p><!-- [et_pb_line_break_holder] --><!-- [et_pb_line_break_holder] -->    <!-- SIGNATURE AUTEUR --><!-- [et_pb_line_break_holder] -->    <!-- Ajout display flex --><!-- [et_pb_line_break_holder] -->    <\/p>\n<div style=\"margin-top: clamp(30px, 5vw, 50px);padding-top: clamp(20px, 4vw, 30px);border-top: 2px dashed #e5e7eb;flex-wrap: wrap;align-items: center;justify-content: flex-end;gap: 15px\"><!-- [et_pb_line_break_holder] -->        <\/p>\n<div style=\"text-align: right\"><!-- [et_pb_line_break_holder] -->            <pee style=\"margin: 0;font-size: clamp(12px, 2vw, 14px);color: #6b7280;font-style: italic\">Article r\u00e9dig\u00e9 par<\/pee><!-- [et_pb_line_break_holder] -->            <pee style=\"margin: 0;font-size: clamp(18px, 4vw, 22px);font-weight: 900;color: #1e3a8a;letter-spacing: -0.5px\">By Ramaye Prof<\/pee><!-- [et_pb_line_break_holder] -->            <pee style=\"margin: 0;font-size: clamp(13px, 2.5vw, 15px);color: #fbbf24;font-weight: 800;text-transform: uppercase\">#BTSEBCR<\/pee><!-- [et_pb_line_break_holder] -->        <\/div>\n<p><!-- [et_pb_line_break_holder] -->        <\/p>\n<div style=\"width: clamp(40px, 8vw, 60px);height: clamp(40px, 8vw, 60px);background-color: #f8fafc;border: 2px solid #e5e7eb;border-radius: 50%;align-items: center;justify-content: center;font-size: clamp(20px, 4vw, 30px)\"><!-- [et_pb_line_break_holder] -->            \ud83d\udc68\u200d\ud83c\udfeb<!-- [et_pb_line_break_holder] -->        <\/div>\n<p><!-- [et_pb_line_break_holder] -->    <\/div>\n<p><!-- [et_pb_line_break_holder] --><!-- [et_pb_line_break_holder] --><!-- FIN DU CONTENU PRINCIPAL --><!-- [et_pb_line_break_holder] --><\/div>\n<p><!-- [et_pb_line_break_holder] --><!-- [et_pb_line_break_holder] --><!-- FOOTER --><!-- [et_pb_line_break_holder] --><\/p>\n<div style=\"background-color: #0f172a;padding: clamp(20px, 4vw, 30px) 15px;text-align: center;border-top: 1px solid #1e293b\"><!-- [et_pb_line_break_holder] -->    <\/p>\n<div style=\"width: 40px;height: 4px;background-color: #fbbf24;border-radius: 5px;margin: 0 auto 15px auto\"><\/div>\n<p><!-- [et_pb_line_break_holder] -->    <pee style=\"color: #94a3b8;font-size: clamp(10px, 2vw, 11px);font-weight: 800;text-transform: uppercase;letter-spacing: 3px;margin: 0\"><!-- [et_pb_line_break_holder] -->        Lyc\u00e9e Bel Air \u2022 Concours Cobaty \u2022 Excellence P\u00e9dagogique<!-- [et_pb_line_break_holder] -->    <\/pee><!-- [et_pb_line_break_holder] -->    <pee style=\"color: #64748b;font-size: clamp(10px, 2vw, 11px);margin-top: 10px;font-style: italic\"><!-- [et_pb_line_break_holder] -->        \u00ab\u00a0Une exp\u00e9rience que nous renouvellerons l&rsquo;ann\u00e9e prochaine avec de nouveaux candidats !\u00a0\u00bb<!-- [et_pb_line_break_holder] -->    <\/pee><!-- [et_pb_line_break_holder] --><\/div>\n<p><!-- [et_pb_line_break_holder] --><!-- [et_pb_line_break_holder] --><\/div>\n<p>[\/et_pb_code][\/et_pb_column][\/et_pb_row][\/et_pb_section]<\/p>\n<!-- AddThis Advanced Settings generic via filter on the_content --><!-- AddThis Share Buttons generic via filter on the_content -->","protected":false},"excerpt":{"rendered":"<p><!-- AddThis Advanced Settings generic via filter on get_the_excerpt --><!-- AddThis Share Buttons generic via filter on get_the_excerpt --><\/p>\n","protected":false},"author":17512,"featured_media":20794,"comment_status":"closed","ping_status":"closed","sticky":false,"template":"","format":"standard","meta":{"_et_pb_use_builder":"on","_et_pb_old_content":"<!-- wp:heading {\"level\":3} -->\n<h3 class=\"wp-block-heading\"><em>Un s\u00e9jour du 25 au 28 novembre \u2013 intense, humain, et formateur<\/em><\/h3>\n<!-- \/wp:heading -->\n\n<!-- wp:paragraph -->\n<p>Cette semaine, les \u00e9tudiants du <strong>BTS EBCR<\/strong> du Lyc\u00e9e Bel Air ont v\u00e9cu une aventure rare :<br><strong>4 jours au c\u0153ur du cirque de Mafate<\/strong>, site prot\u00e9g\u00e9, isol\u00e9, class\u00e9 UNESCO\u2026 et surtout un lieu o\u00f9 tout prend un autre sens : l\u2019effort, la solidarit\u00e9, le m\u00e9tier et la relation humaine.<\/p>\n<!-- \/wp:paragraph -->\n\n<!-- wp:separator -->\n<hr class=\"wp-block-separator has-alpha-channel-opacity\" \/>\n<!-- \/wp:separator -->\n\n<!-- wp:heading -->\n<h2 class=\"wp-block-heading\">\ud83e\udd7e 1. <strong>Une aventure sportive &amp; une coh\u00e9sion qui se construit<\/strong><\/h2>\n<!-- \/wp:heading -->\n\n<!-- wp:paragraph -->\n<p>Au total : <strong>22 km parcourus<\/strong>, <strong>+1000 m de d\u00e9nivel\u00e9 positif<\/strong>, <strong>\u20131000 m de d\u00e9nivel\u00e9 n\u00e9gatif<\/strong>.<br>Un parcours exigeant :<\/p>\n<!-- \/wp:paragraph -->\n\n<!-- wp:list -->\n<ul class=\"wp-block-list\"><!-- wp:list-item -->\n<li>Col des B\u0153ufs \u2192 Marla (via Passerelle \u00c9th\u00e8ve)<\/li>\n<!-- \/wp:list-item -->\n\n<!-- wp:list-item -->\n<li>Marla \u2192 Trois Roches \u2192 La Nouvelle<\/li>\n<!-- \/wp:list-item -->\n\n<!-- wp:list-item -->\n<li>La Nouvelle \u2192 Col des B\u0153ufs<\/li>\n<!-- \/wp:list-item --><\/ul>\n<!-- \/wp:list -->\n\n<!-- wp:paragraph -->\n<p>\ud83c\udf27\ufe0f Pluie, glissades, fatigue, chaleur, sac lourd\u2026<br>Mais aussi : fous rires, entraide, discussions, paysages incroyables.<br>La <strong>coh\u00e9sion n\u2019a pas \u00e9t\u00e9 parfaite<\/strong>, mais elle s\u2019est construite pas \u00e0 pas : certains l\u2019ont ressentie tr\u00e8s vite, d\u2019autres un peu moins\u2026 mais chacun a avanc\u00e9, et <strong>tout le monde a termin\u00e9<\/strong>, ce qui est d\u00e9j\u00e0 une victoire \ud83d\udc4f<\/p>\n<!-- \/wp:paragraph -->\n\n<!-- wp:paragraph -->\n<p>\ud83d\udcf2 Cette sortie a aussi \u00e9t\u00e9 l\u2019occasion d\u2019une premi\u00e8re mise en live sur le compte <a href=\"https:\/\/www.facebook.com\/lyceebelair97441\/?locale=fr_FR\" data-type=\"link\" data-id=\"https:\/\/www.facebook.com\/lyceebelair97441\/?locale=fr_FR\">Facebook du lyc\u00e9e Bel Air-Officiel<\/a>  : vous pouvez y retrouver plusieurs vid\u00e9os qui retracent les moments forts de l\u2019aventure.<\/p>\n<!-- \/wp:paragraph -->\n\n<!-- wp:separator -->\n<hr class=\"wp-block-separator has-alpha-channel-opacity\" \/>\n<!-- \/wp:separator -->\n\n<!-- wp:heading -->\n<h2 class=\"wp-block-heading\"><strong>\ud83e\uddd1\u200d\ud83c\udfeb 2. Intervention p\u00e9dagogique \u00e0 l\u2019\u00c9cole Andr\u00e9 B\u00e8gue \u2013 La Nouvelle<\/strong><\/h2>\n<!-- \/wp:heading -->\n\n<!-- wp:paragraph {\"fontSize\":\"medium\"} -->\n<p class=\"has-medium-font-size\">Nous avons \u00e9t\u00e9 accueillis chaleureusement par :<\/p>\n<!-- \/wp:paragraph -->\n\n<!-- wp:list -->\n<ul class=\"wp-block-list\"><!-- wp:list-item -->\n<li><strong>Mme Cazanove<\/strong>, enseignante motiv\u00e9e et engag\u00e9e<\/li>\n<!-- \/wp:list-item -->\n\n<!-- wp:list-item -->\n<li>ses 14 \u00e9l\u00e8ves (maternelle \u2192 CM2)<\/li>\n<!-- \/wp:list-item -->\n\n<!-- wp:list-item -->\n<li>l\u2019ASH et l\u2019ASM de l\u2019\u00e9cole<\/li>\n<!-- \/wp:list-item --><\/ul>\n<!-- \/wp:list -->\n\n<!-- wp:paragraph -->\n<p>Nos \u00e9tudiants ont pr\u00e9sent\u00e9 une <strong>BD LEGO p\u00e9dagogique<\/strong> construite sp\u00e9cialement pour eux :<br>\ud83d\udc49 expliquer le ce qu'est lyc\u00e9e Bel Air, les m\u00e9tiers du b\u00e2timent, les fili\u00e8res<br>\ud83d\udc49 montrer comment on construit une maison cr\u00e9ole, une fa\u00e7ade, une menuiserie, un b\u00e2timent public<br>\ud83d\udc49 ouvrir leur imaginaire \u00e0 d\u2019autres m\u00e9tiers<\/p>\n<!-- \/wp:paragraph -->\n\n<!-- wp:paragraph -->\n<p>\ud83d\udc67\ud83e\uddd2<br>\u00c0 Mafate, les enfants r\u00eavent souvent de devenir <strong>pilote d\u2019h\u00e9licopt\u00e8re<\/strong> ou <strong>g\u00eeteur<\/strong>.<br>De beaux r\u00eaves \u2728<br>Mais gr\u00e2ce \u00e0 l\u2019\u00e9change, Mme Cazanove nous a confi\u00e9 qu\u2019il serait pr\u00e9cieux de leur montrer aussi les m\u00e9tiers du b\u00e2timent \u2014 des m\u00e9tiers concrets, n\u00e9cessaires, adapt\u00e9s au territoire.<\/p>\n<!-- \/wp:paragraph -->\n\n<!-- wp:paragraph -->\n<p>Les \u00e9l\u00e8ves ont \u00e9t\u00e9 touchants, curieux, \u00e9tonn\u00e9s, et nos \u00e9tudiants ont su transmettre avec bienveillance.<\/p>\n<!-- \/wp:paragraph -->\n\n<!-- wp:image {\"lightbox\":{\"enabled\":false},\"id\":20114,\"sizeSlug\":\"large\",\"linkDestination\":\"custom\"} -->\n<figure class=\"wp-block-image size-large\"><a href=\"https:\/\/www.facebook.com\/reel\/1304796185020175?locale=fr_FR\"><img src=\"https:\/\/etab.ac-reunion.fr\/lyc-bel-air\/wp-content\/uploads\/sites\/71\/2025\/12\/Capture-decran-2025-12-07-a-09.25.20-1024x624.png\" alt=\"\" class=\"wp-image-20114\" \/><\/a><\/figure>\n<!-- \/wp:image -->\n\n<!-- wp:paragraph {\"fontSize\":\"small\"} -->\n<p class=\"has-small-font-size\"><em>Clic sur la photo<\/em><\/p>\n<!-- \/wp:paragraph -->\n\n<!-- wp:separator -->\n<hr class=\"wp-block-separator has-alpha-channel-opacity\" \/>\n<!-- \/wp:separator -->\n\n<!-- wp:heading -->\n<h2 class=\"wp-block-heading\">\ud83c\udfd7\ufe0f 3. <strong>Visites de chantiers &amp; analyse professionnelle<\/strong><\/h2>\n<!-- \/wp:heading -->\n\n<!-- wp:paragraph -->\n<p>\u00c0 La Nouvelle, nos \u00e9tudiants ont travaill\u00e9 sur plusieurs chantiers :<\/p>\n<!-- \/wp:paragraph -->\n\n<!-- wp:list -->\n<ul class=\"wp-block-list\"><!-- wp:list-item -->\n<li>locaux <strong>UT\/UP de l\u2019ONF<\/strong><\/li>\n<!-- \/wp:list-item -->\n\n<!-- wp:list-item -->\n<li><strong>nouveau b\u00e2timent de l\u2019Office du Tourisme<\/strong><\/li>\n<!-- \/wp:list-item -->\n\n<!-- wp:list-item -->\n<li>plusieurs ouvrages traditionnels (ossature bois, bardage, menuiserie, couverture)<\/li>\n<!-- \/wp:list-item -->\n\n<!-- wp:list-item -->\n<li>zones de stockage, zones h\u00e9liport\u00e9es, \u00e9vacuation des d\u00e9chets<\/li>\n<!-- \/wp:list-item --><\/ul>\n<!-- \/wp:list -->\n\n<!-- wp:paragraph -->\n<p>Ils ont pu analyser :<br>\u2714\ufe0f la logistique h\u00e9liport\u00e9e<br>\u2714\ufe0f le co\u00fbt r\u00e9el des mat\u00e9riaux en milieu enclav\u00e9<br>\u2714\ufe0f les contraintes climatiques<br>\u2714\ufe0f les choix techniques pour r\u00e9sister aux cyclones, \u00e0 l\u2019humidit\u00e9 et aux \u00e9carts de temp\u00e9rature<br>\u2714\ufe0f l\u2019organisation humaine (h\u00e9bergement, d\u00e9placement, s\u00e9curit\u00e9)<br>\u2714\ufe0f les r\u00e8gles sp\u00e9cifiques d\u2019un site UNESCO<\/p>\n<!-- \/wp:paragraph -->\n\n<!-- wp:paragraph -->\n<p>Ils ont pu \u00e9changer avec les habitants, les professionnels\u2026 et m\u00eame apprendre 1000 choses rien qu\u2019en observant.<\/p>\n<!-- \/wp:paragraph -->\n\n<!-- wp:image {\"lightbox\":{\"enabled\":false},\"id\":20115,\"sizeSlug\":\"large\",\"linkDestination\":\"custom\"} -->\n<figure class=\"wp-block-image size-large\"><a href=\"https:\/\/www.facebook.com\/reel\/1566716914509930?locale=fr_FR\"><img src=\"https:\/\/etab.ac-reunion.fr\/lyc-bel-air\/wp-content\/uploads\/sites\/71\/2025\/12\/IMG_2844-1024x819.jpeg\" alt=\"\" class=\"wp-image-20115\" \/><\/a><\/figure>\n<!-- \/wp:image -->\n\n<!-- wp:paragraph -->\n<p><em>Clic sur la photo<\/em><\/p>\n<!-- \/wp:paragraph -->\n\n<!-- wp:separator -->\n<hr class=\"wp-block-separator has-alpha-channel-opacity\" \/>\n<!-- \/wp:separator -->\n\n<!-- wp:heading -->\n<h2 class=\"wp-block-heading\">\ud83d\udcac 4. <strong>Des rencontres humaines marquantes<\/strong><\/h2>\n<!-- \/wp:heading -->\n\n<!-- wp:paragraph -->\n<p>Tout au long du s\u00e9jour, les \u00e9changes ont \u00e9t\u00e9 nombreux :<\/p>\n<!-- \/wp:paragraph -->\n\n<!-- wp:heading {\"level\":3} -->\n<h3 class=\"wp-block-heading\">\ud83d\udc69\u200d\ud83e\uddb0 Une randonneuse rencontr\u00e9e sur le sentier<\/h3>\n<!-- \/wp:heading -->\n\n<!-- wp:paragraph -->\n<p>Elle nous a f\u00e9licit\u00e9s pour ce projet \u00e9ducatif et a salu\u00e9 l\u2019initiative du lyc\u00e9e :<\/p>\n<!-- \/wp:paragraph -->\n\n<!-- wp:quote -->\n<blockquote class=\"wp-block-quote\"><!-- wp:paragraph -->\n<p>\u00ab C\u2019est une superbe id\u00e9e pour vos jeunes\u2026 d\u00e9couvrir Mafate comme \u00e7a, c\u2019est inoubliable. \u00bb<\/p>\n<!-- \/wp:paragraph --><\/blockquote>\n<!-- \/wp:quote -->\n\n<!-- wp:heading {\"level\":3} -->\n<h3 class=\"wp-block-heading\">\ud83d\udc68\u200d\ud83c\udfeb Un groupe d\u2019enseignants (professeurs \u00e0 la retraite)<br><\/h3>\n<!-- \/wp:heading -->\n\n<!-- wp:paragraph -->\n<p>Moment super sympa, plein de bienveillance et d\u2019encouragements.<br>Ils ont discut\u00e9 avec les \u00e9tudiants, salu\u00e9 leur motivation, et encourag\u00e9 notre \u00e9quipe \u00e0 continuer ce type de projet.<\/p>\n<!-- \/wp:paragraph -->\n\n<!-- wp:heading {\"level\":3} -->\n<h3 class=\"wp-block-heading\">\ud83d\udc69\u200d\ud83c\udfeb Mme Cazanove<\/h3>\n<!-- \/wp:heading -->\n\n<!-- wp:paragraph -->\n<p>Ravie de nous recevoir, elle serait partante pour d\u2019autres interventions de ce type, afin d\u2019aider les enfants \u00e0 d\u00e9couvrir la multitude de m\u00e9tiers possibles apr\u00e8s le coll\u00e8ge.<\/p>\n<!-- \/wp:paragraph -->\n\n<!-- wp:heading {\"level\":3} -->\n<h3 class=\"wp-block-heading\">\ud83d\udc66 Daniel N. (\u00e9tudiant, originaire de Mayotte)<\/h3>\n<!-- \/wp:heading -->\n\n<!-- wp:paragraph -->\n<p>Pour lui, c\u2019\u00e9tait une d\u00e9couverte totale :<\/p>\n<!-- \/wp:paragraph -->\n\n<!-- wp:quote -->\n<blockquote class=\"wp-block-quote\"><!-- wp:paragraph -->\n<p>\u00ab Mafate\u2026 c\u2019est incroyable. Je suis vraiment content d\u2019avoir vu \u00e7a, autrement que sur Internet. \u00bb<br>Il ne sait pas encore s\u2019il restera \u00e0 La R\u00e9union apr\u00e8s le BTS, mais cette exp\u00e9rience restera pour lui un souvenir marquant.<\/p>\n<!-- \/wp:paragraph --><\/blockquote>\n<!-- \/wp:quote -->\n\n<!-- wp:separator -->\n<hr class=\"wp-block-separator has-alpha-channel-opacity\" \/>\n<!-- \/wp:separator -->\n\n<!-- wp:heading -->\n<h2 class=\"wp-block-heading\">\ud83c\udf04 5. Une coh\u00e9sion de groupe renforc\u00e9e<\/h2>\n<!-- \/wp:heading -->\n\n<!-- wp:paragraph -->\n<p>\u00catre isol\u00e9s \u00e0 Mafate, uniquement entre camarades \u2014 futurs coll\u00e8gues \u2014 a oblig\u00e9 chacun \u00e0 communiquer, s\u2019organiser et veiller les uns sur les autres. <\/p>\n<!-- \/wp:paragraph -->\n\n<!-- wp:list -->\n<ul class=\"wp-block-list\"><!-- wp:list-item -->\n<li>Communiquer et s\u2019organiser entre camarades, loin du quotidien et du r\u00e9seau.<\/li>\n<!-- \/wp:list-item -->\n\n<!-- wp:list-item -->\n<li>Vivre en dortoirs, apprendre \u00e0 cohabiter et respecter l\u2019autre.<\/li>\n<!-- \/wp:list-item -->\n\n<!-- wp:list-item -->\n<li>Marcher en petits groupes, adapter son rythme, encourager, attendre, prendre soin de son camarade.<\/li>\n<!-- \/wp:list-item -->\n\n<!-- wp:list-item -->\n<li>G\u00e9rer l\u2019effort ensemble, jusqu\u2019aux petits massages sportifs \ud83d\ude05 apr\u00e8s la mont\u00e9e pour soulager les sacs trop lourds !<\/li>\n<!-- \/wp:list-item -->\n\n<!-- wp:list-item -->\n<li>Partager les repas, vivre des moments simples que certains ne connaissent jamais le midi.<\/li>\n<!-- \/wp:list-item -->\n\n<!-- wp:list-item -->\n<li>\u00c9changer autrement avec les enseignants, dans un cadre bienveillant et non scolaire.<\/li>\n<!-- \/wp:list-item -->\n\n<!-- wp:list-item -->\n<li>Assumer leur bungalow, ranger, respecter l\u2019espace, \u00eatre responsables ensemble.<\/li>\n<!-- \/wp:list-item --><\/ul>\n<!-- \/wp:list -->\n\n<!-- wp:paragraph -->\n<p><br>La rencontre avec les habitants et les randonneurs a \u00e9galement mis en lumi\u00e8re une valeur souvent oubli\u00e9e en milieu urbain : le savoir-vivre. Dire \"bonjour\", \u00e9changer quelques mots, demander si la mont\u00e9e s\u2019est bien pass\u00e9e\u2026 ces interactions simples prennent tout leur sens dans un lieu comme Mafate, o\u00f9 la communication humaine est naturelle, essentielle, authentique.<\/p>\n<!-- \/wp:paragraph -->\n\n<!-- wp:paragraph -->\n<p>\ud83d\udc49 Une exp\u00e9rience courte, intense, humaine\u2026 qui a r\u00e9ellement soud\u00e9 le groupe.<\/p>\n<!-- \/wp:paragraph -->\n\n<!-- wp:paragraph -->\n<p>\ud83d\udc49 Une coh\u00e9sion r\u00e9elle, v\u00e9cue sur le terrain.<\/p>\n<!-- \/wp:paragraph -->\n\n<!-- wp:separator -->\n<hr class=\"wp-block-separator has-alpha-channel-opacity\" \/>\n<!-- \/wp:separator -->\n\n<!-- wp:paragraph -->\n<p><em>Clic sur la photo<\/em><\/p>\n<!-- \/wp:paragraph -->\n\n<!-- wp:image {\"lightbox\":{\"enabled\":false},\"id\":20139,\"sizeSlug\":\"full\",\"linkDestination\":\"custom\"} -->\n<figure class=\"wp-block-image size-full\"><img src=\"https:\/\/etab.ac-reunion.fr\/lyc-bel-air\/wp-content\/uploads\/sites\/71\/2025\/12\/Heading-edited.png\" alt=\"\" class=\"wp-image-20139\" \/><\/figure>\n<!-- \/wp:image -->\n\n<!-- wp:separator -->\n<hr class=\"wp-block-separator has-alpha-channel-opacity\" \/>\n<!-- \/wp:separator -->\n\n<!-- wp:heading {\"style\":{\"typography\":{\"fontSize\":\"27px\"}}} -->\n<h2 class=\"wp-block-heading\" style=\"font-size:27px\">\ud83d\udcd8 6. <strong>Un travail p\u00e9dagogique structur\u00e9<\/strong><\/h2>\n<!-- \/wp:heading -->\n\n<!-- wp:paragraph -->\n<p>Gr\u00e2ce au livret pr\u00e9par\u00e9 par M. Ramaye, les \u00e9tudiants ont r\u00e9alis\u00e9 :<\/p>\n<!-- \/wp:paragraph -->\n\n<!-- wp:list -->\n<ul class=\"wp-block-list\"><!-- wp:list-item -->\n<li>observations techniques<\/li>\n<!-- \/wp:list-item -->\n\n<!-- wp:list-item -->\n<li>croquis<\/li>\n<!-- \/wp:list-item -->\n\n<!-- wp:list-item -->\n<li>analyse logistique<\/li>\n<!-- \/wp:list-item -->\n\n<!-- wp:list-item -->\n<li>r\u00e9flexion sur un projet de <strong>construction de bungalows<\/strong><\/li>\n<!-- \/wp:list-item -->\n\n<!-- wp:list-item -->\n<li>questions aux habitants<\/li>\n<!-- \/wp:list-item -->\n\n<!-- wp:list-item -->\n<li>\u00e9tude environnementale<\/li>\n<!-- \/wp:list-item -->\n\n<!-- wp:list-item -->\n<li>propositions d\u2019am\u00e9lioration<\/li>\n<!-- \/wp:list-item --><\/ul>\n<!-- \/wp:list -->\n\n<!-- wp:paragraph -->\n<p>Un vrai travail <strong>professionnel<\/strong>, r\u00e9alis\u00e9 dans un cadre exceptionnel.<\/p>\n<!-- \/wp:paragraph -->\n\n<!-- wp:image {\"id\":20116,\"width\":\"224px\",\"height\":\"auto\",\"sizeSlug\":\"full\",\"linkDestination\":\"none\"} -->\n<figure class=\"wp-block-image size-full is-resized\"><img src=\"https:\/\/etab.ac-reunion.fr\/lyc-bel-air\/wp-content\/uploads\/sites\/71\/2025\/12\/Capture-decran-2025-12-07-a-09.42.52.png\" alt=\"\" class=\"wp-image-20116\" style=\"width:224px;height:auto\" \/><\/figure>\n<!-- \/wp:image -->\n\n<!-- wp:separator -->\n<hr class=\"wp-block-separator has-alpha-channel-opacity\" \/>\n<!-- \/wp:separator -->\n\n<!-- wp:heading {\"level\":3,\"style\":{\"typography\":{\"fontSize\":\"27px\"}}} -->\n<h3 class=\"wp-block-heading\" style=\"font-size:27px\"><strong>\ud83d\udcdd <\/strong>7.<strong> Coup de chapeau \u00e0 Mlle Chaka Paravement<\/strong><\/h3>\n<!-- \/wp:heading -->\n\n<!-- wp:paragraph -->\n<p>Un grand bravo \u00e0 <strong>Chaka<\/strong> qui a produit un compte rendu super propre, clair et pro ! \ud83d\udd25<br>Elle a su capter l\u2019essentiel : le terrain, la technique, l\u2019organisation de chantier et l\u2019humain\u2026 exactement l\u2019esprit du <strong>BTS EBCR<\/strong>.<br>Un travail s\u00e9rieux, appliqu\u00e9, qui montre l\u2019implication de nos \u00e9tudiants et la qualit\u00e9 de la formation.<br>Franchement, joli boulot \ud83d\udc4f\ud83d\udc9b<\/p>\n<!-- \/wp:paragraph -->\n\n<!-- wp:file {\"id\":20108,\"href\":\"https:\/\/etab.ac-reunion.fr\/lyc-bel-air\/wp-content\/uploads\/sites\/71\/2025\/12\/CR-Mafate-2_compressed.pdf\",\"displayPreview\":true,\"previewHeight\":520} -->\n<div class=\"wp-block-file\"><object class=\"wp-block-file__embed\" data=\"https:\/\/etab.ac-reunion.fr\/lyc-bel-air\/wp-content\/uploads\/sites\/71\/2025\/12\/CR-Mafate-2_compressed.pdf\" type=\"application\/pdf\" style=\"width:100%;height:520px\" aria-label=\"CR Mafate  (2)_compressed\"><\/object><a id=\"wp-block-file--media-34b5ad6c-8d6c-43af-bf71-6f73dc99bd0f\" href=\"https:\/\/etab.ac-reunion.fr\/lyc-bel-air\/wp-content\/uploads\/sites\/71\/2025\/12\/CR-Mafate-2_compressed.pdf\">CR Mafate  (2)_compressed<\/a><a href=\"https:\/\/etab.ac-reunion.fr\/lyc-bel-air\/wp-content\/uploads\/sites\/71\/2025\/12\/CR-Mafate-2_compressed.pdf\" class=\"wp-block-file__button wp-element-button\" download aria-describedby=\"wp-block-file--media-34b5ad6c-8d6c-43af-bf71-6f73dc99bd0f\">T\u00e9l\u00e9charger<\/a><\/div>\n<!-- \/wp:file -->\n\n<!-- wp:paragraph -->\n<p><\/p>\n<!-- \/wp:paragraph -->\n\n<!-- wp:paragraph -->\n<p><\/p>\n<!-- \/wp:paragraph -->\n\n<!-- wp:paragraph -->\n<p><\/p>\n<!-- \/wp:paragraph -->\n\n<!-- wp:paragraph -->\n<p><\/p>\n<!-- \/wp:paragraph -->\n\n<!-- wp:paragraph -->\n<p><\/p>\n<!-- \/wp:paragraph -->\n\n<!-- wp:paragraph -->\n<p><\/p>\n<!-- \/wp:paragraph -->\n\n<!-- wp:paragraph -->\n<p><\/p>\n<!-- \/wp:paragraph -->\n\n<!-- wp:paragraph -->\n<p><\/p>\n<!-- \/wp:paragraph -->\n\n<!-- wp:paragraph -->\n<p><\/p>\n<!-- \/wp:paragraph -->\n\n<!-- wp:paragraph -->\n<p><\/p>\n<!-- \/wp:paragraph -->\n\n<!-- wp:paragraph -->\n<p><\/p>\n<!-- \/wp:paragraph -->\n\n<!-- wp:paragraph -->\n<p><\/p>\n<!-- \/wp:paragraph -->\n\n<!-- wp:paragraph -->\n<p><\/p>\n<!-- \/wp:paragraph -->\n\n<!-- wp:paragraph -->\n<p><\/p>\n<!-- \/wp:paragraph -->\n\n<!-- wp:paragraph -->\n<p><\/p>\n<!-- \/wp:paragraph -->\n\n<!-- wp:paragraph -->\n<p><\/p>\n<!-- \/wp:paragraph -->\n\n<!-- wp:paragraph -->\n<p><\/p>\n<!-- \/wp:paragraph -->\n\n<!-- wp:paragraph -->\n<p><\/p>\n<!-- \/wp:paragraph -->\n\n<!-- wp:paragraph -->\n<p><\/p>\n<!-- \/wp:paragraph -->\n\n<!-- wp:paragraph -->\n<p><\/p>\n<!-- \/wp:paragraph -->\n\n<!-- wp:paragraph -->\n<p><\/p>\n<!-- \/wp:paragraph -->\n\n<!-- wp:paragraph -->\n<p><\/p>\n<!-- \/wp:paragraph -->\n\n<!-- wp:paragraph -->\n<p><\/p>\n<!-- \/wp:paragraph -->\n\n<!-- wp:paragraph -->\n<p><\/p>\n<!-- \/wp:paragraph -->\n\n<!-- wp:paragraph -->\n<p><\/p>\n<!-- \/wp:paragraph -->\n\n<!-- wp:paragraph -->\n<p><\/p>\n<!-- \/wp:paragraph -->\n\n<!-- wp:paragraph -->\n<p><\/p>\n<!-- \/wp:paragraph -->\n\n<!-- wp:paragraph -->\n<p><\/p>\n<!-- \/wp:paragraph -->\n\n<!-- wp:paragraph -->\n<p><\/p>\n<!-- \/wp:paragraph -->\n\n<!-- wp:paragraph -->\n<p><\/p>\n<!-- \/wp:paragraph -->\n\n<!-- wp:paragraph -->\n<p><\/p>\n<!-- \/wp:paragraph -->\n\n<!-- wp:paragraph -->\n<p><\/p>\n<!-- \/wp:paragraph -->\n\n<!-- wp:paragraph -->\n<p><\/p>\n<!-- \/wp:paragraph -->\n\n<!-- wp:paragraph -->\n<p><\/p>\n<!-- \/wp:paragraph -->\n\n<!-- wp:paragraph -->\n<p><\/p>\n<!-- \/wp:paragraph -->\n\n<!-- wp:paragraph -->\n<p><\/p>\n<!-- \/wp:paragraph -->\n\n<!-- wp:heading -->\n<h2 class=\"wp-block-heading\">\ud83c\udf04 <strong>Conclusion : une sortie qui a du sens<\/strong><\/h2>\n<!-- \/wp:heading -->\n\n<!-- wp:paragraph -->\n<p>Cette sortie a permis de r\u00e9unir :<\/p>\n<!-- \/wp:paragraph -->\n\n<!-- wp:paragraph -->\n<p>\ud83c\udfc3\u200d\u2642\ufe0f <strong>Sport &amp; sant\u00e9<\/strong><br>\ud83c\udf93 <strong>P\u00e9dagogie active<\/strong><br>\ud83d\udc65 <strong>Rencontre &amp; culture<\/strong><br>\ud83c\udfd7\ufe0f <strong>Technique &amp; organisation<\/strong><br>\ud83c\udf3f <strong>Environnement &amp; respect du site<\/strong><\/p>\n<!-- \/wp:paragraph -->\n\n<!-- wp:paragraph -->\n<p>Elle a montr\u00e9 que l\u2019enseignement professionnel peut \u00eatre vivant, moderne, concret, et motivant.<\/p>\n<!-- \/wp:paragraph -->\n\n<!-- wp:separator -->\n<hr class=\"wp-block-separator has-alpha-channel-opacity\" \/>\n<!-- \/wp:separator -->\n\n<!-- wp:heading -->\n<h2 class=\"wp-block-heading\">\ud83d\ude4f <strong>Remerciements<\/strong><\/h2>\n<!-- \/wp:heading -->\n\n<!-- wp:paragraph -->\n<p>Merci :<\/p>\n<!-- \/wp:paragraph -->\n\n<!-- wp:paragraph {\"style\":{\"elements\":{\"link\":{\"color\":{\"text\":\"var:preset|color|black\"}}}},\"textColor\":\"black\"} -->\n<p class=\"has-black-color has-text-color has-link-color\">bien s\u00fbr, \u00e0 <em>nos \u00e9tudiants<\/em>, qui ont relev\u00e9 ce d\u00e9fi avec courage et curiosit\u00e9 \ud83d\udc99<\/p>\n<!-- \/wp:paragraph -->\n\n<!-- wp:paragraph -->\n<p>\u00e0 M. le Proviseur pour sa confiance, \u00e0 l\u2019\u00e9quipe de gestion, \u00e0 Mme Cazanove et l\u2019\u00e9cole Andr\u00e9 B\u00e8gue, aux habitants de Mafate, aux randonneurs rencontr\u00e9s<\/p>\n<!-- \/wp:paragraph -->\n\n<!-- wp:paragraph -->\n<p>\ud83d\ude4f Merci \u00e9galement <strong>\u00e0 l\u2019\u00e9quipe de pilotage du projet<\/strong>, Mr Bettenhausen, Mr Murat, Mr Nativel, Mr Ramaye pour le travail de pr\u00e9paration, la coordination sur le terrain et l\u2019encadrement p\u00e9dagogique tout au long du s\u00e9jour.<\/p>\n<!-- \/wp:paragraph -->\n\n<!-- wp:paragraph {\"fontSize\":\"medium\"} -->\n<p class=\"has-medium-font-size\">\ud83c\uddf7\ud83c\uddea <strong>Mafate : nou la mont\u00e9, nou la desann\u2026 \u00e9 nou la sort plu fort !<\/strong><br><\/p>\n<!-- \/wp:paragraph -->\n\n<!-- wp:image {\"lightbox\":{\"enabled\":false},\"id\":20119,\"width\":\"315px\",\"height\":\"auto\",\"sizeSlug\":\"large\",\"linkDestination\":\"custom\"} -->\n<figure class=\"wp-block-image size-large is-resized\"><a href=\"https:\/\/www.facebook.com\/reel\/1753980191958255?locale=fr_FR\"><img src=\"https:\/\/etab.ac-reunion.fr\/lyc-bel-air\/wp-content\/uploads\/sites\/71\/2025\/12\/IMG_2847-631x1024.jpeg\" alt=\"\" class=\"wp-image-20119\" style=\"width:315px;height:auto\" \/><\/a><\/figure>\n<!-- \/wp:image -->","_et_gb_content_width":"","footnotes":"","_links_to":"","_links_to_target":""},"categories":[6,39,221,61],"tags":[],"class_list":["post-20793","post","type-post","status-publish","format-standard","has-post-thumbnail","hentry","category-a-afficher-sur-la-page-daccueil","category-actualites","category-bts-ebcr","category-eb-bts"],"_links":{"self":[{"href":"https:\/\/etab.ac-reunion.fr\/lyc-bel-air\/wp-json\/wp\/v2\/posts\/20793","targetHints":{"allow":["GET"]}}],"collection":[{"href":"https:\/\/etab.ac-reunion.fr\/lyc-bel-air\/wp-json\/wp\/v2\/posts"}],"about":[{"href":"https:\/\/etab.ac-reunion.fr\/lyc-bel-air\/wp-json\/wp\/v2\/types\/post"}],"author":[{"embeddable":true,"href":"https:\/\/etab.ac-reunion.fr\/lyc-bel-air\/wp-json\/wp\/v2\/users\/17512"}],"replies":[{"embeddable":true,"href":"https:\/\/etab.ac-reunion.fr\/lyc-bel-air\/wp-json\/wp\/v2\/comments?post=20793"}],"version-history":[{"count":7,"href":"https:\/\/etab.ac-reunion.fr\/lyc-bel-air\/wp-json\/wp\/v2\/posts\/20793\/revisions"}],"predecessor-version":[{"id":20817,"href":"https:\/\/etab.ac-reunion.fr\/lyc-bel-air\/wp-json\/wp\/v2\/posts\/20793\/revisions\/20817"}],"wp:featuredmedia":[{"embeddable":true,"href":"https:\/\/etab.ac-reunion.fr\/lyc-bel-air\/wp-json\/wp\/v2\/media\/20794"}],"wp:attachment":[{"href":"https:\/\/etab.ac-reunion.fr\/lyc-bel-air\/wp-json\/wp\/v2\/media?parent=20793"}],"wp:term":[{"taxonomy":"category","embeddable":true,"href":"https:\/\/etab.ac-reunion.fr\/lyc-bel-air\/wp-json\/wp\/v2\/categories?post=20793"},{"taxonomy":"post_tag","embeddable":true,"href":"https:\/\/etab.ac-reunion.fr\/lyc-bel-air\/wp-json\/wp\/v2\/tags?post=20793"}],"curies":[{"name":"wp","href":"https:\/\/api.w.org\/{rel}","templated":true}]}}