{"id":20818,"date":"2026-04-26T18:54:34","date_gmt":"2026-04-26T14:54:34","guid":{"rendered":"https:\/\/etab.ac-reunion.fr\/lyc-bel-air\/?p=20818"},"modified":"2026-04-28T11:12:15","modified_gmt":"2026-04-28T07:12:15","slug":"20818","status":"publish","type":"post","link":"https:\/\/etab.ac-reunion.fr\/lyc-bel-air\/2026\/04\/26\/20818\/","title":{"rendered":"Soir\u00e9e \u00ab\u00a0Banquet et divertissements de l&rsquo;Antiquit\u00e9\u00a0\u00bb"},"content":{"rendered":"<p>[et_pb_section fb_built=\u00a0\u00bb1&Prime; _builder_version=\u00a0\u00bb4.27.6&Prime; _module_preset=\u00a0\u00bbdefault\u00a0\u00bb global_colors_info=\u00a0\u00bb{}\u00a0\u00bb][et_pb_row _builder_version=\u00a0\u00bb4.27.6&Prime; _module_preset=\u00a0\u00bbdefault\u00a0\u00bb global_colors_info=\u00a0\u00bb{}\u00a0\u00bb][et_pb_column type=\u00a0\u00bb4_4&Prime; _builder_version=\u00a0\u00bb4.27.6&Prime; _module_preset=\u00a0\u00bbdefault\u00a0\u00bb global_colors_info=\u00a0\u00bb{}\u00a0\u00bb][et_pb_gallery gallery_ids=\u00a0\u00bb20822,20823,20824,20825,20826,20827,20828,20829,20830,20831,20832,20833&Prime; _builder_version=\u00a0\u00bb4.27.6&Prime; _module_preset=\u00a0\u00bbdefault\u00a0\u00bb global_colors_info=\u00a0\u00bb{}\u00a0\u00bb][\/et_pb_gallery][et_pb_text _builder_version=\u00a0\u00bb4.27.6&Prime; _module_preset=\u00a0\u00bbdefault\u00a0\u00bb global_colors_info=\u00a0\u00bb{}\u00a0\u00bb]<\/p>\n<p><strong>\u00a0Une soir\u00e9e \u00ab\u00a0Banquet et divertissements\u00a0\u00bb pour rendre vivante la culture antique<\/strong><\/p>\n<p>\u00a0 \u00a0 \u00a0 \u00a0Ce samedi, les latinistes et deux \u00e9l\u00e8ves de la sp\u00e9cialit\u00e9 histoire-g\u00e9o et sciences politiques, ont organis\u00e9 une grande soir\u00e9e de l&rsquo;Antiquit\u00e9 au centre Z\u00e9lindor de Sainte-Suzanne.<\/p>\n<p>\u00a0 \u00a0 \u00a0 \u00a0 \u00a0 D\u00e8s l&rsquo;entr\u00e9e, le ton est donn\u00e9 : costumes inspir\u00e9s de la Gr\u00e8ce et de la Rome antique et ambiance immersive, gr\u00e2ce \u00e0 la r\u00e9gie orchestr\u00e9e par M. Boisvilliers (parent d&rsquo;\u00e9l\u00e8ve) et son \u00e9quipe.\u00a0<\/p>\n<p>\u00a0 \u00a0 Au coeur de la soir\u00e9e, les invit\u00e9s se sont pr\u00eat\u00e9s au jeu des ateliers li\u00e9s \u00e0 l&rsquo;Antiquit\u00e9 : th\u00e9\u00e2tre, philosophie, danse, astronomie, exposition de tableaux et conf\u00e9rence sur la d\u00e9mocratie ath\u00e9nienne. Tout cela s&rsquo;est r\u00e9alis\u00e9 en \u00e9quipe\u00a0 ! Mme Kuyten a pr\u00e9par\u00e9 l&rsquo;atelier sur les origines de la d\u00e9mocratie, Mme Lallement a accompagn\u00e9 les peintres, Mme Boutin a organis\u00e9 une conf\u00e9rence vivante sur la philosophie antique, Mme Bernachon a veill\u00e9 \u00e0 la s\u00e9curit\u00e9 et au bon d\u00e9roulement de l&rsquo;\u00e9v\u00e9nement, Mme Penverne a accueilli les invit\u00e9s et les a plac\u00e9s dans leur groupe. Mme Nguyen a suivi toute la soir\u00e9e avec son appareil photo et a r\u00e9alis\u00e9 un v\u00e9ritable reportage photo et vid\u00e9o. Les intervenants ont men\u00e9 les ateliers de th\u00e9\u00e2tre, de danse et d&rsquo;astronomie. Les parents ont pr\u00e9par\u00e9 le buffet. M. Boisvilliers et son \u00e9quipe ont assur\u00e9 la r\u00e9gie, avec un r\u00e9sultat tr\u00e8s professionnel. J&rsquo;ai mont\u00e9 la pi\u00e8ce de th\u00e9\u00e2tre avec les latinistes.\u00a0<\/p>\n<p>\u00a0 \u00a0 \u00a0 \u00a0 \u00a0 Heureusement, un banquet nous a r\u00e9unis le temps d&rsquo;une pause restaurative !\u00a0<\/p>\n<p>\u00a0 \u00a0 La soir\u00e9e s&rsquo;est cl\u00f4tur\u00e9e sur la pi\u00e8ce de th\u00e9\u00e2tre \u00ab\u00a0Fl\u00e8ches du destin\u00a0\u00bb, imagin\u00e9e et mise en sc\u00e8ne par les \u00e9l\u00e8ves en option Langue et Culture Antique (option latin, pour aller plus vite). Ce moment fort a mis en lumi\u00e8re leur talent, leur cr\u00e9ativit\u00e9 et leur engagement ! On s&rsquo;est amus\u00e9s, on a appris des choses, on a admir\u00e9 l&rsquo;implication et l&rsquo;\u00e9nergie des \u00e9l\u00e8ves.<\/p>\n<p>\u00a0 \u00a0 \u00a0 \u00a0 Comme disaient les Anciens, \u00ab\u00a0Ars longa, vita brevis\u00a0\u00bb, l&rsquo;art est long, la vie est br\u00e8ve. Le temps d&rsquo;une soir\u00e9e, les \u00e9l\u00e8ves ont su donner vie \u00e0 cet h\u00e9ritage !\u00a0<\/p>\n<p>Merci \u00e0 tous ceux qui se sont impliqu\u00e9s de pr\u00e8s ou de loin dans ce projet !\u00a0<\/p>\n<p>Bravo aux latinistes : Marie, L\u00e9a, L\u00e9ny, Antoine, Tommy, Kayel et Ma\u00ebl, et aux \u00e9l\u00e8ves d&rsquo;HGGSP : Keynila et No\u00e9mie.\u00a0<\/p>\n<p>&nbsp;<\/p>\n<p>&nbsp;<\/p>\n<p>&nbsp;<\/p>\n<p>&nbsp;<\/p>\n<p>&nbsp;<\/p>\n<p>&nbsp;<\/p>\n<p>[\/et_pb_text][\/et_pb_column][\/et_pb_row][\/et_pb_section]<\/p>\n<!-- AddThis Advanced Settings generic via filter on the_content --><!-- AddThis Share Buttons generic via filter on the_content -->","protected":false},"excerpt":{"rendered":"<p>\u00a0Une soir\u00e9e \u00ab\u00a0Banquet et divertissements\u00a0\u00bb pour rendre vivante la culture antique \u00a0 \u00a0 \u00a0 \u00a0Ce samedi, les latinistes et deux \u00e9l\u00e8ves de la sp\u00e9cialit\u00e9 histoire-g\u00e9o et sciences politiques, ont organis\u00e9 une grande soir\u00e9e de l&rsquo;Antiquit\u00e9 au centre Z\u00e9lindor de Sainte-Suzanne. \u00a0 \u00a0 \u00a0 \u00a0 \u00a0 D\u00e8s l&rsquo;entr\u00e9e, le ton est donn\u00e9 : costumes inspir\u00e9s de [&hellip;]<\/p>\n<p><!-- AddThis Advanced Settings generic via filter on get_the_excerpt --><!-- AddThis Share Buttons generic via filter on get_the_excerpt --><\/p>\n","protected":false},"author":12331,"featured_media":20829,"comment_status":"closed","ping_status":"closed","sticky":false,"template":"","format":"standard","meta":{"_et_pb_use_builder":"on","_et_pb_old_content":"","_et_gb_content_width":"","footnotes":"","_links_to":"","_links_to_target":""},"categories":[6,76,39,38,212,10,219,85,148,134,49,150],"tags":[],"class_list":["post-20818","post","type-post","status-publish","format-standard","has-post-thumbnail","hentry","category-a-afficher-sur-la-page-daccueil","category-actions-des-eleves","category-actualites","category-articles-les-plus-lus","category-culture","category-les-disciplines","category-evenements","category-francais","category-histoire-geo-emc-hggpsp","category-lettres","category-projet","category-seconde"],"_links":{"self":[{"href":"https:\/\/etab.ac-reunion.fr\/lyc-bel-air\/wp-json\/wp\/v2\/posts\/20818","targetHints":{"allow":["GET"]}}],"collection":[{"href":"https:\/\/etab.ac-reunion.fr\/lyc-bel-air\/wp-json\/wp\/v2\/posts"}],"about":[{"href":"https:\/\/etab.ac-reunion.fr\/lyc-bel-air\/wp-json\/wp\/v2\/types\/post"}],"author":[{"embeddable":true,"href":"https:\/\/etab.ac-reunion.fr\/lyc-bel-air\/wp-json\/wp\/v2\/users\/12331"}],"replies":[{"embeddable":true,"href":"https:\/\/etab.ac-reunion.fr\/lyc-bel-air\/wp-json\/wp\/v2\/comments?post=20818"}],"version-history":[{"count":7,"href":"https:\/\/etab.ac-reunion.fr\/lyc-bel-air\/wp-json\/wp\/v2\/posts\/20818\/revisions"}],"predecessor-version":[{"id":20902,"href":"https:\/\/etab.ac-reunion.fr\/lyc-bel-air\/wp-json\/wp\/v2\/posts\/20818\/revisions\/20902"}],"wp:featuredmedia":[{"embeddable":true,"href":"https:\/\/etab.ac-reunion.fr\/lyc-bel-air\/wp-json\/wp\/v2\/media\/20829"}],"wp:attachment":[{"href":"https:\/\/etab.ac-reunion.fr\/lyc-bel-air\/wp-json\/wp\/v2\/media?parent=20818"}],"wp:term":[{"taxonomy":"category","embeddable":true,"href":"https:\/\/etab.ac-reunion.fr\/lyc-bel-air\/wp-json\/wp\/v2\/categories?post=20818"},{"taxonomy":"post_tag","embeddable":true,"href":"https:\/\/etab.ac-reunion.fr\/lyc-bel-air\/wp-json\/wp\/v2\/tags?post=20818"}],"curies":[{"name":"wp","href":"https:\/\/api.w.org\/{rel}","templated":true}]}}