{"id":20845,"date":"2026-04-27T04:05:55","date_gmt":"2026-04-27T00:05:55","guid":{"rendered":"https:\/\/etab.ac-reunion.fr\/lyc-bel-air\/?p=20845"},"modified":"2026-04-27T04:36:59","modified_gmt":"2026-04-27T00:36:59","slug":"journee-des-cordees-de-la-reussite-au-lycee-lislet-geoffroy-une-passerelle-vers-lexcellence","status":"publish","type":"post","link":"https:\/\/etab.ac-reunion.fr\/lyc-bel-air\/2026\/04\/27\/journee-des-cordees-de-la-reussite-au-lycee-lislet-geoffroy-une-passerelle-vers-lexcellence\/","title":{"rendered":"Journ\u00e9e des Cord\u00e9es de la R\u00e9ussite au Lyc\u00e9e Lislet Geoffroy : Une passerelle vers l&rsquo;excellence"},"content":{"rendered":"\n<p class=\"has-black-color has-text-color has-link-color wp-elements-5525722e6e2e590fe47f7f853f4edec3\">C\u2019est dans un esprit de convivialit\u00e9 que le Lyc\u00e9e Lislet Geoffroy de Saint-Denis a accueilli la nouvelle \u00e9dition de la Journ\u00e9e des Cord\u00e9es le jeudi 16 avril 2026. R\u00e9unissant des \u00e9l\u00e8ves de la Seconde \u00e0 la Terminale, cet \u00e9v\u00e9nement s\u2019impose comme un rendez-vous  pour construire l&rsquo;avenir de nos lyc\u00e9ens.<\/p>\n\n\n\n<figure class=\"wp-block-image size-large\"><img loading=\"lazy\" decoding=\"async\" width=\"1024\" height=\"769\" src=\"https:\/\/etab.ac-reunion.fr\/lyc-bel-air\/wp-content\/uploads\/sites\/71\/2026\/04\/IMG_20260416_092218-1024x769.jpg\" alt=\"\" class=\"wp-image-20846\" srcset=\"https:\/\/etab.ac-reunion.fr\/lyc-bel-air\/wp-content\/uploads\/sites\/71\/2026\/04\/IMG_20260416_092218-1024x769.jpg 1024w, https:\/\/etab.ac-reunion.fr\/lyc-bel-air\/wp-content\/uploads\/sites\/71\/2026\/04\/IMG_20260416_092218-980x736.jpg 980w, https:\/\/etab.ac-reunion.fr\/lyc-bel-air\/wp-content\/uploads\/sites\/71\/2026\/04\/IMG_20260416_092218-480x360.jpg 480w\" sizes=\"(min-width: 0px) and (max-width: 480px) 480px, (min-width: 481px) and (max-width: 980px) 980px, (min-width: 981px) 1024px, 100vw\" \/><\/figure>\n\n\n\n<p class=\"has-black-color has-text-color has-link-color wp-elements-12d0c644f43f0e0f7a94903cc4a32088\"><br>La journ\u00e9e a \u00e9t\u00e9 rythm\u00e9e par un emploi du temps dense, permettant une immersion  dans les opportunit\u00e9s d&rsquo;\u00e9tudes sup\u00e9rieures offertes par l&rsquo;\u00e9tablissement .<\/p>\n\n\n\n<p class=\"has-black-color has-text-color has-link-color wp-elements-c0125a759a2dbb94f241999ed9d8ead5\">Apr\u00e8s un accueil en salle conf\u00e9rence, les \u00e9l\u00e8ves ont explor\u00e9 les fili\u00e8res CPES, CPGE PTSI et Pr\u00e9pa INP. Ces \u00e9changes, mettant \u00e0 l&rsquo;honneur les succ\u00e8s de nos anciens \u00e9l\u00e8ves, ont permis aux participants d&rsquo;affiner leurs projets et d&rsquo;inspirer les choix des plus jeunes.<\/p>\n\n\n\n<p class=\"has-black-color has-text-color has-link-color wp-elements-417f8adfca2a79613ad1c52968ae9a63\">Apr\u00e8s quelques recherches pour reprendre contact, l\u2019une de nos anciennes \u00e9l\u00e8ves a accept\u00e9 de nous livrer un t\u00e9moignage pr\u00e9cieux sur son parcours.<\/p>\n\n\n\n<p class=\"has-black-color has-text-color has-link-color wp-elements-eff39e845d254d9adf8a604921eb03dd\"><a href=\"https:\/\/etab.ac-reunion.fr\/lyc-bel-air\/2026\/04\/27\/cordees-de-la-reussite-parcours-dexcellence-de-bel-air-a-linternational-le-temoignage-de-cassandre-ancienne-eleve\/\">CORDEES DE LA REUSSITE \u2013 Parcours d\u2019excellence : De Bel-Air \u00e0 l\u2019international, le t\u00e9moignage de Cassandre, ancienne \u00e9l\u00e8ve. | Lyc\u00e9e Bel Air | Architecture m\u00e9tallique<\/a><\/p>\n\n\n\n<figure class=\"wp-block-gallery has-nested-images columns-default is-cropped wp-block-gallery-1 is-layout-flex wp-block-gallery-is-layout-flex\">\n<figure class=\"wp-block-image size-large\"><img loading=\"lazy\" decoding=\"async\" width=\"1024\" height=\"769\" data-id=\"20847\" src=\"https:\/\/etab.ac-reunion.fr\/lyc-bel-air\/wp-content\/uploads\/sites\/71\/2026\/04\/IMG_20260416_093923-1024x769.jpg\" alt=\"\" class=\"wp-image-20847\" srcset=\"https:\/\/etab.ac-reunion.fr\/lyc-bel-air\/wp-content\/uploads\/sites\/71\/2026\/04\/IMG_20260416_093923-1024x769.jpg 1024w, https:\/\/etab.ac-reunion.fr\/lyc-bel-air\/wp-content\/uploads\/sites\/71\/2026\/04\/IMG_20260416_093923-980x736.jpg 980w, https:\/\/etab.ac-reunion.fr\/lyc-bel-air\/wp-content\/uploads\/sites\/71\/2026\/04\/IMG_20260416_093923-480x360.jpg 480w\" sizes=\"(min-width: 0px) and (max-width: 480px) 480px, (min-width: 481px) and (max-width: 980px) 980px, (min-width: 981px) 1024px, 100vw\" \/><\/figure>\n\n\n\n<figure class=\"wp-block-image size-large\"><img loading=\"lazy\" decoding=\"async\" width=\"1024\" height=\"769\" data-id=\"20848\" src=\"https:\/\/etab.ac-reunion.fr\/lyc-bel-air\/wp-content\/uploads\/sites\/71\/2026\/04\/IMG_20260416_101714-1024x769.jpg\" alt=\"\" class=\"wp-image-20848\" srcset=\"https:\/\/etab.ac-reunion.fr\/lyc-bel-air\/wp-content\/uploads\/sites\/71\/2026\/04\/IMG_20260416_101714-1024x769.jpg 1024w, https:\/\/etab.ac-reunion.fr\/lyc-bel-air\/wp-content\/uploads\/sites\/71\/2026\/04\/IMG_20260416_101714-980x736.jpg 980w, https:\/\/etab.ac-reunion.fr\/lyc-bel-air\/wp-content\/uploads\/sites\/71\/2026\/04\/IMG_20260416_101714-480x360.jpg 480w\" sizes=\"(min-width: 0px) and (max-width: 480px) 480px, (min-width: 481px) and (max-width: 980px) 980px, (min-width: 981px) 1024px, 100vw\" \/><\/figure>\n<\/figure>\n\n\n\n<figure class=\"wp-block-gallery has-nested-images columns-default is-cropped wp-block-gallery-2 is-layout-flex wp-block-gallery-is-layout-flex\">\n<figure class=\"wp-block-image size-large\"><img loading=\"lazy\" decoding=\"async\" width=\"1024\" height=\"621\" data-id=\"20855\" src=\"https:\/\/etab.ac-reunion.fr\/lyc-bel-air\/wp-content\/uploads\/sites\/71\/2026\/04\/IMG_20260416_101602-1024x621.jpg\" alt=\"\" class=\"wp-image-20855\" srcset=\"https:\/\/etab.ac-reunion.fr\/lyc-bel-air\/wp-content\/uploads\/sites\/71\/2026\/04\/IMG_20260416_101602-980x594.jpg 980w, https:\/\/etab.ac-reunion.fr\/lyc-bel-air\/wp-content\/uploads\/sites\/71\/2026\/04\/IMG_20260416_101602-480x291.jpg 480w\" sizes=\"(min-width: 0px) and (max-width: 480px) 480px, (min-width: 481px) and (max-width: 980px) 980px, (min-width: 981px) 1024px, 100vw\" \/><\/figure>\n\n\n\n<figure class=\"wp-block-image size-large\"><img loading=\"lazy\" decoding=\"async\" width=\"1024\" height=\"769\" data-id=\"20854\" src=\"https:\/\/etab.ac-reunion.fr\/lyc-bel-air\/wp-content\/uploads\/sites\/71\/2026\/04\/IMG_20260416_103814-1-1024x769.jpg\" alt=\"\" class=\"wp-image-20854\" srcset=\"https:\/\/etab.ac-reunion.fr\/lyc-bel-air\/wp-content\/uploads\/sites\/71\/2026\/04\/IMG_20260416_103814-1-1024x769.jpg 1024w, https:\/\/etab.ac-reunion.fr\/lyc-bel-air\/wp-content\/uploads\/sites\/71\/2026\/04\/IMG_20260416_103814-1-980x736.jpg 980w, https:\/\/etab.ac-reunion.fr\/lyc-bel-air\/wp-content\/uploads\/sites\/71\/2026\/04\/IMG_20260416_103814-1-480x360.jpg 480w\" sizes=\"(min-width: 0px) and (max-width: 480px) 480px, (min-width: 481px) and (max-width: 980px) 980px, (min-width: 981px) 1024px, 100vw\" \/><\/figure>\n<\/figure>\n\n\n\n<p class=\"has-black-color has-text-color has-link-color wp-elements-8d24fd66d31cda25b049a159433e6cb9\"> <\/p>\n\n\n\n<p class=\"has-black-color has-text-color has-link-color wp-elements-c3ec91b422be5d5d673c9591aec18959\">La fin de matin\u00e9e a \u00e9t\u00e9 consacr\u00e9e \u00e0 une visite du lyc\u00e9e, suivie d&rsquo;un d\u00e9jeuner partag\u00e9.<\/p>\n\n\n\n<figure class=\"wp-block-image size-full\"><img loading=\"lazy\" decoding=\"async\" width=\"865\" height=\"832\" src=\"https:\/\/etab.ac-reunion.fr\/lyc-bel-air\/wp-content\/uploads\/sites\/71\/2026\/04\/IMG_20260416_093325-1.jpg\" alt=\"\" class=\"wp-image-20856\" srcset=\"https:\/\/etab.ac-reunion.fr\/lyc-bel-air\/wp-content\/uploads\/sites\/71\/2026\/04\/IMG_20260416_093325-1.jpg 865w, https:\/\/etab.ac-reunion.fr\/lyc-bel-air\/wp-content\/uploads\/sites\/71\/2026\/04\/IMG_20260416_093325-1-480x462.jpg 480w\" sizes=\"(min-width: 0px) and (max-width: 480px) 480px, (min-width: 481px) 865px, 100vw\" \/><\/figure>\n\n\n\n<p class=\"has-black-color has-text-color has-link-color wp-elements-bf8d38c0f8e4ce22a9d964f2e48fd83a\"> L&rsquo;apr\u00e8s-midi a d\u00e9but\u00e9 par une session de tutorat , suivie d&rsquo;un moment culturel  avec un spectacle de th\u00e9\u00e2tre en salle conf\u00e9rence.<\/p>\n\n\n\n<p class=\"has-black-color has-text-color has-link-color wp-elements-30f2e87a1b354e0119c7f7913cf216b7\">Gr\u00e2ce \u00e0 la pr\u00e9sence de professeurs passionn\u00e9s et d&rsquo;\u00e9tudiants venus partager leur r\u00e9alit\u00e9 quotidienne, les \u00e9changes ont \u00e9t\u00e9 directs et concrets.<\/p>\n\n\n\n<figure class=\"wp-block-gallery has-nested-images columns-default is-cropped wp-block-gallery-3 is-layout-flex wp-block-gallery-is-layout-flex\">\n<figure class=\"wp-block-image size-large\"><img loading=\"lazy\" decoding=\"async\" width=\"270\" height=\"202\" data-id=\"20849\" src=\"https:\/\/etab.ac-reunion.fr\/lyc-bel-air\/wp-content\/uploads\/sites\/71\/2026\/04\/IMG_20260416_103521.jpg\" alt=\"\" class=\"wp-image-20849\" \/><\/figure>\n\n\n\n<figure class=\"wp-block-image size-large\"><img loading=\"lazy\" decoding=\"async\" width=\"1024\" height=\"769\" data-id=\"20850\" src=\"https:\/\/etab.ac-reunion.fr\/lyc-bel-air\/wp-content\/uploads\/sites\/71\/2026\/04\/IMG_20260416_131351-1024x769.jpg\" alt=\"\" class=\"wp-image-20850\" srcset=\"https:\/\/etab.ac-reunion.fr\/lyc-bel-air\/wp-content\/uploads\/sites\/71\/2026\/04\/IMG_20260416_131351-1024x769.jpg 1024w, https:\/\/etab.ac-reunion.fr\/lyc-bel-air\/wp-content\/uploads\/sites\/71\/2026\/04\/IMG_20260416_131351-980x736.jpg 980w, https:\/\/etab.ac-reunion.fr\/lyc-bel-air\/wp-content\/uploads\/sites\/71\/2026\/04\/IMG_20260416_131351-480x360.jpg 480w\" sizes=\"(min-width: 0px) and (max-width: 480px) 480px, (min-width: 481px) and (max-width: 980px) 980px, (min-width: 981px) 1024px, 100vw\" \/><\/figure>\n<\/figure>\n\n\n\n<p class=\"has-black-color has-text-color has-link-color wp-elements-9f7859eea4194b103764c96f4852470f\"><br>Pour cl\u00f4turer cette journ\u00e9e intense, les participants se sont affront\u00e9s lors d&rsquo;un Kahoot g\u00e9ant. Ce quiz interactif, centr\u00e9 sur la connaissance du lyc\u00e9e et de ses multiples fili\u00e8res, a permis de tester les acquis dans une ambiance \u00e9lectrique. L&rsquo;un de nos \u00e9l\u00e8ves s&rsquo;est hiss\u00e9 \u00e0 la premi\u00e8re place du podium ! Gr\u00e2ce \u00e0 sa rapidit\u00e9 et sa pr\u00e9cision, il a remport\u00e9 le premier prix, marquant ainsi la fin d&rsquo;une journ\u00e9e riche en d\u00e9couvertes et en \u00e9motions.<\/p>\n\n\n\n<figure class=\"wp-block-gallery has-nested-images columns-default is-cropped wp-block-gallery-4 is-layout-flex wp-block-gallery-is-layout-flex\">\n<figure class=\"wp-block-image size-large\"><img loading=\"lazy\" decoding=\"async\" width=\"1012\" height=\"832\" data-id=\"20851\" src=\"https:\/\/etab.ac-reunion.fr\/lyc-bel-air\/wp-content\/uploads\/sites\/71\/2026\/04\/IMG_20260416_144049.jpg\" alt=\"\" class=\"wp-image-20851\" srcset=\"https:\/\/etab.ac-reunion.fr\/lyc-bel-air\/wp-content\/uploads\/sites\/71\/2026\/04\/IMG_20260416_144049.jpg 1012w, https:\/\/etab.ac-reunion.fr\/lyc-bel-air\/wp-content\/uploads\/sites\/71\/2026\/04\/IMG_20260416_144049-980x806.jpg 980w, https:\/\/etab.ac-reunion.fr\/lyc-bel-air\/wp-content\/uploads\/sites\/71\/2026\/04\/IMG_20260416_144049-480x395.jpg 480w\" sizes=\"(min-width: 0px) and (max-width: 480px) 480px, (min-width: 481px) and (max-width: 980px) 980px, (min-width: 981px) 1012px, 100vw\" \/><\/figure>\n<\/figure>\n<!-- AddThis Advanced Settings generic via filter on the_content --><!-- AddThis Share Buttons generic via filter on the_content -->","protected":false},"excerpt":{"rendered":"<p>C\u2019est dans un esprit de convivialit\u00e9 que le Lyc\u00e9e Lislet Geoffroy de Saint-Denis a accueilli la nouvelle \u00e9dition de la Journ\u00e9e des Cord\u00e9es le jeudi 16 avril 2026. R\u00e9unissant des \u00e9l\u00e8ves de la Seconde \u00e0 la Terminale, cet \u00e9v\u00e9nement s\u2019impose comme un rendez-vous pour construire l&rsquo;avenir de nos lyc\u00e9ens. La journ\u00e9e a \u00e9t\u00e9 rythm\u00e9e par [&hellip;]<!-- AddThis Advanced Settings generic via filter on get_the_excerpt --><!-- AddThis Share Buttons generic via filter on get_the_excerpt --><\/p>\n","protected":false},"author":20269,"featured_media":20852,"comment_status":"closed","ping_status":"closed","sticky":false,"template":"","format":"standard","meta":{"_et_pb_use_builder":"off","_et_pb_old_content":"","_et_gb_content_width":"","footnotes":"","_links_to":"","_links_to_target":""},"categories":[6,39,92,40,130,194,191,4,174,158,149,189],"tags":[],"class_list":["post-20845","post","type-post","status-publish","format-standard","has-post-thumbnail","hentry","category-a-afficher-sur-la-page-daccueil","category-actualites","category-administration","category-ancien-site","category-cordees-de-la-reussite","category-letablissement","category-la-vie-au-lycee","category-presentation-du-lycee","category-les-associations","category-les-parents","category-orientation","category-site-web-2022"],"_links":{"self":[{"href":"https:\/\/etab.ac-reunion.fr\/lyc-bel-air\/wp-json\/wp\/v2\/posts\/20845","targetHints":{"allow":["GET"]}}],"collection":[{"href":"https:\/\/etab.ac-reunion.fr\/lyc-bel-air\/wp-json\/wp\/v2\/posts"}],"about":[{"href":"https:\/\/etab.ac-reunion.fr\/lyc-bel-air\/wp-json\/wp\/v2\/types\/post"}],"author":[{"embeddable":true,"href":"https:\/\/etab.ac-reunion.fr\/lyc-bel-air\/wp-json\/wp\/v2\/users\/20269"}],"replies":[{"embeddable":true,"href":"https:\/\/etab.ac-reunion.fr\/lyc-bel-air\/wp-json\/wp\/v2\/comments?post=20845"}],"version-history":[{"count":2,"href":"https:\/\/etab.ac-reunion.fr\/lyc-bel-air\/wp-json\/wp\/v2\/posts\/20845\/revisions"}],"predecessor-version":[{"id":20865,"href":"https:\/\/etab.ac-reunion.fr\/lyc-bel-air\/wp-json\/wp\/v2\/posts\/20845\/revisions\/20865"}],"wp:featuredmedia":[{"embeddable":true,"href":"https:\/\/etab.ac-reunion.fr\/lyc-bel-air\/wp-json\/wp\/v2\/media\/20852"}],"wp:attachment":[{"href":"https:\/\/etab.ac-reunion.fr\/lyc-bel-air\/wp-json\/wp\/v2\/media?parent=20845"}],"wp:term":[{"taxonomy":"category","embeddable":true,"href":"https:\/\/etab.ac-reunion.fr\/lyc-bel-air\/wp-json\/wp\/v2\/categories?post=20845"},{"taxonomy":"post_tag","embeddable":true,"href":"https:\/\/etab.ac-reunion.fr\/lyc-bel-air\/wp-json\/wp\/v2\/tags?post=20845"}],"curies":[{"name":"wp","href":"https:\/\/api.w.org\/{rel}","templated":true}]}}