{"id":20858,"date":"2026-04-27T04:30:01","date_gmt":"2026-04-27T00:30:01","guid":{"rendered":"https:\/\/etab.ac-reunion.fr\/lyc-bel-air\/?p=20858"},"modified":"2026-04-27T06:04:17","modified_gmt":"2026-04-27T02:04:17","slug":"cordees-de-la-reussite-parcours-dexcellence-de-bel-air-a-linternational-le-temoignage-de-cassandre-ancienne-eleve","status":"publish","type":"post","link":"https:\/\/etab.ac-reunion.fr\/lyc-bel-air\/2026\/04\/27\/cordees-de-la-reussite-parcours-dexcellence-de-bel-air-a-linternational-le-temoignage-de-cassandre-ancienne-eleve\/","title":{"rendered":"CORDEES DE LA REUSSITE &#8211; Parcours d&rsquo;excellence : De Bel-Air \u00e0 l&rsquo;international, le t\u00e9moignage de Cassandre, ancienne \u00e9l\u00e8ve."},"content":{"rendered":"\n<p class=\"has-black-color has-text-color has-link-color wp-elements-fb6ad76283e060b7f76d9f1574fe09db\">Dans le cadre des Cord\u00e9es de la R\u00e9ussite et de la promotion du parcours CPES (cycle pluridisciplinaire d\u2019\u00e9tudes sup\u00e9rieures), nous avons eu le plaisir de recueillir le t\u00e9moignage de Cassandre, ancienne \u00e9l\u00e8ve de notre \u00e9tablissement. Son parcours inspirant l&#8217;emm\u00e8ne aujourd&rsquo;hui vers de nouveaux horizons.<\/p>\n\n\n\n<p class=\"has-black-color has-text-color has-link-color wp-elements-1341d68eb9062c1da1a2a2bedc78d5ba\">Actuellement en plein cursus Master Finance Appliqu\u00e9e \u00e0 l\u2019Universit\u00e9 du Qu\u00e9bec \u00e0 Montr\u00e9al , Cassandre a gentiment accept\u00e9 de r\u00e9pondre \u00e0 nos questions par voie \u00e9lectronique. Elle partage avec nous son regard sur son parcours depuis son d\u00e9part du Lyc\u00e9e Bel-Air.<\/p>\n\n\n\n<figure class=\"wp-block-image size-large\"><img loading=\"lazy\" decoding=\"async\" width=\"1024\" height=\"727\" src=\"https:\/\/etab.ac-reunion.fr\/lyc-bel-air\/wp-content\/uploads\/sites\/71\/2026\/04\/673886642_2141846679986046_1675650152225349013_n-1024x727.jpg\" alt=\"\" class=\"wp-image-20859\" srcset=\"https:\/\/etab.ac-reunion.fr\/lyc-bel-air\/wp-content\/uploads\/sites\/71\/2026\/04\/673886642_2141846679986046_1675650152225349013_n-980x696.jpg 980w, https:\/\/etab.ac-reunion.fr\/lyc-bel-air\/wp-content\/uploads\/sites\/71\/2026\/04\/673886642_2141846679986046_1675650152225349013_n-480x341.jpg 480w\" sizes=\"(min-width: 0px) and (max-width: 480px) 480px, (min-width: 481px) and (max-width: 980px) 980px, (min-width: 981px) 1024px, 100vw\" \/><figcaption class=\"wp-element-caption\"><em><strong>Remise des dipl\u00f4mes du Cycle Pluridisciplinaire d\u2019Etudes Sup\u00e9rieures du Parcours \u00e9conomie. M. Guillaume HOARAU, coordonnateur du CPES au lyc\u00e9e Lislet Geoffroy <\/strong><\/em><\/figcaption><\/figure>\n\n\n\n<p><strong>Question: Qui es tu?<\/strong><\/p>\n\n\n\n<p><strong>Cassandre: <\/strong>\u00ab\u00a0Je m\u2019appelle Cassandre HURHUNGEE et j\u2019ai 21 ans. Au lyc\u00e9e Bel Air, j\u2019ai choisi les sp\u00e9cialit\u00e9s Math\u00e9matiques, Sciences \u00c9conomiques et Sociales et HGGSP parce que je voulais d\u00e9velopper ma culture g\u00e9n\u00e9rale, ce qui peut servir dans tous les domaines. Quant aux SES, elles m\u2019intriguaient beaucoup, notamment parce que nous n\u2019avions pas cette mati\u00e8re au coll\u00e8ge.\u00a0\u00bb<\/p>\n\n\n\n<p><\/p>\n\n\n\n<p><strong>Question : Que t\u2019apporte ton parcours actuel en CPES ( cycle pluridisciplinaire d\u2019\u00e9tudes sup\u00e9rieures<\/strong>) <strong>(et au-del\u00e0) sur le plan personnel ?<\/strong><\/p>\n\n\n\n<p><strong>Cassandre :<\/strong> \u00ab Apr\u00e8s le lyc\u00e9e, j\u2019ai choisi d\u2019int\u00e9grer le Cycle Pluridisciplinaire d\u2019\u00c9tudes Sup\u00e9rieures (CPES), en parcours \u00e9conomie au lyc\u00e9e Lislet Geoffroy, dont j\u2019ai fait partie de la premi\u00e8re promotion. Cette formation, qui est un m\u00e9lange entre la pr\u00e9pa et l\u2019universit\u00e9, m\u2019a attir\u00e9e parce que je voulais un cadre exigeant tout en gardant une formation g\u00e9n\u00e9raliste. Apr\u00e8s l\u2019obtention de mon dipl\u00f4me en 2025, j\u2019ai int\u00e9gr\u00e9 un master en finance appliqu\u00e9e \u00e0 Montr\u00e9al, o\u00f9 j\u2019\u00e9tudie actuellement, car j\u2019ai toujours eu envie de faire une carri\u00e8re \u00e0 l\u2019international. \u00bb<\/p>\n\n\n\n<figure class=\"wp-block-image size-large\"><img loading=\"lazy\" decoding=\"async\" width=\"768\" height=\"1024\" src=\"https:\/\/etab.ac-reunion.fr\/lyc-bel-air\/wp-content\/uploads\/sites\/71\/2026\/04\/671936963_1359557266207636_5707315333355889511_n-768x1024.jpg\" alt=\"\" class=\"wp-image-20860\" \/><figcaption class=\"wp-element-caption\"><em><strong>Visite des locaux de EY (Ernst &amp; Young) \u00e0 Montr\u00e9al dans le cadre d\u2019un \u00e9v\u00e9nement universitaire de l\u2019Universit\u00e9 du Qu\u00e9bec \u00e0 Montr\u00e9al, lors de mon master en finance. (2026)<\/strong><\/em><\/figcaption><\/figure>\n\n\n\n<p><strong>Question : Quelles sont tes prochaines \u00e9tapes et tes projets pour la suite ?<\/strong><\/p>\n\n\n\n<p><strong>Cassandre<\/strong> : \u00ab L\u2019ann\u00e9e prochaine, je vais partir en \u00e9change \u00e0 Stetson University, en Floride, pour terminer mon master, avant de revenir au Canada afin d\u2019y effectuer un stage. \u00bb<\/p>\n\n\n\n<p><strong>Question : Si tu pouvais t&rsquo;adresser \u00e0 la lyc\u00e9enne que tu \u00e9tais \u00e0 Bel-Air, quel message lui passerais-tu ?<\/strong><\/p>\n\n\n\n<p><strong>Cassandre :<\/strong> \u00ab Si j\u2019avais un conseil \u00e0 donner \u00e0 la lyc\u00e9enne que j\u2019\u00e9tais, ce serait de ne pas avoir peur d\u2019avoir de l\u2019ambition, de faire ce qu\u2019on aime et de ne jamais se limiter. Un parcours acad\u00e9mique ou professionnel n\u2019est pas toujours lin\u00e9aire, et c\u2019est normal.  \u00bb<\/p>\n\n\n\n<p><strong>Question : Quel serait ton dernier mot pour encourager les \u00e9l\u00e8ves de Sainte-Suzanne ?<\/strong><\/p>\n\n\n\n<p><strong>Cassandre:<\/strong> \u00ab L\u2019essentiel est de vivre de nouvelles exp\u00e9riences, de saisir les opportunit\u00e9s, m\u00eame au-del\u00e0 de l\u2019\u00eele, et de faire rayonner notre \u00eele \u00e0 l\u2019international. \u00bb<\/p>\n\n\n\n<figure class=\"wp-block-image size-large\"><img loading=\"lazy\" decoding=\"async\" width=\"768\" height=\"1024\" src=\"https:\/\/etab.ac-reunion.fr\/lyc-bel-air\/wp-content\/uploads\/sites\/71\/2026\/04\/668228311_1715310243164177_4612587994273291907_n-1-768x1024.jpg\" alt=\"\" class=\"wp-image-20862\" \/><figcaption class=\"wp-element-caption\"><em><strong>Semestre d\u2019\u00e9change universitaire \u00e0 l\u2019Universit\u00e9 de Sherbrooke, Qu\u00e9bec lors de ma deuxi\u00e8me ann\u00e9e au CPES (2024)<\/strong><\/em><\/figcaption><\/figure>\n\n\n\n<p class=\"has-black-color has-text-color has-link-color wp-elements-cbe5abfe8096dcd6dcedcb2b46215473\">Nous remercions chaleureusement Cassandre pour ce t\u00e9moignage inspirant et le temps qu\u2019elle nous a accord\u00e9 malgr\u00e9 la distance. Son parcours illustre parfaitement l&rsquo;ambition et la r\u00e9ussite que nous souhaitons encourager au sein du Lyc\u00e9e Bel-Air. Nous lui souhaitons une pleine r\u00e9ussite pour sa future \u00e9tape en Floride et pour la suite de ses projets au Canada.<\/p>\n\n\n\n<p class=\"has-black-color has-text-color has-link-color wp-elements-113c40c8a5ddb11f8e7cb863cb149bd6\">Les r\u00e9f\u00e9rents des Cord\u00e9es de la R\u00e9ussite sont fiers de voir les anciens \u00e9l\u00e8ves s\u2019\u00e9panouir ainsi \u00e0 l&rsquo;\u00e9chelle internationale.<\/p>\n<!-- AddThis Advanced Settings generic via filter on the_content --><!-- AddThis Share Buttons generic via filter on the_content -->","protected":false},"excerpt":{"rendered":"<p>Dans le cadre des Cord\u00e9es de la R\u00e9ussite et de la promotion du parcours CPES (cycle pluridisciplinaire d\u2019\u00e9tudes sup\u00e9rieures), nous avons eu le plaisir de recueillir le t\u00e9moignage de Cassandre, ancienne \u00e9l\u00e8ve de notre \u00e9tablissement. Son parcours inspirant l&#8217;emm\u00e8ne aujourd&rsquo;hui vers de nouveaux horizons. Actuellement en plein cursus Master Finance Appliqu\u00e9e \u00e0 l\u2019Universit\u00e9 du Qu\u00e9bec [&hellip;]<!-- AddThis Advanced Settings generic via filter on get_the_excerpt --><!-- AddThis Share Buttons generic via filter on get_the_excerpt --><\/p>\n","protected":false},"author":20269,"featured_media":20859,"comment_status":"closed","ping_status":"closed","sticky":false,"template":"","format":"standard","meta":{"_et_pb_use_builder":"off","_et_pb_old_content":"","_et_gb_content_width":"","footnotes":"","_links_to":"","_links_to_target":""},"categories":[6,39,92,40,26,130,12,220,4,196,158,149,189],"tags":[],"class_list":["post-20858","post","type-post","status-publish","format-standard","has-post-thumbnail","hentry","category-a-afficher-sur-la-page-daccueil","category-actualites","category-administration","category-ancien-site","category-cdi","category-cordees-de-la-reussite","category-espaces-prives","category-evenement","category-presentation-du-lycee","category-les-espaces","category-les-parents","category-orientation","category-site-web-2022"],"_links":{"self":[{"href":"https:\/\/etab.ac-reunion.fr\/lyc-bel-air\/wp-json\/wp\/v2\/posts\/20858","targetHints":{"allow":["GET"]}}],"collection":[{"href":"https:\/\/etab.ac-reunion.fr\/lyc-bel-air\/wp-json\/wp\/v2\/posts"}],"about":[{"href":"https:\/\/etab.ac-reunion.fr\/lyc-bel-air\/wp-json\/wp\/v2\/types\/post"}],"author":[{"embeddable":true,"href":"https:\/\/etab.ac-reunion.fr\/lyc-bel-air\/wp-json\/wp\/v2\/users\/20269"}],"replies":[{"embeddable":true,"href":"https:\/\/etab.ac-reunion.fr\/lyc-bel-air\/wp-json\/wp\/v2\/comments?post=20858"}],"version-history":[{"count":5,"href":"https:\/\/etab.ac-reunion.fr\/lyc-bel-air\/wp-json\/wp\/v2\/posts\/20858\/revisions"}],"predecessor-version":[{"id":20900,"href":"https:\/\/etab.ac-reunion.fr\/lyc-bel-air\/wp-json\/wp\/v2\/posts\/20858\/revisions\/20900"}],"wp:featuredmedia":[{"embeddable":true,"href":"https:\/\/etab.ac-reunion.fr\/lyc-bel-air\/wp-json\/wp\/v2\/media\/20859"}],"wp:attachment":[{"href":"https:\/\/etab.ac-reunion.fr\/lyc-bel-air\/wp-json\/wp\/v2\/media?parent=20858"}],"wp:term":[{"taxonomy":"category","embeddable":true,"href":"https:\/\/etab.ac-reunion.fr\/lyc-bel-air\/wp-json\/wp\/v2\/categories?post=20858"},{"taxonomy":"post_tag","embeddable":true,"href":"https:\/\/etab.ac-reunion.fr\/lyc-bel-air\/wp-json\/wp\/v2\/tags?post=20858"}],"curies":[{"name":"wp","href":"https:\/\/api.w.org\/{rel}","templated":true}]}}